{"id":10199,"date":"2021-10-21T03:54:33","date_gmt":"2021-10-21T03:54:33","guid":{"rendered":"http:\/\/www.impactohuasteco.com\/?p=10199"},"modified":"2021-10-21T03:54:33","modified_gmt":"2021-10-21T03:54:33","slug":"reforma-congreso-la-ley-del-cafe-veracruzano","status":"publish","type":"post","link":"http:\/\/www.impactohuasteco.com\/?p=10199","title":{"rendered":"REFORMA CONGRESO LA LEY DEL CAF\u00c9 VERACRUZANO"},"content":{"rendered":"<p><strong>Aprueban el dictamen, resultado de trabajos encabezados por la diputada Nora Lagunes con la Comisi\u00f3n Especial del Caf\u00e9, que convoc\u00f3 a productores, empresarios, acad\u00e9micos, autoridades estatales y municipales, asociaciones civiles sociales, investigadores y promotores.<\/strong><\/p>\n<p><strong>Cleofas Hern\u00e1ndez.<\/strong><\/p>\n<p><strong>Xalapa, Ver., 19 de octubre de 2021. <\/strong>Con 42 votos a favor, el Congreso del Estado de Veracruz aprob\u00f3 la reforma a los art\u00edculos del 1 al 54 y la adici\u00f3n del art\u00edculo 55 todos de la Ley para el Fomento, Desarrollo Sustentable, Producci\u00f3n, Distribuci\u00f3n y Comercializaci\u00f3n del Caf\u00e9 Veracruzano, con lo que se establecen las condiciones para fortalecer en todos los aspectos la cafeticultura veracruzana, sobre todo, en los sectores que lo requieren con mayor urgencia.<\/p>\n<p>En el Dictamen con Proyecto de Decreto, las Comisiones Permanentes Unidas de Desarrollo Agropecuario, Rural y Forestal y de Hacienda del Estado coincidieron con la interpretaci\u00f3n de lo mandatado por las leyes presupuestales vigentes y las obligaciones presupuestales que establecen las leyes de Austeridad, as\u00ed como por la situaci\u00f3n econ\u00f3mica extraordinaria derivada de la pandemia ocasionada por el Virus SARS-Cov2, por lo que consideraron pertinente realizar diversas adecuaciones a la iniciativa en estudio.<\/p>\n<p><img loading=\"lazy\" class=\"alignleft  wp-image-10201\" src=\"http:\/\/www.impactohuasteco.com\/wp-content\/uploads\/2021\/10\/thumbnail_Foto-2-14-300x200.jpg\" alt=\"\" width=\"560\" height=\"373\" srcset=\"http:\/\/www.impactohuasteco.com\/wp-content\/uploads\/2021\/10\/thumbnail_Foto-2-14-300x200.jpg 300w, http:\/\/www.impactohuasteco.com\/wp-content\/uploads\/2021\/10\/thumbnail_Foto-2-14-768x512.jpg 768w, http:\/\/www.impactohuasteco.com\/wp-content\/uploads\/2021\/10\/thumbnail_Foto-2-14-400x267.jpg 400w, http:\/\/www.impactohuasteco.com\/wp-content\/uploads\/2021\/10\/thumbnail_Foto-2-14-900x600.jpg 900w, http:\/\/www.impactohuasteco.com\/wp-content\/uploads\/2021\/10\/thumbnail_Foto-2-14.jpg 1024w\" sizes=\"(max-width: 560px) 100vw, 560px\" \/><\/p>\n<p>Con esta reforma, se implementa un nuevo actuar del servicio p\u00fablico y se propone un Consejo Consultivo tripartito que involucrar\u00e1 a los tres sectores de la econom\u00eda: p\u00fablico, privado y social, a partir del cual se reformular\u00e1 el actuar del Instituto del Caf\u00e9 Veracruzano.<\/p>\n<p>Adem\u00e1s, se establece un t\u00edtulo espec\u00edfico para regular acciones para el fortalecimiento a la cadena agroalimentaria del caf\u00e9; por primera vez en la materia, se tocan temas espec\u00edficos y relativos al proceso de producci\u00f3n, transformaci\u00f3n, comercializaci\u00f3n y promoci\u00f3n del caf\u00e9 veracruzano.<\/p>\n<p>As\u00ed tambi\u00e9n, se incorpora un cap\u00edtulo especial para el fomento a la producci\u00f3n de peque\u00f1a escala, donde se busca ayudar al productor mediante diversas pol\u00edticas p\u00fablicas con el fin de garantizar la competitividad para todos los sectores.<\/p>\n<p>Se contempla la creaci\u00f3n de un Precio de Referencia del caf\u00e9 en el Estado, como un mecanismo de justicia social y distributiva, con la finalidad que el productor pueda sufragar los costos de producci\u00f3n y un margen de ganancia justa.<\/p>\n<p>En el mismo prop\u00f3sito, se incluyen las acciones en favor de la biodiversidad y el desarrollo sostenible en la producci\u00f3n del caf\u00e9, por lo que se incorpora un t\u00edtulo espec\u00edfico del medio ambiente, sustentabilidad y responsabilidad social.<\/p>\n<p>Finalmente, con el compromiso de impulsar acciones afirmativas en favor de la visibilizaci\u00f3n del trabajo femenino y familiar, se agrega un cap\u00edtulo sobre la responsabilidad social, tomando en cuenta criterios de reconocimiento, dignidad y justicia social.<\/p>\n<p>Posicionamientos<a href=\"http:\/\/www.impactohuasteco.com\/wp-content\/uploads\/2021\/10\/thumbnail_Foto-3-10.jpg\"><img loading=\"lazy\" class=\"alignleft  wp-image-10202\" src=\"http:\/\/www.impactohuasteco.com\/wp-content\/uploads\/2021\/10\/thumbnail_Foto-3-10-200x300.jpg\" alt=\"\" width=\"522\" height=\"783\" srcset=\"http:\/\/www.impactohuasteco.com\/wp-content\/uploads\/2021\/10\/thumbnail_Foto-3-10-200x300.jpg 200w, http:\/\/www.impactohuasteco.com\/wp-content\/uploads\/2021\/10\/thumbnail_Foto-3-10-400x600.jpg 400w, http:\/\/www.impactohuasteco.com\/wp-content\/uploads\/2021\/10\/thumbnail_Foto-3-10.jpg 683w\" sizes=\"(max-width: 522px) 100vw, 522px\" \/><\/a><\/p>\n<p>La presidenta de la Comisi\u00f3n Especial para la Atenci\u00f3n y Seguimiento del Cultivo, Transformaci\u00f3n, Procesamiento y Comercializaci\u00f3n del Caf\u00e9 Veracruzano, diputada Nora Jessica Lagunes J\u00e1uregui, reconoci\u00f3 el trabajo de sus compa\u00f1eros legisladores, productores, empresarios, acad\u00e9micos, autoridades estatales y municipales, asociaciones civiles y sociales, investigadores y promotores del consumo del arom\u00e1tico que participaron en los foros y consultas realizados durante esta Legislatura, desde el 2018 a la fecha.<\/p>\n<p>Explic\u00f3 que en esta reforma a la ley se establecen las condiciones para fortalecer la cafeticultura veracruzana, en todos los aspectos, sobre todo en los sectores que lo requieren con mayor urgencia. \u201cCon esta reforma vamos a poder fomentar y promover el desarrollo del sector cafetalero en el estado de Veracruz, de conformidad con lo previsto en la Ley de Planeaci\u00f3n del Estado, bajo un criterio de sustentabilidad, eficiencia y de inclusi\u00f3n\u201d, manifest\u00f3.<\/p>\n<p>Tambi\u00e9n desde la tribuna, el secretario de la misma comisi\u00f3n especial, diputado Raymundo Andrade Rivera, expres\u00f3 su benepl\u00e1cito por la aprobaci\u00f3n de esta reforma que, dijo, est\u00e1 pensada para beneficiar a los productores de caf\u00e9 del estado y que cont\u00f3 con la participaci\u00f3n de distintos sectores pol\u00edticos e instituciones que apoyaron la labor legislativa que redundar\u00e1 en bien de la econom\u00eda familiar y estatal.<\/p>\n<p>&nbsp;<\/p>\n","protected":false},"excerpt":{"rendered":"<p>Aprueban el dictamen, resultado de trabajos encabezados por la diputada Nora Lagunes con la Comisi\u00f3n Especial del Caf\u00e9, que convoc\u00f3 a productores, empresarios, acad\u00e9micos, autoridades estatales y municipales, asociaciones civiles sociales, investigadores y promotores. Cleofas Hern\u00e1ndez. Xalapa, Ver., 19 de octubre de 2021. Con 42 votos a favor, el Congreso del Estado de Veracruz aprob\u00f3 la reforma a los art\u00edculos del 1 al 54 y la adici\u00f3n del art\u00edculo 55 todos de la Ley para el Fomento, Desarrollo Sustentable, Producci\u00f3n, Distribuci\u00f3n y Comercializaci\u00f3n del Caf\u00e9 Veracruzano, con lo que se establecen las condiciones para fortalecer en todos los aspectos la [&hellip;]<\/p>\n","protected":false},"author":1,"featured_media":10200,"comment_status":"open","ping_status":"open","sticky":false,"template":"","format":"standard","meta":[],"categories":[11],"tags":[],"_links":{"self":[{"href":"http:\/\/www.impactohuasteco.com\/index.php?rest_route=\/wp\/v2\/posts\/10199"}],"collection":[{"href":"http:\/\/www.impactohuasteco.com\/index.php?rest_route=\/wp\/v2\/posts"}],"about":[{"href":"http:\/\/www.impactohuasteco.com\/index.php?rest_route=\/wp\/v2\/types\/post"}],"author":[{"embeddable":true,"href":"http:\/\/www.impactohuasteco.com\/index.php?rest_route=\/wp\/v2\/users\/1"}],"replies":[{"embeddable":true,"href":"http:\/\/www.impactohuasteco.com\/index.php?rest_route=%2Fwp%2Fv2%2Fcomments&post=10199"}],"version-history":[{"count":1,"href":"http:\/\/www.impactohuasteco.com\/index.php?rest_route=\/wp\/v2\/posts\/10199\/revisions"}],"predecessor-version":[{"id":10203,"href":"http:\/\/www.impactohuasteco.com\/index.php?rest_route=\/wp\/v2\/posts\/10199\/revisions\/10203"}],"wp:featuredmedia":[{"embeddable":true,"href":"http:\/\/www.impactohuasteco.com\/index.php?rest_route=\/wp\/v2\/media\/10200"}],"wp:attachment":[{"href":"http:\/\/www.impactohuasteco.com\/index.php?rest_route=%2Fwp%2Fv2%2Fmedia&parent=10199"}],"wp:term":[{"taxonomy":"category","embeddable":true,"href":"http:\/\/www.impactohuasteco.com\/index.php?rest_route=%2Fwp%2Fv2%2Fcategories&post=10199"},{"taxonomy":"post_tag","embeddable":true,"href":"http:\/\/www.impactohuasteco.com\/index.php?rest_route=%2Fwp%2Fv2%2Ftags&post=10199"}],"curies":[{"name":"wp","href":"https:\/\/api.w.org\/{rel}","templated":true}]}}