{"id":10407,"date":"2021-11-06T01:43:20","date_gmt":"2021-11-06T01:43:20","guid":{"rendered":"http:\/\/www.impactohuasteco.com\/?p=10407"},"modified":"2021-11-06T01:43:20","modified_gmt":"2021-11-06T01:43:20","slug":"padres-de-familia-protestan-por-cierre-de-centro-de-desarrollo-artistico-integral-en-esta-capital","status":"publish","type":"post","link":"http:\/\/www.impactohuasteco.com\/?p=10407","title":{"rendered":"PADRES DE FAMILIA PROTESTAN POR CIERRE DE CENTRO   DE DESARROLLO ART\u00cdSTICO INTEGRAL EN ESTA CAPITAL"},"content":{"rendered":"<ul>\n<li><strong>Sin mediar explicaci\u00f3n alguna, el pasado mi\u00e9rcoles les avisaron que deb\u00edan acudir a las instalaciones en el Jard\u00edn de las Esculturas por sus materiales.\u00a0<\/strong><\/li>\n<\/ul>\n<p>Irineo P\u00e9rez Melo.- Despu\u00e9s de quince a\u00f1os de estar dando atenci\u00f3n a j\u00f3venes y adultos con alguna discapacidad, el Centro de Desarrollo Art\u00edstico Integral (CEDAI) fue cerrado el pasado mi\u00e9rcoles sin mediar explicaci\u00f3n alguna fue cerrado, dejando a\u00a0\u00a0su suerte a once personas que ah\u00ed eran capacitadas en diversas actividades productivas.<\/p>\n<p>A decir de la se\u00f1ora Blanca R\u00edos Hern\u00e1ndez, una de las madres de familia afectadas, dijo que dicho centro depend\u00eda directamente del Instituto Veracruzano de la Cultura (IVEC), y durante mucho tiempo oper\u00f3 en las instalaciones de la Casa del Ni\u00f1o Xalape\u00f1o o Casa Sol, en d\u00f3nde se les prest\u00f3 las instalaciones y con la nueva administraci\u00f3n del instituto nos cambi\u00f3 al Jard\u00edn de Las Escultura durante el periodo de la pandemia.\u00a0<a href=\"http:\/\/www.impactohuasteco.com\/wp-content\/uploads\/2021\/11\/thumbnail_CEDAI.jpg\"><img loading=\"lazy\" class=\"alignleft  wp-image-10409\" src=\"http:\/\/www.impactohuasteco.com\/wp-content\/uploads\/2021\/11\/thumbnail_CEDAI-300x224.jpg\" alt=\"\" width=\"552\" height=\"412\" srcset=\"http:\/\/www.impactohuasteco.com\/wp-content\/uploads\/2021\/11\/thumbnail_CEDAI-300x224.jpg 300w, http:\/\/www.impactohuasteco.com\/wp-content\/uploads\/2021\/11\/thumbnail_CEDAI-1024x766.jpg 1024w, http:\/\/www.impactohuasteco.com\/wp-content\/uploads\/2021\/11\/thumbnail_CEDAI-768x574.jpg 768w, http:\/\/www.impactohuasteco.com\/wp-content\/uploads\/2021\/11\/thumbnail_CEDAI-400x299.jpg 400w, http:\/\/www.impactohuasteco.com\/wp-content\/uploads\/2021\/11\/thumbnail_CEDAI-803x600.jpg 803w, http:\/\/www.impactohuasteco.com\/wp-content\/uploads\/2021\/11\/thumbnail_CEDAI.jpg 1280w\" sizes=\"(max-width: 552px) 100vw, 552px\" \/><\/a><br \/>\nAhora que se iniciaron las labores educativas se empez\u00f3 a preguntar cuando se reiniciar\u00edan las actividades, sin tener respuesta alguna y al exigir que dieran la cara, la directora del CEDAI, Guadalupe Barrientos, nos cit\u00f3 en Coatepec a una reuni\u00f3n de padres de familia donde dijo que ella se encargaba de comunicarnos lo que la titular del IVEC, Silvia Alexander, hab\u00eda decidido y que ya no ten\u00edamos servicio para nuestros hijos y familiares que ah\u00ed eran capacitados y que se cerraba, sin dar ninguna opci\u00f3n a\u00f1adi\u00f3.<\/p>\n<p>Ella nos invit\u00f3 a inscribir a nuestros hijos en los talleres inclusivos que ofrecen instituciones privadas, pero la mayor parte de los que se atend\u00edan en dicho centro ya son personas mayores y las cuatro maestras de planta y los alternos contaban con la capacidad profesional para ello, al presentar los j\u00f3venes alguna discapacidad, teniendo ahora un futuro incierto con esta medida.<\/p>\n<p>La inconformidad de los padres se debe a que el pasado martes, los invitaron a asistir a las instalaciones ubicadas en el Jard\u00edn de las Esculturas para recoger los materiales que sus hijos o familiares utilizaban en los talleres en los que estaban inscritos, porque les dijeron que el centro se cerraba definitivamente.<\/p>\n<p>En el CEDAI los asistentes eran capacitados en actividades productivas y de recreaci\u00f3n, al capacitarlos en diferentes talleres, como pintura, cer\u00e1mica, Fotograf\u00eda, artes pl\u00e1sticas, expresi\u00f3n corporal, m\u00fasica, en la cual los padres de familia sufragaban los gastos de todos los materiales a utilizar.<\/p>\n<p>Demandaron que este centro siga funcionando, porque muchos de los asistentes no pueden cubrir un centro de educaci\u00f3n especial privado y el CEDAI es del gobierno y solo se paga una cuota simb\u00f3lica de 260 mensuales y un pago por concepto de inscripci\u00f3n anual de 900 pesos aproximadamente.<\/p>\n<p>&nbsp;<\/p>\n","protected":false},"excerpt":{"rendered":"<p>Sin mediar explicaci\u00f3n alguna, el pasado mi\u00e9rcoles les avisaron que deb\u00edan acudir a las instalaciones en el Jard\u00edn de las Esculturas por sus materiales.\u00a0 Irineo P\u00e9rez Melo.- Despu\u00e9s de quince a\u00f1os de estar dando atenci\u00f3n a j\u00f3venes y adultos con alguna discapacidad, el Centro de Desarrollo Art\u00edstico Integral (CEDAI) fue cerrado el pasado mi\u00e9rcoles sin mediar explicaci\u00f3n alguna fue cerrado, dejando a\u00a0\u00a0su suerte a once personas que ah\u00ed eran capacitadas en diversas actividades productivas. A decir de la se\u00f1ora Blanca R\u00edos Hern\u00e1ndez, una de las madres de familia afectadas, dijo que dicho centro depend\u00eda directamente del Instituto Veracruzano de la [&hellip;]<\/p>\n","protected":false},"author":1,"featured_media":10408,"comment_status":"open","ping_status":"open","sticky":false,"template":"","format":"standard","meta":[],"categories":[11],"tags":[],"_links":{"self":[{"href":"http:\/\/www.impactohuasteco.com\/index.php?rest_route=\/wp\/v2\/posts\/10407"}],"collection":[{"href":"http:\/\/www.impactohuasteco.com\/index.php?rest_route=\/wp\/v2\/posts"}],"about":[{"href":"http:\/\/www.impactohuasteco.com\/index.php?rest_route=\/wp\/v2\/types\/post"}],"author":[{"embeddable":true,"href":"http:\/\/www.impactohuasteco.com\/index.php?rest_route=\/wp\/v2\/users\/1"}],"replies":[{"embeddable":true,"href":"http:\/\/www.impactohuasteco.com\/index.php?rest_route=%2Fwp%2Fv2%2Fcomments&post=10407"}],"version-history":[{"count":2,"href":"http:\/\/www.impactohuasteco.com\/index.php?rest_route=\/wp\/v2\/posts\/10407\/revisions"}],"predecessor-version":[{"id":10411,"href":"http:\/\/www.impactohuasteco.com\/index.php?rest_route=\/wp\/v2\/posts\/10407\/revisions\/10411"}],"wp:featuredmedia":[{"embeddable":true,"href":"http:\/\/www.impactohuasteco.com\/index.php?rest_route=\/wp\/v2\/media\/10408"}],"wp:attachment":[{"href":"http:\/\/www.impactohuasteco.com\/index.php?rest_route=%2Fwp%2Fv2%2Fmedia&parent=10407"}],"wp:term":[{"taxonomy":"category","embeddable":true,"href":"http:\/\/www.impactohuasteco.com\/index.php?rest_route=%2Fwp%2Fv2%2Fcategories&post=10407"},{"taxonomy":"post_tag","embeddable":true,"href":"http:\/\/www.impactohuasteco.com\/index.php?rest_route=%2Fwp%2Fv2%2Ftags&post=10407"}],"curies":[{"name":"wp","href":"https:\/\/api.w.org\/{rel}","templated":true}]}}