{"id":10412,"date":"2021-11-06T02:00:21","date_gmt":"2021-11-06T02:00:21","guid":{"rendered":"http:\/\/www.impactohuasteco.com\/?p=10412"},"modified":"2021-11-06T02:00:21","modified_gmt":"2021-11-06T02:00:21","slug":"guzman-aviles-renunciara-el-domingo-a-la-dirigencia-estatal-panista-para-buscar-reelegirse","status":"publish","type":"post","link":"http:\/\/www.impactohuasteco.com\/?p=10412","title":{"rendered":"GUZM\u00c1N AVIL\u00c9S RENUNCIAR\u00c1 EL DOMINGO A LA   DIRIGENCIA ESTATAL PANISTA PARA BUSCAR REELEGIRSE"},"content":{"rendered":"<ul>\n<li><strong>La campa\u00f1a ser\u00e1 del 18 de noviembre al 18 de diciembre y la elecci\u00f3n, el 19 de diciembre.\u00a0<\/strong><\/li>\n<\/ul>\n<p>Irineo P\u00e9rez Melo.- Para estar en condiciones de buscar la reelecci\u00f3n como presidente del Comit\u00e9 Directivo Estatal del Partido Acci\u00f3n Nacional (PAN), Joaqu\u00edn Rosendo Guzm\u00e1n Avil\u00e9s inform\u00f3 que presentar\u00e1 este fin de semana su renuncia a la dirigencia de este instituto pol\u00edtico en el estado de Veracruz.<\/p>\n<p>Entrevistado a su arribo en el palacio legislativo para asistir a la sesi\u00f3n de instalaci\u00f3n de la LXVI Legislatura del Congreso del Estado, el a\u00fan dirigente estatal panista dio a conocer que el periodo de campa\u00f1a iniciar\u00e1 el pr\u00f3ximo 18 de noviembre y concluir\u00e1 el 18 de diciembre, y la elecci\u00f3n se dar\u00eda al d\u00eda siguiente de ese mismo mes.<\/p>\n<p>En la misma situaci\u00f3n que est\u00e1, tambi\u00e9n Tito Delf\u00edn Cano se encuentra igual y deber\u00e1 renunciar como secretario del Comit\u00e9 Directivo Estatal del blanquiazul, a\u00f1adi\u00f3.<\/p>\n<p>El a\u00fan presidente estatal del PAN en Veracruz detall\u00f3 que no tiene integrada a\u00fan la planilla que buscar\u00e1 la dirigencia y sostuvo que Mayra Cortes, pueda ser la pr\u00f3xima secretaria general de este instituto pol\u00edtico, en caso de ganar la elecci\u00f3n interna.\u00a0<a href=\"http:\/\/www.impactohuasteco.com\/wp-content\/uploads\/2021\/08\/Sin-titulo-4-5.jpg\"><img loading=\"lazy\" class=\"alignleft  wp-image-9362\" src=\"http:\/\/www.impactohuasteco.com\/wp-content\/uploads\/2021\/08\/Sin-titulo-4-5-300x183.jpg\" alt=\"\" width=\"503\" height=\"307\" srcset=\"http:\/\/www.impactohuasteco.com\/wp-content\/uploads\/2021\/08\/Sin-titulo-4-5-300x183.jpg 300w, http:\/\/www.impactohuasteco.com\/wp-content\/uploads\/2021\/08\/Sin-titulo-4-5-768x468.jpg 768w, http:\/\/www.impactohuasteco.com\/wp-content\/uploads\/2021\/08\/Sin-titulo-4-5-400x244.jpg 400w, http:\/\/www.impactohuasteco.com\/wp-content\/uploads\/2021\/08\/Sin-titulo-4-5.jpg 927w\" sizes=\"(max-width: 503px) 100vw, 503px\" \/><\/a><\/p>\n<p><strong>Morena no tiene nada que ver \u00a0en el proceso interno panista\u00a0<\/strong><\/p>\n<p>Por otro lado, Guzm\u00e1n Avil\u00e9s rechaz\u00f3 que el partido Movimiento de Regeneraci\u00f3n Nacional (Morena) y el gobierno morenista est\u00e9n metiendo las manos en el proceso interno, el PAN es un partido completamente independiente. \u00abMorena no tiene nada que ver y defenderemos a Acci\u00f3n Nacional como siempre lo hemos hecho\u00bb, recalc\u00f3.<\/p>\n<p>De los diputados blanquiazules que conformar\u00e1n la legislatura que inici\u00f3 su gesti\u00f3n constitucional este viernes, dijo que es un grupo con gran experiencia y conocimiento legislativo, por lo que trabajar\u00e1n en beneficio de los veracruzanos, siendo un contrapeso de la bancada mayoritaria.<\/p>\n<p>\u00abTenemos la presentaci\u00f3n de un nuevo Congreso, de esta manera el Congreso trabajar\u00e1 en beneficio de los veracruzanos y los panistas estar\u00e1n pendiente de lo que se haga y que sea dentro del marco legal. Siempre hemos sido contrapeso y seremos contrapeso de la bancada morenista en beneficio de los veracruzanos\u00bb, concluy\u00f3.<\/p>\n","protected":false},"excerpt":{"rendered":"<p>La campa\u00f1a ser\u00e1 del 18 de noviembre al 18 de diciembre y la elecci\u00f3n, el 19 de diciembre.\u00a0 Irineo P\u00e9rez Melo.- Para estar en condiciones de buscar la reelecci\u00f3n como presidente del Comit\u00e9 Directivo Estatal del Partido Acci\u00f3n Nacional (PAN), Joaqu\u00edn Rosendo Guzm\u00e1n Avil\u00e9s inform\u00f3 que presentar\u00e1 este fin de semana su renuncia a la dirigencia de este instituto pol\u00edtico en el estado de Veracruz. Entrevistado a su arribo en el palacio legislativo para asistir a la sesi\u00f3n de instalaci\u00f3n de la LXVI Legislatura del Congreso del Estado, el a\u00fan dirigente estatal panista dio a conocer que el periodo de [&hellip;]<\/p>\n","protected":false},"author":1,"featured_media":10413,"comment_status":"open","ping_status":"open","sticky":false,"template":"","format":"standard","meta":[],"categories":[11],"tags":[],"_links":{"self":[{"href":"http:\/\/www.impactohuasteco.com\/index.php?rest_route=\/wp\/v2\/posts\/10412"}],"collection":[{"href":"http:\/\/www.impactohuasteco.com\/index.php?rest_route=\/wp\/v2\/posts"}],"about":[{"href":"http:\/\/www.impactohuasteco.com\/index.php?rest_route=\/wp\/v2\/types\/post"}],"author":[{"embeddable":true,"href":"http:\/\/www.impactohuasteco.com\/index.php?rest_route=\/wp\/v2\/users\/1"}],"replies":[{"embeddable":true,"href":"http:\/\/www.impactohuasteco.com\/index.php?rest_route=%2Fwp%2Fv2%2Fcomments&post=10412"}],"version-history":[{"count":1,"href":"http:\/\/www.impactohuasteco.com\/index.php?rest_route=\/wp\/v2\/posts\/10412\/revisions"}],"predecessor-version":[{"id":10414,"href":"http:\/\/www.impactohuasteco.com\/index.php?rest_route=\/wp\/v2\/posts\/10412\/revisions\/10414"}],"wp:featuredmedia":[{"embeddable":true,"href":"http:\/\/www.impactohuasteco.com\/index.php?rest_route=\/wp\/v2\/media\/10413"}],"wp:attachment":[{"href":"http:\/\/www.impactohuasteco.com\/index.php?rest_route=%2Fwp%2Fv2%2Fmedia&parent=10412"}],"wp:term":[{"taxonomy":"category","embeddable":true,"href":"http:\/\/www.impactohuasteco.com\/index.php?rest_route=%2Fwp%2Fv2%2Fcategories&post=10412"},{"taxonomy":"post_tag","embeddable":true,"href":"http:\/\/www.impactohuasteco.com\/index.php?rest_route=%2Fwp%2Fv2%2Ftags&post=10412"}],"curies":[{"name":"wp","href":"https:\/\/api.w.org\/{rel}","templated":true}]}}