{"id":10415,"date":"2021-11-06T02:26:08","date_gmt":"2021-11-06T02:26:08","guid":{"rendered":"http:\/\/www.impactohuasteco.com\/?p=10415"},"modified":"2021-11-06T02:26:08","modified_gmt":"2021-11-06T02:26:08","slug":"reelige-congreso-a-domingo-bahena-como-secretario-general","status":"publish","type":"post","link":"http:\/\/www.impactohuasteco.com\/?p=10415","title":{"rendered":"REELIGE CONGRESO A DOMINGO BAHENA COMO SECRETARIO GENERAL"},"content":{"rendered":"<ul>\n<li><strong>Con 49 votos, respalda el Pleno que asuma las funciones respectivas por un segundo periodo consecutivo.<\/strong><\/li>\n<\/ul>\n<p><strong>Cleofas Hern\u00e1ndez.<\/strong><\/p>\n<p><strong>Xalapa, Ver., 5 de noviembre de 2021. <\/strong>En su primera sesi\u00f3n ordinaria, celebrada este viernes 5 de noviembre, la LXVI Legislatura aprob\u00f3 que Domingo Bahena Corbal\u00e1 funja como secretario general del Congreso del Estado de Veracruz de Ignacio de la Llave durante los tres a\u00f1os de ejercicio constitucional que iniciaron en esta fecha y concluir\u00e1n el 4 de noviembre de 2024.<\/p>\n<p>Una vez conformados los grupos legislativos de Morena, Partido Acci\u00f3n Nacional (PAN) y Partido Revolucionario Institucional (PRI), se procedi\u00f3 a la elecci\u00f3n y designaci\u00f3n, que registr\u00f3 49 votos a favor de quien ocup\u00f3 el mismo cargo en la LXV Legislatura, reci\u00e9n concluida.<\/p>\n<p>En la misma sesi\u00f3n, la presidenta de la Mesa Directiva, diputada Cecilia Josefina Guevara Guembe, design\u00f3 a los diputados Juan Javier G\u00f3mez Cazar\u00edn y Oth\u00f3n Hern\u00e1ndez Candanedo y a la diputada Anil\u00fa Ingram Vallines para acompa\u00f1ar y conducir al Secretario General del Congreso hasta el Recinto Oficial de Sesiones, donde rindi\u00f3 la protesta de ley.<\/p>\n<p>El<a href=\"http:\/\/www.impactohuasteco.com\/wp-content\/uploads\/2021\/11\/thumbnail_NOV05NOVIEMBRE2021BAHENA2.jpg\"><img loading=\"lazy\" class=\"alignleft  wp-image-10417\" src=\"http:\/\/www.impactohuasteco.com\/wp-content\/uploads\/2021\/11\/thumbnail_NOV05NOVIEMBRE2021BAHENA2-300x200.jpg\" alt=\"\" width=\"549\" height=\"366\" srcset=\"http:\/\/www.impactohuasteco.com\/wp-content\/uploads\/2021\/11\/thumbnail_NOV05NOVIEMBRE2021BAHENA2-300x200.jpg 300w, http:\/\/www.impactohuasteco.com\/wp-content\/uploads\/2021\/11\/thumbnail_NOV05NOVIEMBRE2021BAHENA2-768x513.jpg 768w, http:\/\/www.impactohuasteco.com\/wp-content\/uploads\/2021\/11\/thumbnail_NOV05NOVIEMBRE2021BAHENA2-400x267.jpg 400w, http:\/\/www.impactohuasteco.com\/wp-content\/uploads\/2021\/11\/thumbnail_NOV05NOVIEMBRE2021BAHENA2-898x600.jpg 898w, http:\/\/www.impactohuasteco.com\/wp-content\/uploads\/2021\/11\/thumbnail_NOV05NOVIEMBRE2021BAHENA2.jpg 1024w\" sizes=\"(max-width: 549px) 100vw, 549px\" \/><\/a> art\u00edculo 57 de la Ley Org\u00e1nica del Poder Legislativo del Estado establece las atribuciones del Secretario General del Congreso del Estado de Veracruz, entre las que se cuentan: realizar los trabajos preparatorios para la celebraci\u00f3n de la Sesi\u00f3n de Instalaci\u00f3n del Congreso y fungir como Secretario de las Juntas de Trabajos Legislativos y de Coordinaci\u00f3n Pol\u00edtica.<\/p>\n<p>Adem\u00e1s, auxiliar a la Mesa Directiva en las reuniones que celebre cuando no funcione ante el Pleno, as\u00ed como dirigir, ejecutar y supervisar los trabajos y el cumplimiento de las atribuciones y el correcto funcionamiento de las secretar\u00edas de Servicios Legislativos, de Fiscalizaci\u00f3n y de Servicios Administrativos y Financieros.<\/p>\n<p>Con esta designaci\u00f3n por un segundo periodo consecutivo, a propuesta de la Junta de Trabajos Legislativos y conforme al art\u00edculo 55 de la Ley Org\u00e1nica del Poder Legislativo del Estado de Veracruz de Ignacio de la Llave, se garantiza la adecuada coordinaci\u00f3n y ejecuci\u00f3n de las tareas y el mejor cumplimiento de los servicios de esta Soberan\u00eda.<\/p>\n<p>El segundo p\u00e1rrafo del mismo articulado determina que \u201cEl Secretario General del Congreso ser\u00e1 nombrado por el Pleno con el voto de la mayor\u00eda de los Diputados presentes, a propuesta de la Junta de Trabajos Legislativos, por el t\u00e9rmino de una Legislatura, podr\u00e1 ser reelecto y al concluir la Legislatura para la que fue designado o reelecto, continuar\u00e1 en funciones durante la nueva Legislatura, en tanto se realiza la elecci\u00f3n correspondiente\u201d.<\/p>\n<p>De acuerdo con el documento presentado por la Junta de Trabajos Legislativos, Domingo Bahena Corbal\u00e1 cumple con los requisitos establecidos en la Ley: ser veracruzano seg\u00fan lo establecido en la Constituci\u00f3n local, tener al menos 30 a\u00f1os de edad al d\u00eda de la designaci\u00f3n, contar con t\u00edtulo profesional expedido por instituci\u00f3n legalmente facultada, acreditar conocimientos y experiencia para desempe\u00f1ar el cargo y no haber sido condenado por delito intencional que haya ameritado pena privativa de libertad.<\/p>\n<p>Domingo Bahena Corbal\u00e1 naci\u00f3 el 30 de octubre de 1970, en J\u00e1ltipan de Morelos, Veracruz. Entre otros cargos p\u00fablicos, se he desempe\u00f1ado como presidente de dicho municipio, subgerente de Diconsa Veracruz, diputado local y secretario general del Congreso del Estado en la LXV Legislatura.<\/p>\n<p>Concluida la Primera Sesi\u00f3n Ordinaria del Primer Periodo Ordinario del Primer A\u00f1o de Ejercicio Constitucional de la LXVI Legislatura, la Presidenta de la Mesa Directiva convoc\u00f3 a la Segunda Sesi\u00f3n Ordinaria para este martes 9 de noviembre a las 11:00 horas.<\/p>\n<p>&nbsp;<\/p>\n","protected":false},"excerpt":{"rendered":"<p>Con 49 votos, respalda el Pleno que asuma las funciones respectivas por un segundo periodo consecutivo. Cleofas Hern\u00e1ndez. Xalapa, Ver., 5 de noviembre de 2021. En su primera sesi\u00f3n ordinaria, celebrada este viernes 5 de noviembre, la LXVI Legislatura aprob\u00f3 que Domingo Bahena Corbal\u00e1 funja como secretario general del Congreso del Estado de Veracruz de Ignacio de la Llave durante los tres a\u00f1os de ejercicio constitucional que iniciaron en esta fecha y concluir\u00e1n el 4 de noviembre de 2024. Una vez conformados los grupos legislativos de Morena, Partido Acci\u00f3n Nacional (PAN) y Partido Revolucionario Institucional (PRI), se procedi\u00f3 a la [&hellip;]<\/p>\n","protected":false},"author":1,"featured_media":10416,"comment_status":"open","ping_status":"open","sticky":false,"template":"","format":"standard","meta":[],"categories":[11],"tags":[],"_links":{"self":[{"href":"http:\/\/www.impactohuasteco.com\/index.php?rest_route=\/wp\/v2\/posts\/10415"}],"collection":[{"href":"http:\/\/www.impactohuasteco.com\/index.php?rest_route=\/wp\/v2\/posts"}],"about":[{"href":"http:\/\/www.impactohuasteco.com\/index.php?rest_route=\/wp\/v2\/types\/post"}],"author":[{"embeddable":true,"href":"http:\/\/www.impactohuasteco.com\/index.php?rest_route=\/wp\/v2\/users\/1"}],"replies":[{"embeddable":true,"href":"http:\/\/www.impactohuasteco.com\/index.php?rest_route=%2Fwp%2Fv2%2Fcomments&post=10415"}],"version-history":[{"count":1,"href":"http:\/\/www.impactohuasteco.com\/index.php?rest_route=\/wp\/v2\/posts\/10415\/revisions"}],"predecessor-version":[{"id":10418,"href":"http:\/\/www.impactohuasteco.com\/index.php?rest_route=\/wp\/v2\/posts\/10415\/revisions\/10418"}],"wp:featuredmedia":[{"embeddable":true,"href":"http:\/\/www.impactohuasteco.com\/index.php?rest_route=\/wp\/v2\/media\/10416"}],"wp:attachment":[{"href":"http:\/\/www.impactohuasteco.com\/index.php?rest_route=%2Fwp%2Fv2%2Fmedia&parent=10415"}],"wp:term":[{"taxonomy":"category","embeddable":true,"href":"http:\/\/www.impactohuasteco.com\/index.php?rest_route=%2Fwp%2Fv2%2Fcategories&post=10415"},{"taxonomy":"post_tag","embeddable":true,"href":"http:\/\/www.impactohuasteco.com\/index.php?rest_route=%2Fwp%2Fv2%2Ftags&post=10415"}],"curies":[{"name":"wp","href":"https:\/\/api.w.org\/{rel}","templated":true}]}}