{"id":10479,"date":"2021-11-09T02:07:42","date_gmt":"2021-11-09T02:07:42","guid":{"rendered":"http:\/\/www.impactohuasteco.com\/?p=10479"},"modified":"2021-11-09T02:07:42","modified_gmt":"2021-11-09T02:07:42","slug":"presentan-en-el-congreso-libro-sobre-reforma-laboral","status":"publish","type":"post","link":"http:\/\/www.impactohuasteco.com\/?p=10479","title":{"rendered":"PRESENTAN EN EL CONGRESO LIBRO SOBRE REFORMA LABORAL"},"content":{"rendered":"<ul>\n<li><strong>El libro, editado por la fundaci\u00f3n Friedrich Ebert Stiftung, contiene ilustraciones de Enrique Rocha.<\/strong><\/li>\n<\/ul>\n<p><strong>Cleofas Hern\u00e1ndez.<\/strong><\/p>\n<p><strong>Xalapa, Ver., 8 de noviembre de 2021. En el auditorio Sebasti\u00e1n Lerdo de Tejada del Palacio Legislativo, se llev\u00f3 a cabo la presentaci\u00f3n del libro Reforma laboral para todas las personas \u00a0asiduas a la lectura.<\/strong><\/p>\n<p><img loading=\"lazy\" class=\"alignleft  wp-image-10481\" src=\"http:\/\/www.impactohuasteco.com\/wp-content\/uploads\/2021\/11\/thumbnail_NOV08NOVIEMBRE2021LABORAL2-300x200.jpg\" alt=\"\" width=\"612\" height=\"408\" srcset=\"http:\/\/www.impactohuasteco.com\/wp-content\/uploads\/2021\/11\/thumbnail_NOV08NOVIEMBRE2021LABORAL2-300x200.jpg 300w, http:\/\/www.impactohuasteco.com\/wp-content\/uploads\/2021\/11\/thumbnail_NOV08NOVIEMBRE2021LABORAL2-768x513.jpg 768w, http:\/\/www.impactohuasteco.com\/wp-content\/uploads\/2021\/11\/thumbnail_NOV08NOVIEMBRE2021LABORAL2-400x267.jpg 400w, http:\/\/www.impactohuasteco.com\/wp-content\/uploads\/2021\/11\/thumbnail_NOV08NOVIEMBRE2021LABORAL2-898x600.jpg 898w, http:\/\/www.impactohuasteco.com\/wp-content\/uploads\/2021\/11\/thumbnail_NOV08NOVIEMBRE2021LABORAL2.jpg 1024w\" sizes=\"(max-width: 612px) 100vw, 612px\" \/><\/p>\n<p><strong>Dicha presentaci\u00f3n fue encabezada por la secretaria del Trabajo, Previsi\u00f3n Social y Productividad del Gobierno del Estado de Veracruz, Dorheny Garc\u00eda Cayetano. <\/strong><\/p>\n<p><img loading=\"lazy\" class=\"alignleft  wp-image-10482\" src=\"http:\/\/www.impactohuasteco.com\/wp-content\/uploads\/2021\/11\/thumbnail_NOV08NOVIEMBRE2021LABORAL3-300x200.jpg\" alt=\"\" width=\"571\" height=\"380\" srcset=\"http:\/\/www.impactohuasteco.com\/wp-content\/uploads\/2021\/11\/thumbnail_NOV08NOVIEMBRE2021LABORAL3-300x200.jpg 300w, http:\/\/www.impactohuasteco.com\/wp-content\/uploads\/2021\/11\/thumbnail_NOV08NOVIEMBRE2021LABORAL3-768x513.jpg 768w, http:\/\/www.impactohuasteco.com\/wp-content\/uploads\/2021\/11\/thumbnail_NOV08NOVIEMBRE2021LABORAL3-400x267.jpg 400w, http:\/\/www.impactohuasteco.com\/wp-content\/uploads\/2021\/11\/thumbnail_NOV08NOVIEMBRE2021LABORAL3.jpg 1024w\" sizes=\"(max-width: 571px) 100vw, 571px\" \/><\/p>\n<p>&nbsp;<\/p>\n<p><strong>Comentaron la obra el autor, Pablo Franco, el secretario de Trabajo de la Orden Mexicana de Profesionales Mar\u00edtimos y Portuarios, Similares y Conexos, Antonio Rodr\u00edguez Fritz, y la coordinadora general de la Red de Mujeres Sindicalistas, In\u00e9s Gonz\u00e1lez.<\/strong><strong><a href=\"http:\/\/www.impactohuasteco.com\/wp-content\/uploads\/2021\/11\/thumbnail_NOV08NOVIEMBRE2021LABORAL4.jpg\"><img loading=\"lazy\" class=\"alignleft  wp-image-10483\" src=\"http:\/\/www.impactohuasteco.com\/wp-content\/uploads\/2021\/11\/thumbnail_NOV08NOVIEMBRE2021LABORAL4-300x200.jpg\" alt=\"\" width=\"611\" height=\"407\" srcset=\"http:\/\/www.impactohuasteco.com\/wp-content\/uploads\/2021\/11\/thumbnail_NOV08NOVIEMBRE2021LABORAL4-300x200.jpg 300w, http:\/\/www.impactohuasteco.com\/wp-content\/uploads\/2021\/11\/thumbnail_NOV08NOVIEMBRE2021LABORAL4-768x513.jpg 768w, http:\/\/www.impactohuasteco.com\/wp-content\/uploads\/2021\/11\/thumbnail_NOV08NOVIEMBRE2021LABORAL4-400x267.jpg 400w, http:\/\/www.impactohuasteco.com\/wp-content\/uploads\/2021\/11\/thumbnail_NOV08NOVIEMBRE2021LABORAL4-898x600.jpg 898w, http:\/\/www.impactohuasteco.com\/wp-content\/uploads\/2021\/11\/thumbnail_NOV08NOVIEMBRE2021LABORAL4.jpg 1024w\" sizes=\"(max-width: 611px) 100vw, 611px\" \/><\/a> <\/strong><\/p>\n<p><strong>El libro, editado por la fundaci\u00f3n Friedrich Ebert Stiftung, contiene ilustraciones de Enrique Rocha. Asisti\u00f3 tambi\u00e9n la diputada local Adriana Esther Mart\u00ednez S\u00e1nchez, as\u00ed como autoridades de los \u00e1mbitos jur\u00eddico, laboral y acad\u00e9mico.<\/strong><\/p>\n<p>&nbsp;<\/p>\n","protected":false},"excerpt":{"rendered":"<p>El libro, editado por la fundaci\u00f3n Friedrich Ebert Stiftung, contiene ilustraciones de Enrique Rocha. Cleofas Hern\u00e1ndez. Xalapa, Ver., 8 de noviembre de 2021. En el auditorio Sebasti\u00e1n Lerdo de Tejada del Palacio Legislativo, se llev\u00f3 a cabo la presentaci\u00f3n del libro Reforma laboral para todas las personas \u00a0asiduas a la lectura. Dicha presentaci\u00f3n fue encabezada por la secretaria del Trabajo, Previsi\u00f3n Social y Productividad del Gobierno del Estado de Veracruz, Dorheny Garc\u00eda Cayetano. &nbsp; Comentaron la obra el autor, Pablo Franco, el secretario de Trabajo de la Orden Mexicana de Profesionales Mar\u00edtimos y Portuarios, Similares y Conexos, Antonio Rodr\u00edguez Fritz, [&hellip;]<\/p>\n","protected":false},"author":1,"featured_media":10480,"comment_status":"open","ping_status":"open","sticky":false,"template":"","format":"standard","meta":[],"categories":[11],"tags":[],"_links":{"self":[{"href":"http:\/\/www.impactohuasteco.com\/index.php?rest_route=\/wp\/v2\/posts\/10479"}],"collection":[{"href":"http:\/\/www.impactohuasteco.com\/index.php?rest_route=\/wp\/v2\/posts"}],"about":[{"href":"http:\/\/www.impactohuasteco.com\/index.php?rest_route=\/wp\/v2\/types\/post"}],"author":[{"embeddable":true,"href":"http:\/\/www.impactohuasteco.com\/index.php?rest_route=\/wp\/v2\/users\/1"}],"replies":[{"embeddable":true,"href":"http:\/\/www.impactohuasteco.com\/index.php?rest_route=%2Fwp%2Fv2%2Fcomments&post=10479"}],"version-history":[{"count":4,"href":"http:\/\/www.impactohuasteco.com\/index.php?rest_route=\/wp\/v2\/posts\/10479\/revisions"}],"predecessor-version":[{"id":10487,"href":"http:\/\/www.impactohuasteco.com\/index.php?rest_route=\/wp\/v2\/posts\/10479\/revisions\/10487"}],"wp:featuredmedia":[{"embeddable":true,"href":"http:\/\/www.impactohuasteco.com\/index.php?rest_route=\/wp\/v2\/media\/10480"}],"wp:attachment":[{"href":"http:\/\/www.impactohuasteco.com\/index.php?rest_route=%2Fwp%2Fv2%2Fmedia&parent=10479"}],"wp:term":[{"taxonomy":"category","embeddable":true,"href":"http:\/\/www.impactohuasteco.com\/index.php?rest_route=%2Fwp%2Fv2%2Fcategories&post=10479"},{"taxonomy":"post_tag","embeddable":true,"href":"http:\/\/www.impactohuasteco.com\/index.php?rest_route=%2Fwp%2Fv2%2Ftags&post=10479"}],"curies":[{"name":"wp","href":"https:\/\/api.w.org\/{rel}","templated":true}]}}