{"id":10564,"date":"2021-11-14T05:47:12","date_gmt":"2021-11-14T05:47:12","guid":{"rendered":"http:\/\/www.impactohuasteco.com\/?p=10564"},"modified":"2021-11-14T05:47:12","modified_gmt":"2021-11-14T05:47:12","slug":"acuerda-fesapauv-solicitar-15-de-incremento-salarial-a-uv","status":"publish","type":"post","link":"http:\/\/www.impactohuasteco.com\/?p=10564","title":{"rendered":"ACUERDA FESAPAUV SOLICITAR 15%   DE INCREMENTO SALARIAL A UV"},"content":{"rendered":"<ul>\n<li><strong>Se celebra CVI Asamblea Estatal Extraordinaria en donde se recogieron propuestas de reforma al CCT, violaciones al mismo, vacunaci\u00f3n de refuerzo, entre otros. <\/strong><\/li>\n<\/ul>\n<p><strong>Irineo P\u00e9rez Melo.- La Federaci\u00f3n de Sindicatos y Asociaciones del Personal Acad\u00e9mico de la Universidad Veracruzana (Fesapauv) solicitar\u00e1 un incremento salarial del 15% directo al salario a la Casa de Estudios, inform\u00f3 su secretario general Enrique Levet Gorozpe.\u00a0<\/strong><strong><br \/>\n<\/strong><strong>Indic\u00f3 que este porcentaje fue acordado por unanimidad de todos los asistentes a la XVI Asamblea Estatal Extraordinaria de esta organizaci\u00f3n sindical efectuada en la USBI de\u00a0\u00a0la ciudad de Boca del R\u00edo,\u00a0<\/strong><strong><br \/>\n<\/strong><img loading=\"lazy\" class=\"alignleft  wp-image-10566\" src=\"http:\/\/www.impactohuasteco.com\/wp-content\/uploads\/2021\/11\/FESAPAUV-2-300x169.jpg\" alt=\"\" width=\"527\" height=\"297\" srcset=\"http:\/\/www.impactohuasteco.com\/wp-content\/uploads\/2021\/11\/FESAPAUV-2-300x169.jpg 300w, http:\/\/www.impactohuasteco.com\/wp-content\/uploads\/2021\/11\/FESAPAUV-2-1024x576.jpg 1024w, http:\/\/www.impactohuasteco.com\/wp-content\/uploads\/2021\/11\/FESAPAUV-2-768x432.jpg 768w, http:\/\/www.impactohuasteco.com\/wp-content\/uploads\/2021\/11\/FESAPAUV-2-1536x864.jpg 1536w, http:\/\/www.impactohuasteco.com\/wp-content\/uploads\/2021\/11\/FESAPAUV-2-400x225.jpg 400w, http:\/\/www.impactohuasteco.com\/wp-content\/uploads\/2021\/11\/FESAPAUV-2-1067x600.jpg 1067w, http:\/\/www.impactohuasteco.com\/wp-content\/uploads\/2021\/11\/FESAPAUV-2.jpg 1600w\" sizes=\"(max-width: 527px) 100vw, 527px\" \/><strong>El dirigente de los acad\u00e9micos universitarios, se\u00f1al\u00f3 que en dicha asamblea, junto con los secretarios generales de las regiones, se escuch\u00f3 a los acad\u00e9micos que tuvieron dudas, comentarios y solicitudes para que en la negociaci\u00f3n que se llevar\u00e1 a cabo con las autoridades universitarias, se analicen todas las propuestas, fij\u00e1ndose por unanimidad ese porcentaje de incremento salarial \u00a0<\/strong><strong><\/p>\n<p><\/strong><strong>Adem\u00e1s, dio a conocer que se vot\u00f3 el proyecto de Contrato Colectivo de Trabajo que durante el desarrollo del Congreso Estatal \u00abSindicalismo y transformaci\u00f3n universitaria\u00bb; se discuti\u00f3 de manera presencial y virtual con los acad\u00e9micos y que se entregar\u00e1 a las autoridades y se analizar\u00e1 ante el Centro de Conciliaci\u00f3n y Arbitraje.\u00a0<a href=\"http:\/\/www.impactohuasteco.com\/wp-content\/uploads\/2021\/11\/FESAPAUV-3.jpg\"><img loading=\"lazy\" class=\"alignleft  wp-image-10567\" src=\"http:\/\/www.impactohuasteco.com\/wp-content\/uploads\/2021\/11\/FESAPAUV-3-300x169.jpg\" alt=\"\" width=\"509\" height=\"287\" srcset=\"http:\/\/www.impactohuasteco.com\/wp-content\/uploads\/2021\/11\/FESAPAUV-3-300x169.jpg 300w, http:\/\/www.impactohuasteco.com\/wp-content\/uploads\/2021\/11\/FESAPAUV-3-1024x576.jpg 1024w, http:\/\/www.impactohuasteco.com\/wp-content\/uploads\/2021\/11\/FESAPAUV-3-768x432.jpg 768w, http:\/\/www.impactohuasteco.com\/wp-content\/uploads\/2021\/11\/FESAPAUV-3-1536x864.jpg 1536w, http:\/\/www.impactohuasteco.com\/wp-content\/uploads\/2021\/11\/FESAPAUV-3-400x225.jpg 400w, http:\/\/www.impactohuasteco.com\/wp-content\/uploads\/2021\/11\/FESAPAUV-3-1067x600.jpg 1067w, http:\/\/www.impactohuasteco.com\/wp-content\/uploads\/2021\/11\/FESAPAUV-3.jpg 1600w\" sizes=\"(max-width: 509px) 100vw, 509px\" \/><\/a><\/strong><strong><br \/>\n<\/strong><strong>En dicha propuesta se integraron algunas solicitudes como que se haga un refuerzo de la vacunaci\u00f3n del biol\u00f3gico CanSino, as\u00ed como que se pida a las autoridades universitarias que se haga un cambio de vacuna para que se les inocule a los profesores y trabajadores de la UV antes del inicio del pr\u00f3ximo semestre.\u00a0<\/strong><strong><\/p>\n<p><\/strong><strong>De la misma manera se entregaron las diversas violaciones e incumplimientos de la Universidad Veracruzana con cada uno de los acad\u00e9micos y que se entregar\u00e1n en un paquete.\u00a0<\/strong><strong><\/p>\n<p><\/strong><strong>Cabe resaltar que, durante el inicio de la Asamblea, el diputado federal de Morena, presidente de la Mesa Directiva de la C\u00e1mara de Diputados, Sergio Guti\u00e9rrez Luna, se enlaz\u00f3 y se comprometi\u00f3 a estar pendiente y dar todo el apoyo a las necesidades de la Universidad Veracruzana y del resto de las universidades p\u00fablicas del Pa\u00eds.\u00a0<\/strong><strong><\/p>\n<p><\/strong><strong>En su mensaje defini\u00f3 que las universidades p\u00fablicas son factores de transformaci\u00f3n y por ello invit\u00f3 a los integrantes de esta organizaci\u00f3n sindical a que acudan a la C\u00e1mara de Diputados para que puedan manifestar sus inquietudes. <\/strong><\/p>\n","protected":false},"excerpt":{"rendered":"<p>Se celebra CVI Asamblea Estatal Extraordinaria en donde se recogieron propuestas de reforma al CCT, violaciones al mismo, vacunaci\u00f3n de refuerzo, entre otros. Irineo P\u00e9rez Melo.- La Federaci\u00f3n de Sindicatos y Asociaciones del Personal Acad\u00e9mico de la Universidad Veracruzana (Fesapauv) solicitar\u00e1 un incremento salarial del 15% directo al salario a la Casa de Estudios, inform\u00f3 su secretario general Enrique Levet Gorozpe.\u00a0 Indic\u00f3 que este porcentaje fue acordado por unanimidad de todos los asistentes a la XVI Asamblea Estatal Extraordinaria de esta organizaci\u00f3n sindical efectuada en la USBI de\u00a0\u00a0la ciudad de Boca del R\u00edo,\u00a0 El dirigente de los acad\u00e9micos universitarios, se\u00f1al\u00f3 [&hellip;]<\/p>\n","protected":false},"author":1,"featured_media":10565,"comment_status":"open","ping_status":"open","sticky":false,"template":"","format":"standard","meta":[],"categories":[11],"tags":[],"_links":{"self":[{"href":"http:\/\/www.impactohuasteco.com\/index.php?rest_route=\/wp\/v2\/posts\/10564"}],"collection":[{"href":"http:\/\/www.impactohuasteco.com\/index.php?rest_route=\/wp\/v2\/posts"}],"about":[{"href":"http:\/\/www.impactohuasteco.com\/index.php?rest_route=\/wp\/v2\/types\/post"}],"author":[{"embeddable":true,"href":"http:\/\/www.impactohuasteco.com\/index.php?rest_route=\/wp\/v2\/users\/1"}],"replies":[{"embeddable":true,"href":"http:\/\/www.impactohuasteco.com\/index.php?rest_route=%2Fwp%2Fv2%2Fcomments&post=10564"}],"version-history":[{"count":2,"href":"http:\/\/www.impactohuasteco.com\/index.php?rest_route=\/wp\/v2\/posts\/10564\/revisions"}],"predecessor-version":[{"id":10569,"href":"http:\/\/www.impactohuasteco.com\/index.php?rest_route=\/wp\/v2\/posts\/10564\/revisions\/10569"}],"wp:featuredmedia":[{"embeddable":true,"href":"http:\/\/www.impactohuasteco.com\/index.php?rest_route=\/wp\/v2\/media\/10565"}],"wp:attachment":[{"href":"http:\/\/www.impactohuasteco.com\/index.php?rest_route=%2Fwp%2Fv2%2Fmedia&parent=10564"}],"wp:term":[{"taxonomy":"category","embeddable":true,"href":"http:\/\/www.impactohuasteco.com\/index.php?rest_route=%2Fwp%2Fv2%2Fcategories&post=10564"},{"taxonomy":"post_tag","embeddable":true,"href":"http:\/\/www.impactohuasteco.com\/index.php?rest_route=%2Fwp%2Fv2%2Ftags&post=10564"}],"curies":[{"name":"wp","href":"https:\/\/api.w.org\/{rel}","templated":true}]}}