{"id":10844,"date":"2021-12-07T05:13:26","date_gmt":"2021-12-07T05:13:26","guid":{"rendered":"http:\/\/www.impactohuasteco.com\/?p=10844"},"modified":"2021-12-07T05:13:26","modified_gmt":"2021-12-07T05:13:26","slug":"familiares-y-amigos-de-tito-n-se-manifiestan-para-exigir-su-liberacion","status":"publish","type":"post","link":"http:\/\/www.impactohuasteco.com\/?p=10844","title":{"rendered":"FAMILIARES Y AMIGOS DE TITO \u201cN\u201d SE MANIFIESTAN PARA EXIGIR SU LIBERACI\u00d3N"},"content":{"rendered":"<ul>\n<li><strong>Con cartulinas colocadas en la Plaza Lerdo e iluminadas con veladoras, hacen patente su petici\u00f3n, pues consideran que es arbitraria su detenci\u00f3n.<\/strong><\/li>\n<\/ul>\n<p><strong> Irineo P\u00e9rez Melo.- Familiares y amigos de Tito \u201cN\u201d prendieron velas y elevaron una oraci\u00f3n para pedir que el trance que vive en este momento termine pronto, y exigieron al gobierno estatal sea liberado.<\/strong><\/p>\n<p><strong>L<a href=\"http:\/\/www.impactohuasteco.com\/wp-content\/uploads\/2021\/12\/IMG-20211205-WA0029.jpg\"><img loading=\"lazy\" class=\"alignleft wp-image-10849\" src=\"http:\/\/www.impactohuasteco.com\/wp-content\/uploads\/2021\/12\/IMG-20211205-WA0029-300x225.jpg\" alt=\"\" width=\"566\" height=\"424\" srcset=\"http:\/\/www.impactohuasteco.com\/wp-content\/uploads\/2021\/12\/IMG-20211205-WA0029-300x225.jpg 300w, http:\/\/www.impactohuasteco.com\/wp-content\/uploads\/2021\/12\/IMG-20211205-WA0029-1024x766.jpg 1024w, http:\/\/www.impactohuasteco.com\/wp-content\/uploads\/2021\/12\/IMG-20211205-WA0029-768x575.jpg 768w, http:\/\/www.impactohuasteco.com\/wp-content\/uploads\/2021\/12\/IMG-20211205-WA0029-400x299.jpg 400w, http:\/\/www.impactohuasteco.com\/wp-content\/uploads\/2021\/12\/IMG-20211205-WA0029-802x600.jpg 802w, http:\/\/www.impactohuasteco.com\/wp-content\/uploads\/2021\/12\/IMG-20211205-WA0029.jpg 1280w\" sizes=\"(max-width: 566px) 100vw, 566px\" \/><\/a>a acci\u00f3n fue realizada en la tarde-noche de este domingo en la Plaza Sebasti\u00e1n Lerdo de Tejada de esta capital, luego de asistir a misa en la Catedral Metropolitana, en d\u00f3nde colocaron en cartulinas las letras de liberen a Tito, las cuales fueron iluminadas con las velas y veladoras.<\/strong><\/p>\n<p>&nbsp;<\/p>\n<p><strong>En la <a href=\"http:\/\/www.impactohuasteco.com\/wp-content\/uploads\/2021\/12\/IMG-20211205-WA0025.jpg\"><img loading=\"lazy\" class=\"alignleft wp-image-10848\" src=\"http:\/\/www.impactohuasteco.com\/wp-content\/uploads\/2021\/12\/IMG-20211205-WA0025-300x169.jpg\" alt=\"\" width=\"806\" height=\"454\" srcset=\"http:\/\/www.impactohuasteco.com\/wp-content\/uploads\/2021\/12\/IMG-20211205-WA0025-300x169.jpg 300w, http:\/\/www.impactohuasteco.com\/wp-content\/uploads\/2021\/12\/IMG-20211205-WA0025-1024x576.jpg 1024w, http:\/\/www.impactohuasteco.com\/wp-content\/uploads\/2021\/12\/IMG-20211205-WA0025-768x432.jpg 768w, http:\/\/www.impactohuasteco.com\/wp-content\/uploads\/2021\/12\/IMG-20211205-WA0025-1536x864.jpg 1536w, http:\/\/www.impactohuasteco.com\/wp-content\/uploads\/2021\/12\/IMG-20211205-WA0025-400x225.jpg 400w, http:\/\/www.impactohuasteco.com\/wp-content\/uploads\/2021\/12\/IMG-20211205-WA0025-1067x600.jpg 1067w, http:\/\/www.impactohuasteco.com\/wp-content\/uploads\/2021\/12\/IMG-20211205-WA0025.jpg 1599w\" sizes=\"(max-width: 806px) 100vw, 806px\" \/><\/a>singular manifestaci\u00f3n de protesta, los familiares y amigos de Tito \u201cN\u201d, hicieron p\u00fablico su malestar por su injusto encierro judicial.<\/strong><\/p>\n<p><strong>Y es que el candidato a la presidencia del Comit\u00e9 Directivo Estatal del Partido Acci\u00f3n Nacional (PAN) fue detenido en d\u00edas pasados por elementos de la Polic\u00eda Ministerial del estado y recluido en el penal Regional de Pacho Viejo, Veracruz.<\/strong><\/p>\n<p><strong><a href=\"http:\/\/www.impactohuasteco.com\/wp-content\/uploads\/2021\/12\/IMG-20211205-WA0024.jpg\"><img loading=\"lazy\" class=\"alignleft wp-image-10846\" src=\"http:\/\/www.impactohuasteco.com\/wp-content\/uploads\/2021\/12\/IMG-20211205-WA0024-300x169.jpg\" alt=\"\" width=\"590\" height=\"332\" srcset=\"http:\/\/www.impactohuasteco.com\/wp-content\/uploads\/2021\/12\/IMG-20211205-WA0024-300x169.jpg 300w, http:\/\/www.impactohuasteco.com\/wp-content\/uploads\/2021\/12\/IMG-20211205-WA0024-1024x576.jpg 1024w, http:\/\/www.impactohuasteco.com\/wp-content\/uploads\/2021\/12\/IMG-20211205-WA0024-768x432.jpg 768w, http:\/\/www.impactohuasteco.com\/wp-content\/uploads\/2021\/12\/IMG-20211205-WA0024-1536x864.jpg 1536w, http:\/\/www.impactohuasteco.com\/wp-content\/uploads\/2021\/12\/IMG-20211205-WA0024-400x225.jpg 400w, http:\/\/www.impactohuasteco.com\/wp-content\/uploads\/2021\/12\/IMG-20211205-WA0024-1067x600.jpg 1067w, http:\/\/www.impactohuasteco.com\/wp-content\/uploads\/2021\/12\/IMG-20211205-WA0024.jpg 1599w\" sizes=\"(max-width: 590px) 100vw, 590px\" \/><\/a>Los familiares y amigos del panista consideran que su detenci\u00f3n es arbitraria, por lo tanto exigen que sea liberado ya que la acci\u00f3n ejercida en su contra es una persecuci\u00f3n y represi\u00f3n pol\u00edtica por parte del gobierno del estado y de la fiscal\u00eda general.<\/strong><\/p>\n<p>&nbsp;<\/p>\n","protected":false},"excerpt":{"rendered":"<p>Con cartulinas colocadas en la Plaza Lerdo e iluminadas con veladoras, hacen patente su petici\u00f3n, pues consideran que es arbitraria su detenci\u00f3n. Irineo P\u00e9rez Melo.- Familiares y amigos de Tito \u201cN\u201d prendieron velas y elevaron una oraci\u00f3n para pedir que el trance que vive en este momento termine pronto, y exigieron al gobierno estatal sea liberado. La acci\u00f3n fue realizada en la tarde-noche de este domingo en la Plaza Sebasti\u00e1n Lerdo de Tejada de esta capital, luego de asistir a misa en la Catedral Metropolitana, en d\u00f3nde colocaron en cartulinas las letras de liberen a Tito, las cuales fueron iluminadas [&hellip;]<\/p>\n","protected":false},"author":1,"featured_media":10845,"comment_status":"open","ping_status":"open","sticky":false,"template":"","format":"standard","meta":[],"categories":[11],"tags":[],"_links":{"self":[{"href":"http:\/\/www.impactohuasteco.com\/index.php?rest_route=\/wp\/v2\/posts\/10844"}],"collection":[{"href":"http:\/\/www.impactohuasteco.com\/index.php?rest_route=\/wp\/v2\/posts"}],"about":[{"href":"http:\/\/www.impactohuasteco.com\/index.php?rest_route=\/wp\/v2\/types\/post"}],"author":[{"embeddable":true,"href":"http:\/\/www.impactohuasteco.com\/index.php?rest_route=\/wp\/v2\/users\/1"}],"replies":[{"embeddable":true,"href":"http:\/\/www.impactohuasteco.com\/index.php?rest_route=%2Fwp%2Fv2%2Fcomments&post=10844"}],"version-history":[{"count":4,"href":"http:\/\/www.impactohuasteco.com\/index.php?rest_route=\/wp\/v2\/posts\/10844\/revisions"}],"predecessor-version":[{"id":10853,"href":"http:\/\/www.impactohuasteco.com\/index.php?rest_route=\/wp\/v2\/posts\/10844\/revisions\/10853"}],"wp:featuredmedia":[{"embeddable":true,"href":"http:\/\/www.impactohuasteco.com\/index.php?rest_route=\/wp\/v2\/media\/10845"}],"wp:attachment":[{"href":"http:\/\/www.impactohuasteco.com\/index.php?rest_route=%2Fwp%2Fv2%2Fmedia&parent=10844"}],"wp:term":[{"taxonomy":"category","embeddable":true,"href":"http:\/\/www.impactohuasteco.com\/index.php?rest_route=%2Fwp%2Fv2%2Fcategories&post=10844"},{"taxonomy":"post_tag","embeddable":true,"href":"http:\/\/www.impactohuasteco.com\/index.php?rest_route=%2Fwp%2Fv2%2Ftags&post=10844"}],"curies":[{"name":"wp","href":"https:\/\/api.w.org\/{rel}","templated":true}]}}