{"id":10879,"date":"2021-12-07T19:04:58","date_gmt":"2021-12-07T19:04:58","guid":{"rendered":"http:\/\/www.impactohuasteco.com\/?p=10879"},"modified":"2021-12-07T19:04:58","modified_gmt":"2021-12-07T19:04:58","slug":"en-tiempo-y-forma-la-sev-cubrira-salarios-y-prestaciones-economicas-de-fin-de-ano","status":"publish","type":"post","link":"http:\/\/www.impactohuasteco.com\/?p=10879","title":{"rendered":"EN TIEMPO Y FORMA LA SEV CUBRIR\u00c1 SALARIOS   Y PRESTACIONES ECON\u00d3MICAS DE FIN DE A\u00d1O"},"content":{"rendered":"<ul>\n<li><strong>Se reconoce la disposici\u00f3n del Gobernador del Estado y del titular de la SEV por garantizar el pago oportuno al magisterio veracruzano: Ram\u00f3n Dom\u00ednguez.\u00a0<\/strong><\/li>\n<\/ul>\n<p>Irineo P\u00e9rez Melo.- Ram\u00f3n Dom\u00ednguez Polo, secretario general del Sindicato Magisterial Veracruzano (SMV-FATEEV-CAT), reconoci\u00f3 la disposici\u00f3n del titular de la Secretar\u00eda de Educaci\u00f3n de Veracruz (SEV) al garantizar el pago oportuno para todos los trabajadores de este sector.<br \/>\n<a href=\"http:\/\/www.impactohuasteco.com\/wp-content\/uploads\/2021\/12\/SMV-1.jpg\"><img loading=\"lazy\" class=\"alignleft  wp-image-10856\" src=\"http:\/\/www.impactohuasteco.com\/wp-content\/uploads\/2021\/12\/SMV-1-300x224.jpg\" alt=\"\" width=\"562\" height=\"419\" srcset=\"http:\/\/www.impactohuasteco.com\/wp-content\/uploads\/2021\/12\/SMV-1-300x224.jpg 300w, http:\/\/www.impactohuasteco.com\/wp-content\/uploads\/2021\/12\/SMV-1-1024x765.jpg 1024w, http:\/\/www.impactohuasteco.com\/wp-content\/uploads\/2021\/12\/SMV-1-768x574.jpg 768w, http:\/\/www.impactohuasteco.com\/wp-content\/uploads\/2021\/12\/SMV-1-1536x1148.jpg 1536w, http:\/\/www.impactohuasteco.com\/wp-content\/uploads\/2021\/12\/SMV-1-400x299.jpg 400w, http:\/\/www.impactohuasteco.com\/wp-content\/uploads\/2021\/12\/SMV-1-803x600.jpg 803w, http:\/\/www.impactohuasteco.com\/wp-content\/uploads\/2021\/12\/SMV-1.jpg 1600w\" sizes=\"(max-width: 562px) 100vw, 562px\" \/><\/a>Entrevistado luego de haber encabezado la rifa anual que est\u00e1 organizaci\u00f3n sindical realiza para sus agremiados, el dirigente magisterial, dijo que la incertidumbre que en a\u00f1os anteriores viv\u00eda el magisterio veracruzano por la falta de recursos, qued\u00f3 en el pasado.<\/p>\n<p>En el presente a\u00f1o, dijo, el propio secretario de Educaci\u00f3n desech\u00f3 los rumores que se hab\u00edan vertido en torno a esta situaci\u00f3n y estableci\u00f3 el compromiso del gobernador Cuitl\u00e1huac Garc\u00eda Jim\u00e9nez de cubrir en tiempo y forma los salarios y prestaciones econ\u00f3micas de fin de a\u00f1o a qu\u00e9 tienen derecho los agremiados.<br \/>\n<a href=\"http:\/\/www.impactohuasteco.com\/wp-content\/uploads\/2021\/12\/SMV-2.jpg\"><img loading=\"lazy\" class=\"alignleft  wp-image-10857\" src=\"http:\/\/www.impactohuasteco.com\/wp-content\/uploads\/2021\/12\/SMV-2-300x224.jpg\" alt=\"\" width=\"525\" height=\"392\" srcset=\"http:\/\/www.impactohuasteco.com\/wp-content\/uploads\/2021\/12\/SMV-2-300x224.jpg 300w, http:\/\/www.impactohuasteco.com\/wp-content\/uploads\/2021\/12\/SMV-2-1024x765.jpg 1024w, http:\/\/www.impactohuasteco.com\/wp-content\/uploads\/2021\/12\/SMV-2-768x574.jpg 768w, http:\/\/www.impactohuasteco.com\/wp-content\/uploads\/2021\/12\/SMV-2-1536x1148.jpg 1536w, http:\/\/www.impactohuasteco.com\/wp-content\/uploads\/2021\/12\/SMV-2-400x299.jpg 400w, http:\/\/www.impactohuasteco.com\/wp-content\/uploads\/2021\/12\/SMV-2-803x600.jpg 803w, http:\/\/www.impactohuasteco.com\/wp-content\/uploads\/2021\/12\/SMV-2.jpg 1600w\" sizes=\"(max-width: 525px) 100vw, 525px\" \/><\/a><br \/>\nY tan es as\u00ed que ya se establecieron las fechas en que se har\u00e1 la dispersi\u00f3n de los salarios para todos los trabajadores de la SEV.<\/p>\n<p>\u201cEl pago de la quincena 23 (que corresponde a la primera de diciembre) se pagar\u00e1 el d\u00eda 15; mientras que la quincena 24 (segunda de diciembre) y el pago de la mitad del aguinaldo y dem\u00e1s prestaciones econ\u00f3micas se pagar\u00e1 el 17 de diciembre que es el \u00faltimo d\u00eda laborable de este a\u00f1o, porque el 20 de diciembre inicia el periodo vacacional de fin de a\u00f1o\u201d, a\u00f1adi\u00f3.<br \/>\n<a href=\"http:\/\/www.impactohuasteco.com\/wp-content\/uploads\/2021\/12\/SMV-3.jpg\"><img loading=\"lazy\" class=\"alignleft  wp-image-10858\" src=\"http:\/\/www.impactohuasteco.com\/wp-content\/uploads\/2021\/12\/SMV-3-300x224.jpg\" alt=\"\" width=\"533\" height=\"398\" srcset=\"http:\/\/www.impactohuasteco.com\/wp-content\/uploads\/2021\/12\/SMV-3-300x224.jpg 300w, http:\/\/www.impactohuasteco.com\/wp-content\/uploads\/2021\/12\/SMV-3-1024x765.jpg 1024w, http:\/\/www.impactohuasteco.com\/wp-content\/uploads\/2021\/12\/SMV-3-768x574.jpg 768w, http:\/\/www.impactohuasteco.com\/wp-content\/uploads\/2021\/12\/SMV-3-1536x1148.jpg 1536w, http:\/\/www.impactohuasteco.com\/wp-content\/uploads\/2021\/12\/SMV-3-400x299.jpg 400w, http:\/\/www.impactohuasteco.com\/wp-content\/uploads\/2021\/12\/SMV-3-803x600.jpg 803w, http:\/\/www.impactohuasteco.com\/wp-content\/uploads\/2021\/12\/SMV-3.jpg 1600w\" sizes=\"(max-width: 533px) 100vw, 533px\" \/><\/a><br \/>\nReiter\u00f3 que los pagos est\u00e1n garantizados y ahora es cuesti\u00f3n de los socios que est\u00e9n pendientes, para que en caso de una inconsistencia, realizar las acciones correspondientes.<\/p>\n<p>Recomend\u00f3 a sus agremiados a andar con perfil bajo, no andarse luciendo, son econom\u00edas que se ganaron en todo el a\u00f1o y se debe de atender en primer lugar las necesidades de la familia.<\/p>\n<p>Con respecto a la rifa anual, dijo que se realiza por cuarta ocasi\u00f3n y dos de ellas de manera virtual, por la pandemia que azot\u00f3 al pa\u00eds y al estado de Veracruz, y fueron sorteados 122 regalos, entre refrigeradores, frigobares, aparatos electr\u00f3nicos, digitales y electrodom\u00e9sticos, as\u00ed como bolsas y perfumes, entre otros.<\/p>\n<p>El sorteo se realiz\u00f3 en virtualmente y los ganadores deber\u00e1n acudir a la sede sindical a recogerlos en los pr\u00f3ximos d\u00edas, cumpliendo con todas las medidas sanitarias que se tienen establecidos contra la pandemia del COVID-19, concluy\u00f3.<\/p>\n<p>&nbsp;<\/p>\n","protected":false},"excerpt":{"rendered":"<p>Se reconoce la disposici\u00f3n del Gobernador del Estado y del titular de la SEV por garantizar el pago oportuno al magisterio veracruzano: Ram\u00f3n Dom\u00ednguez.\u00a0 Irineo P\u00e9rez Melo.- Ram\u00f3n Dom\u00ednguez Polo, secretario general del Sindicato Magisterial Veracruzano (SMV-FATEEV-CAT), reconoci\u00f3 la disposici\u00f3n del titular de la Secretar\u00eda de Educaci\u00f3n de Veracruz (SEV) al garantizar el pago oportuno para todos los trabajadores de este sector. Entrevistado luego de haber encabezado la rifa anual que est\u00e1 organizaci\u00f3n sindical realiza para sus agremiados, el dirigente magisterial, dijo que la incertidumbre que en a\u00f1os anteriores viv\u00eda el magisterio veracruzano por la falta de recursos, qued\u00f3 en [&hellip;]<\/p>\n","protected":false},"author":1,"featured_media":10855,"comment_status":"open","ping_status":"open","sticky":false,"template":"","format":"standard","meta":[],"categories":[11],"tags":[],"_links":{"self":[{"href":"http:\/\/www.impactohuasteco.com\/index.php?rest_route=\/wp\/v2\/posts\/10879"}],"collection":[{"href":"http:\/\/www.impactohuasteco.com\/index.php?rest_route=\/wp\/v2\/posts"}],"about":[{"href":"http:\/\/www.impactohuasteco.com\/index.php?rest_route=\/wp\/v2\/types\/post"}],"author":[{"embeddable":true,"href":"http:\/\/www.impactohuasteco.com\/index.php?rest_route=\/wp\/v2\/users\/1"}],"replies":[{"embeddable":true,"href":"http:\/\/www.impactohuasteco.com\/index.php?rest_route=%2Fwp%2Fv2%2Fcomments&post=10879"}],"version-history":[{"count":2,"href":"http:\/\/www.impactohuasteco.com\/index.php?rest_route=\/wp\/v2\/posts\/10879\/revisions"}],"predecessor-version":[{"id":10881,"href":"http:\/\/www.impactohuasteco.com\/index.php?rest_route=\/wp\/v2\/posts\/10879\/revisions\/10881"}],"wp:featuredmedia":[{"embeddable":true,"href":"http:\/\/www.impactohuasteco.com\/index.php?rest_route=\/wp\/v2\/media\/10855"}],"wp:attachment":[{"href":"http:\/\/www.impactohuasteco.com\/index.php?rest_route=%2Fwp%2Fv2%2Fmedia&parent=10879"}],"wp:term":[{"taxonomy":"category","embeddable":true,"href":"http:\/\/www.impactohuasteco.com\/index.php?rest_route=%2Fwp%2Fv2%2Fcategories&post=10879"},{"taxonomy":"post_tag","embeddable":true,"href":"http:\/\/www.impactohuasteco.com\/index.php?rest_route=%2Fwp%2Fv2%2Ftags&post=10879"}],"curies":[{"name":"wp","href":"https:\/\/api.w.org\/{rel}","templated":true}]}}