{"id":11338,"date":"2022-01-16T05:11:36","date_gmt":"2022-01-16T05:11:36","guid":{"rendered":"http:\/\/www.impactohuasteco.com\/?p=11338"},"modified":"2022-01-16T05:11:36","modified_gmt":"2022-01-16T05:11:36","slug":"revisaran-programa-de-produccion-del-bienestar-se-constatara-que-beneficiarios-realicen-sus-actividades-por-las-cuales-reciben-el-apoyo","status":"publish","type":"post","link":"http:\/\/www.impactohuasteco.com\/?p=11338","title":{"rendered":"REVISAR\u00c1N PROGRAMA DE PRODUCCI\u00d3N DEL BIENESTAR, SE CONSTATAR\u00c1 QUE   BENEFICIARIOS REALICEN SUS ACTIVIDADES POR LAS CUALES RECIBEN EL APOYO"},"content":{"rendered":"<ul>\n<li><strong>Padrones est\u00e1n bien integrados porque se hicieron asambleas comunitarias para ello: Manuel Huerta.\u00a0<\/strong><\/li>\n<\/ul>\n<p><strong>Irineo P\u00e9rez Melo.- La Secretar\u00eda del Bienestar har\u00e1 una revisi\u00f3n minuciosa del Programa de Producci\u00f3n del Bienestar para verificar que los beneficiarios realicen las actividades propias por las cuales se les otorga el apoyo econ\u00f3mico de dicho programa, asegur\u00f3 su titular en el estado, Manuel Huerta Ladr\u00f3n de Guevara.\u00a0<\/strong><strong><\/p>\n<p><\/strong><strong>En entrevista, el funcionario federal, precis\u00f3 que en esta revisi\u00f3n se har\u00e1 a los productores de las ramas productivas de ma\u00edz, caf\u00e9, ca\u00f1a de az\u00facar, entre otros que se incluyen para recibir estos beneficios del gobierno federal.\u00a0<\/strong><strong><br \/>\n<a href=\"http:\/\/www.impactohuasteco.com\/wp-content\/uploads\/2022\/01\/MANUEL-HUERTA.jpg\"><img loading=\"lazy\" class=\"alignleft  wp-image-11341\" src=\"http:\/\/www.impactohuasteco.com\/wp-content\/uploads\/2022\/01\/MANUEL-HUERTA-300x142.jpg\" alt=\"\" width=\"623\" height=\"295\" srcset=\"http:\/\/www.impactohuasteco.com\/wp-content\/uploads\/2022\/01\/MANUEL-HUERTA-300x142.jpg 300w, http:\/\/www.impactohuasteco.com\/wp-content\/uploads\/2022\/01\/MANUEL-HUERTA-1024x484.jpg 1024w, http:\/\/www.impactohuasteco.com\/wp-content\/uploads\/2022\/01\/MANUEL-HUERTA-768x363.jpg 768w, http:\/\/www.impactohuasteco.com\/wp-content\/uploads\/2022\/01\/MANUEL-HUERTA-1536x726.jpg 1536w, http:\/\/www.impactohuasteco.com\/wp-content\/uploads\/2022\/01\/MANUEL-HUERTA-400x189.jpg 400w, http:\/\/www.impactohuasteco.com\/wp-content\/uploads\/2022\/01\/MANUEL-HUERTA-1270x600.jpg 1270w, http:\/\/www.impactohuasteco.com\/wp-content\/uploads\/2022\/01\/MANUEL-HUERTA.jpg 1600w\" sizes=\"(max-width: 623px) 100vw, 623px\" \/><\/a><\/strong><strong>Reconoci\u00f3 que el sector de la ca\u00f1a es la que se estar\u00e1 revisando de manera puntual, al tiempo de se\u00f1alar que la elaboraci\u00f3n del padr\u00f3n est\u00e1 bien integrada, porque para ello se hicieron asambleas comunitarias, pero mucho del padr\u00f3n se heredaron de programas que exist\u00edan, como Procampo y Proagro.\u00a0<\/strong><strong><\/p>\n<p><\/strong><strong>\u201cNo vaya a ser que ah\u00ed se quedaron algunos con malas pr\u00e1cticas y que hay que revisar, que adem\u00e1s es una obligaci\u00f3n del gobierno, estar revisando peri\u00f3dicamente, entonces haremos eso, aprovechando la veda electoral, por la revocaci\u00f3n de mandato y veremos que nos autorizan para que antes del ciclo primavera-verano y oto\u00f1o-invierno, podamos llegar con los recursos apropiados\u201d, a\u00f1adi\u00f3.\u00a0<\/strong><strong><\/p>\n<p><\/strong><strong>El funcionario federal neg\u00f3 que se hayan detectado casos donde no se est\u00e9n aplicando los recursos para la siembra de los cultivos y admiti\u00f3 que, para el caso de los productores de caf\u00e9, s\u00ed lo est\u00e1n haciendo; el sector de la ca\u00f1a es el que se estar\u00e1 m\u00e1s al pendiente, sobre todo a los productores de zonas ind\u00edgenas, apunt\u00f3.\u00a0<\/strong><strong><\/p>\n<p><\/strong><strong>Por cuanto hace al programa de Becas Benito Ju\u00e1rez y de Adultos Mayores, dijo que son los que se est\u00e1n priorizando en estos momentos y adelant\u00f3 que para el pr\u00f3ximo mi\u00e9rcoles, se dar\u00e1n a conocer las sucursales del Banco del Bienestar que inaugurar\u00e1 el presidente Andr\u00e9s Manuel L\u00f3pez Obrador, de la que en la entidad se contar\u00e1n con 16 de ellas.\u00a0<\/strong><strong><\/p>\n<p><\/strong><strong>\u201cVeracruz ser\u00e1 de los estados que m\u00e1s sucursales abrir\u00e1 por su dimensi\u00f3n, por su importancia y porque hemos trabajado mucho. Ser\u00e1 al final 200 en todo el pa\u00eds y 16 en Veracruz, es el primer tiro la pr\u00f3xima semana\u201d, abund\u00f3.\u00a0<\/strong><strong><\/p>\n<p><\/strong><strong>Por cuanto hace a los se\u00f1alamientos en el sentido que servidores p\u00fablicos est\u00e9n cobrando pensi\u00f3n del Bienestar, dijo que no es moral ni \u00e9tico que lo hagan o afirmen que tienen derecho a cobrar dicho recurso, a pesar de estar establecido constitucionalmente para aquellos que tienen 65 a\u00f1os o m\u00e1s.\u00a0<\/strong><\/p>\n<p><strong>En ese tenor, dijo que en el gobierno federal se tiene prohibido, incluso tambi\u00e9n para los servidores de la naci\u00f3n.<\/strong><\/p>\n","protected":false},"excerpt":{"rendered":"<p>Padrones est\u00e1n bien integrados porque se hicieron asambleas comunitarias para ello: Manuel Huerta.\u00a0 Irineo P\u00e9rez Melo.- La Secretar\u00eda del Bienestar har\u00e1 una revisi\u00f3n minuciosa del Programa de Producci\u00f3n del Bienestar para verificar que los beneficiarios realicen las actividades propias por las cuales se les otorga el apoyo econ\u00f3mico de dicho programa, asegur\u00f3 su titular en el estado, Manuel Huerta Ladr\u00f3n de Guevara.\u00a0 En entrevista, el funcionario federal, precis\u00f3 que en esta revisi\u00f3n se har\u00e1 a los productores de las ramas productivas de ma\u00edz, caf\u00e9, ca\u00f1a de az\u00facar, entre otros que se incluyen para recibir estos beneficios del gobierno federal.\u00a0 Reconoci\u00f3 [&hellip;]<\/p>\n","protected":false},"author":1,"featured_media":11340,"comment_status":"open","ping_status":"open","sticky":false,"template":"","format":"standard","meta":[],"categories":[11],"tags":[],"_links":{"self":[{"href":"http:\/\/www.impactohuasteco.com\/index.php?rest_route=\/wp\/v2\/posts\/11338"}],"collection":[{"href":"http:\/\/www.impactohuasteco.com\/index.php?rest_route=\/wp\/v2\/posts"}],"about":[{"href":"http:\/\/www.impactohuasteco.com\/index.php?rest_route=\/wp\/v2\/types\/post"}],"author":[{"embeddable":true,"href":"http:\/\/www.impactohuasteco.com\/index.php?rest_route=\/wp\/v2\/users\/1"}],"replies":[{"embeddable":true,"href":"http:\/\/www.impactohuasteco.com\/index.php?rest_route=%2Fwp%2Fv2%2Fcomments&post=11338"}],"version-history":[{"count":1,"href":"http:\/\/www.impactohuasteco.com\/index.php?rest_route=\/wp\/v2\/posts\/11338\/revisions"}],"predecessor-version":[{"id":11342,"href":"http:\/\/www.impactohuasteco.com\/index.php?rest_route=\/wp\/v2\/posts\/11338\/revisions\/11342"}],"wp:featuredmedia":[{"embeddable":true,"href":"http:\/\/www.impactohuasteco.com\/index.php?rest_route=\/wp\/v2\/media\/11340"}],"wp:attachment":[{"href":"http:\/\/www.impactohuasteco.com\/index.php?rest_route=%2Fwp%2Fv2%2Fmedia&parent=11338"}],"wp:term":[{"taxonomy":"category","embeddable":true,"href":"http:\/\/www.impactohuasteco.com\/index.php?rest_route=%2Fwp%2Fv2%2Fcategories&post=11338"},{"taxonomy":"post_tag","embeddable":true,"href":"http:\/\/www.impactohuasteco.com\/index.php?rest_route=%2Fwp%2Fv2%2Ftags&post=11338"}],"curies":[{"name":"wp","href":"https:\/\/api.w.org\/{rel}","templated":true}]}}