{"id":11435,"date":"2022-01-24T04:59:03","date_gmt":"2022-01-24T04:59:03","guid":{"rendered":"http:\/\/www.impactohuasteco.com\/?p=11435"},"modified":"2022-01-24T04:59:03","modified_gmt":"2022-01-24T04:59:03","slug":"si-habra-revocacion-de-mandato-presidencial-se-supero-el-3-de-firmas-de-apoyo-para-hacerlo-ine","status":"publish","type":"post","link":"http:\/\/www.impactohuasteco.com\/?p=11435","title":{"rendered":"S\u00cd HABR\u00c1 REVOCACI\u00d3N DE MANDATO PRESIDENCIAL, SE   SUPER\u00d3 EL 3% DE FIRMAS DE APOYO PARA HACERLO: INE"},"content":{"rendered":"<ul>\n<li><strong>El 4 de febrero se emitir\u00e1 la convocatoria para ese ejercicio democr\u00e1tico a celebrarse el 10 de abril del a\u00f1o en curso: Josu\u00e9 Mart\u00ednez.\u00a0<\/strong><\/li>\n<\/ul>\n<p>Irineo P\u00e9rez Melo.- Pese a las descalificaciones realizadas por actores pol\u00edticos contra del Instituto Nacional Electoral (INE) y del aspecto presupuestal que est\u00e1 en litigio, la instituci\u00f3n sigue con su trabajo de validaci\u00f3n del 3% de las firmas requeridas para ir a la revocaci\u00f3n del mandato, el cual ya est\u00e1 superado y habr\u00e1 este ejercicio democr\u00e1tico el pr\u00f3ximo 10 de abril, asegur\u00f3 Josu\u00e9 Cervantes Mart\u00ednez, titular del Instituto en el estado.<br \/>\n<a href=\"http:\/\/www.impactohuasteco.com\/wp-content\/uploads\/2022\/01\/thumbnail_INE.jpg\"><img loading=\"lazy\" class=\"alignleft  wp-image-11437\" src=\"http:\/\/www.impactohuasteco.com\/wp-content\/uploads\/2022\/01\/thumbnail_INE-300x300.jpg\" alt=\"\" width=\"524\" height=\"524\" srcset=\"http:\/\/www.impactohuasteco.com\/wp-content\/uploads\/2022\/01\/thumbnail_INE-300x300.jpg 300w, http:\/\/www.impactohuasteco.com\/wp-content\/uploads\/2022\/01\/thumbnail_INE-1024x1024.jpg 1024w, http:\/\/www.impactohuasteco.com\/wp-content\/uploads\/2022\/01\/thumbnail_INE-150x150.jpg 150w, http:\/\/www.impactohuasteco.com\/wp-content\/uploads\/2022\/01\/thumbnail_INE-768x768.jpg 768w, http:\/\/www.impactohuasteco.com\/wp-content\/uploads\/2022\/01\/thumbnail_INE-130x130.jpg 130w, http:\/\/www.impactohuasteco.com\/wp-content\/uploads\/2022\/01\/thumbnail_INE-400x400.jpg 400w, http:\/\/www.impactohuasteco.com\/wp-content\/uploads\/2022\/01\/thumbnail_INE-600x600.jpg 600w, http:\/\/www.impactohuasteco.com\/wp-content\/uploads\/2022\/01\/thumbnail_INE.jpg 1280w\" sizes=\"(max-width: 524px) 100vw, 524px\" \/><\/a>Entrevistado en sus oficinas, el funcionario federal se\u00f1al\u00f3 que en el caso de Veracruz se logr\u00f3 casi el 105% de la lista del padr\u00f3n electoral, en donde se esperaba 176 mil 257 apoyos y los tienen cuantificados hasta ahora 185 mil 058, los cuales \u201cse van a ir verificando y no descarto que seguir\u00e1n acumul\u00e1ndose m\u00e1s apoyos.<\/p>\n<p>Con todos estos resultados, dijo que como lo ha se\u00f1alado el presidente del Consejo Nacional del INE, Lorenzo C\u00f3rdoba, \u201cprobablemente habr\u00e1 revocaci\u00f3n de mandato, lo que implicar\u00e1 emitir la convocatoria respectiva, el cual ocurrir\u00e1 el 4 de febrero pr\u00f3ximo\u201d, por lo que de esa fecha al 10 de abril es un tiempo corto para preparar todo este proceso electoral.<\/p>\n<p>Sin embargo, revel\u00f3 que de antemano se ha adelantado mucho trabajo y desde el mes pasado, las Juntas Distritales del INE ya recorrieron las secciones de la entidad, para ubicar los lugares donde se instalar\u00e1n las mesas directivas de casilla; desde el pasado 10 de enero se instalaron los consejos distritales del INE, y ya est\u00e1n realizando las visitas de examinaci\u00f3n de los lugares en donde se instalar\u00e1n las casillas electorales.<\/p>\n<p>Adem\u00e1s, dijo, se sigue actualizando el padr\u00f3n y la lista nominal, y todos estos preparativos para estar a punto, para que se lleve a cabo la insaculaci\u00f3n de quienes ser\u00e1n las y los funcionarios de casillas, en donde se sorte\u00f3 el mes de mayo para que todas las y los ciudadanos inscritos en el padr\u00f3n nacidos en ese mes, participen en este proceso, que se contempla efectuarse el 20 de febrero pr\u00f3ximo.<\/p>\n<p>De las voces que presionan para que se validen todas las firmas, les respondi\u00f3 que \u201cas\u00ed se har\u00e1, vamos a validar todas las firmas\u201d, que a nivel nacional suman m\u00e1s de once millones, de las cuales alrededor de 2 millones se hicieron a trav\u00e9s de la App y el resto en f\u00edsico, lo que implica un arduo trabajo para todos los que laboran en el instituto.<\/p>\n<p>Se\u00f1al\u00f3 que al menos al corte del 19 de enero, \u201cya est\u00e1 superado el umbral necesario para que se lleve a cabo esta revocaci\u00f3n de mandato, sin embargo el INE anunci\u00f3 que se continuar\u00e1 haciendo la revisi\u00f3n y hasta agotar la totalidad de las firmas recibidas, para poderlas validar, o en su caso descartar si tuvieran alguna inconsistencia\u201d, a\u00f1adi\u00f3.<\/p>\n<p>De esto \u00faltimo, sin precisar n\u00fameros, porque esta validaci\u00f3n no es del \u00e1mbito de la Junta Local del INE, admiti\u00f3 que s\u00ed se han encontrado personas fallecidas, se han encontrado personas que est\u00e1n en prisi\u00f3n preventiva o recluida de su libertad, pero cuya credencial no est\u00e1 vigente; eso es parte de lo que se ha ido hallando.<\/p>\n<p>&nbsp;<\/p>\n","protected":false},"excerpt":{"rendered":"<p>El 4 de febrero se emitir\u00e1 la convocatoria para ese ejercicio democr\u00e1tico a celebrarse el 10 de abril del a\u00f1o en curso: Josu\u00e9 Mart\u00ednez.\u00a0 Irineo P\u00e9rez Melo.- Pese a las descalificaciones realizadas por actores pol\u00edticos contra del Instituto Nacional Electoral (INE) y del aspecto presupuestal que est\u00e1 en litigio, la instituci\u00f3n sigue con su trabajo de validaci\u00f3n del 3% de las firmas requeridas para ir a la revocaci\u00f3n del mandato, el cual ya est\u00e1 superado y habr\u00e1 este ejercicio democr\u00e1tico el pr\u00f3ximo 10 de abril, asegur\u00f3 Josu\u00e9 Cervantes Mart\u00ednez, titular del Instituto en el estado. Entrevistado en sus oficinas, el [&hellip;]<\/p>\n","protected":false},"author":1,"featured_media":11436,"comment_status":"open","ping_status":"open","sticky":false,"template":"","format":"standard","meta":[],"categories":[11],"tags":[],"_links":{"self":[{"href":"http:\/\/www.impactohuasteco.com\/index.php?rest_route=\/wp\/v2\/posts\/11435"}],"collection":[{"href":"http:\/\/www.impactohuasteco.com\/index.php?rest_route=\/wp\/v2\/posts"}],"about":[{"href":"http:\/\/www.impactohuasteco.com\/index.php?rest_route=\/wp\/v2\/types\/post"}],"author":[{"embeddable":true,"href":"http:\/\/www.impactohuasteco.com\/index.php?rest_route=\/wp\/v2\/users\/1"}],"replies":[{"embeddable":true,"href":"http:\/\/www.impactohuasteco.com\/index.php?rest_route=%2Fwp%2Fv2%2Fcomments&post=11435"}],"version-history":[{"count":1,"href":"http:\/\/www.impactohuasteco.com\/index.php?rest_route=\/wp\/v2\/posts\/11435\/revisions"}],"predecessor-version":[{"id":11438,"href":"http:\/\/www.impactohuasteco.com\/index.php?rest_route=\/wp\/v2\/posts\/11435\/revisions\/11438"}],"wp:featuredmedia":[{"embeddable":true,"href":"http:\/\/www.impactohuasteco.com\/index.php?rest_route=\/wp\/v2\/media\/11436"}],"wp:attachment":[{"href":"http:\/\/www.impactohuasteco.com\/index.php?rest_route=%2Fwp%2Fv2%2Fmedia&parent=11435"}],"wp:term":[{"taxonomy":"category","embeddable":true,"href":"http:\/\/www.impactohuasteco.com\/index.php?rest_route=%2Fwp%2Fv2%2Fcategories&post=11435"},{"taxonomy":"post_tag","embeddable":true,"href":"http:\/\/www.impactohuasteco.com\/index.php?rest_route=%2Fwp%2Fv2%2Ftags&post=11435"}],"curies":[{"name":"wp","href":"https:\/\/api.w.org\/{rel}","templated":true}]}}