{"id":11505,"date":"2022-01-27T06:18:50","date_gmt":"2022-01-27T06:18:50","guid":{"rendered":"http:\/\/www.impactohuasteco.com\/?p=11505"},"modified":"2022-01-27T06:18:50","modified_gmt":"2022-01-27T06:18:50","slug":"escasez-de-limon-podria-prolongarse-hasta-marzo-proximo-por-lo-que-su-precio-seguira-por-las-nubes","status":"publish","type":"post","link":"http:\/\/www.impactohuasteco.com\/?p=11505","title":{"rendered":"ESCASEZ DE LIM\u00d3N PODR\u00cdA PROLONGARSE HASTA MARZO   PR\u00d3XIMO, POR LO QUE SU PRECIO SEGUIR\u00c1 POR LAS NUBES"},"content":{"rendered":"<ul>\n<li><strong>Las condiciones climatol\u00f3gicas del a\u00f1o pasado afectaron la producci\u00f3n en las fincas, por lo que no se puede abastecer el mercado.\u00a0<\/strong><\/li>\n<\/ul>\n<p>Irineo P\u00e9rez Melo.- Derivado de las condiciones climatol\u00f3gicas que ocasion\u00f3 el Hurac\u00e1n Grace en septiembre pasado, se tienen una escasez de lim\u00f3n en los mercados nacional y regional, mismo que ha derivado\u00a0\u00a0en un encarecimiento del c\u00edtrico, el cual podr\u00eda continuar durante los siguientes tres meses.<br \/>\n<a href=\"http:\/\/www.impactohuasteco.com\/wp-content\/uploads\/2022\/01\/LIMON-2.jpg\"><img loading=\"lazy\" class=\"alignleft  wp-image-11507\" src=\"http:\/\/www.impactohuasteco.com\/wp-content\/uploads\/2022\/01\/LIMON-2-225x300.jpg\" alt=\"\" width=\"459\" height=\"612\" srcset=\"http:\/\/www.impactohuasteco.com\/wp-content\/uploads\/2022\/01\/LIMON-2-225x300.jpg 225w, http:\/\/www.impactohuasteco.com\/wp-content\/uploads\/2022\/01\/LIMON-2-768x1024.jpg 768w, http:\/\/www.impactohuasteco.com\/wp-content\/uploads\/2022\/01\/LIMON-2-400x533.jpg 400w, http:\/\/www.impactohuasteco.com\/wp-content\/uploads\/2022\/01\/LIMON-2-450x600.jpg 450w, http:\/\/www.impactohuasteco.com\/wp-content\/uploads\/2022\/01\/LIMON-2.jpg 1080w\" sizes=\"(max-width: 459px) 100vw, 459px\" \/><\/a>De acuerdo a los reportes de productores del municipio de Emiliano Zapata, se destaca que el precio de este c\u00edtrico no disminuir\u00e1 a corto plazo, sino que continuar\u00e1 igual de caro en los centros de abastecimiento regionales, afectando con ellos a los consumidores, que con el costo r\u00e9cord que ha alcanzado, los imposibilita a degustarlos.<\/p>\n<p>Y es que la escasez de este producto ha provocado que encarezca tanto en el estado de Veracruz como en los diversos mercados y centros comerciales del pa\u00eds donde un kilogramo del c\u00edtrico se vende en m\u00e1s de 70 pesos, se indic\u00f3.<br \/>\n<a href=\"http:\/\/www.impactohuasteco.com\/wp-content\/uploads\/2022\/01\/thumbnail_LIMON-1.jpg\"><img loading=\"lazy\" class=\"alignleft  wp-image-11508\" src=\"http:\/\/www.impactohuasteco.com\/wp-content\/uploads\/2022\/01\/thumbnail_LIMON-1-225x300.jpg\" alt=\"\" width=\"459\" height=\"612\" srcset=\"http:\/\/www.impactohuasteco.com\/wp-content\/uploads\/2022\/01\/thumbnail_LIMON-1-225x300.jpg 225w, http:\/\/www.impactohuasteco.com\/wp-content\/uploads\/2022\/01\/thumbnail_LIMON-1-400x533.jpg 400w, http:\/\/www.impactohuasteco.com\/wp-content\/uploads\/2022\/01\/thumbnail_LIMON-1-450x600.jpg 450w, http:\/\/www.impactohuasteco.com\/wp-content\/uploads\/2022\/01\/thumbnail_LIMON-1.jpg 720w\" sizes=\"(max-width: 459px) 100vw, 459px\" \/><\/a>\u201cAhorita ya no hay, por tant\u00edsima agua se nos abri\u00f3 la floraci\u00f3n en los meses de agosto y septiembre y ya no tenemos lim\u00f3n para lo que resta de enero y febrero\u201d, explic\u00f3 el productor Jos\u00e9 El\u00edas Contreras Paredes.<\/p>\n<p>En algunos lugares del pa\u00eds, el kilogramo de lim\u00f3n ha alcanzado hasta los 100 pesos el kilogramo; en municipios como Emiliano Zapata, en el estado de Veracruz, estado l\u00edder en producci\u00f3n de c\u00edtricos, la reja de entre 25 y 27 kilos se vende hasta en 1 mil 200 pesos, es decir, poco m\u00e1s de 40 pesos por kilogramo.<\/p>\n<p>En entrevista, Don El\u00edas, cont\u00f3 que las empacadoras citr\u00edcolas de la regi\u00f3n, para poder surtir los pedidos han tenido que comprar el producto de los estados de Tabasco, Campeche y Oaxaca para cumplir con los compromisos que tienen de los votos de exportaci\u00f3n hacia los Estados Unidos y pa\u00edses europeos.<br \/>\n<a href=\"http:\/\/www.impactohuasteco.com\/wp-content\/uploads\/2022\/01\/thumbnail_LIMON-3.jpg\"><img loading=\"lazy\" class=\"alignleft  wp-image-11509\" src=\"http:\/\/www.impactohuasteco.com\/wp-content\/uploads\/2022\/01\/thumbnail_LIMON-3-300x138.jpg\" alt=\"\" width=\"474\" height=\"218\" srcset=\"http:\/\/www.impactohuasteco.com\/wp-content\/uploads\/2022\/01\/thumbnail_LIMON-3-300x138.jpg 300w, http:\/\/www.impactohuasteco.com\/wp-content\/uploads\/2022\/01\/thumbnail_LIMON-3-1024x473.jpg 1024w, http:\/\/www.impactohuasteco.com\/wp-content\/uploads\/2022\/01\/thumbnail_LIMON-3-768x354.jpg 768w, http:\/\/www.impactohuasteco.com\/wp-content\/uploads\/2022\/01\/thumbnail_LIMON-3-1536x709.jpg 1536w, http:\/\/www.impactohuasteco.com\/wp-content\/uploads\/2022\/01\/thumbnail_LIMON-3-400x185.jpg 400w, http:\/\/www.impactohuasteco.com\/wp-content\/uploads\/2022\/01\/thumbnail_LIMON-3-1300x600.jpg 1300w, http:\/\/www.impactohuasteco.com\/wp-content\/uploads\/2022\/01\/thumbnail_LIMON-3.jpg 1599w\" sizes=\"(max-width: 474px) 100vw, 474px\" \/><\/a>Dio a conocer que las carencias de frutos es por las afectaciones que dej\u00f3 a su paso por el estado el hurac\u00e1n \u201cGrace\u201d en septiembre del a\u00f1o pasado, derribando \u00e1rboles y en las fincas d\u00f3nde \u00e1rboles quedaron en pie, quedaron\u00a0\u00a0desramados y con escasas flores, lo que trajo consigo menor cantidad de cosecha.<\/p>\n<p>A esta situaci\u00f3n, ahora se suma el problema de la inseguridad, debido a que las fincas d\u00f3nde se cultivan limones, el escaso producto es robado por las noches, y existe el temor de que se puedan tener situaciones que lamentar por esta situaci\u00f3n imperante, al no poder contar con seguridad para evitar est\u00e1s acciones de la delincuencia.<\/p>\n<p>Como limoneros calculan que ser\u00e1n, al menos, a mediados de este 2022, aunque el florecimiento es en marzo para producir en agosto y septiembre, que es la cosecha grande y, por lo tanto, hasta entonces podr\u00eda bajar de precio el producto, detall\u00f3 por \u00faltimo don El\u00edas.<\/p>\n","protected":false},"excerpt":{"rendered":"<p>Las condiciones climatol\u00f3gicas del a\u00f1o pasado afectaron la producci\u00f3n en las fincas, por lo que no se puede abastecer el mercado.\u00a0 Irineo P\u00e9rez Melo.- Derivado de las condiciones climatol\u00f3gicas que ocasion\u00f3 el Hurac\u00e1n Grace en septiembre pasado, se tienen una escasez de lim\u00f3n en los mercados nacional y regional, mismo que ha derivado\u00a0\u00a0en un encarecimiento del c\u00edtrico, el cual podr\u00eda continuar durante los siguientes tres meses. De acuerdo a los reportes de productores del municipio de Emiliano Zapata, se destaca que el precio de este c\u00edtrico no disminuir\u00e1 a corto plazo, sino que continuar\u00e1 igual de caro en los centros [&hellip;]<\/p>\n","protected":false},"author":1,"featured_media":11506,"comment_status":"open","ping_status":"open","sticky":false,"template":"","format":"standard","meta":[],"categories":[11],"tags":[],"_links":{"self":[{"href":"http:\/\/www.impactohuasteco.com\/index.php?rest_route=\/wp\/v2\/posts\/11505"}],"collection":[{"href":"http:\/\/www.impactohuasteco.com\/index.php?rest_route=\/wp\/v2\/posts"}],"about":[{"href":"http:\/\/www.impactohuasteco.com\/index.php?rest_route=\/wp\/v2\/types\/post"}],"author":[{"embeddable":true,"href":"http:\/\/www.impactohuasteco.com\/index.php?rest_route=\/wp\/v2\/users\/1"}],"replies":[{"embeddable":true,"href":"http:\/\/www.impactohuasteco.com\/index.php?rest_route=%2Fwp%2Fv2%2Fcomments&post=11505"}],"version-history":[{"count":3,"href":"http:\/\/www.impactohuasteco.com\/index.php?rest_route=\/wp\/v2\/posts\/11505\/revisions"}],"predecessor-version":[{"id":11512,"href":"http:\/\/www.impactohuasteco.com\/index.php?rest_route=\/wp\/v2\/posts\/11505\/revisions\/11512"}],"wp:featuredmedia":[{"embeddable":true,"href":"http:\/\/www.impactohuasteco.com\/index.php?rest_route=\/wp\/v2\/media\/11506"}],"wp:attachment":[{"href":"http:\/\/www.impactohuasteco.com\/index.php?rest_route=%2Fwp%2Fv2%2Fmedia&parent=11505"}],"wp:term":[{"taxonomy":"category","embeddable":true,"href":"http:\/\/www.impactohuasteco.com\/index.php?rest_route=%2Fwp%2Fv2%2Fcategories&post=11505"},{"taxonomy":"post_tag","embeddable":true,"href":"http:\/\/www.impactohuasteco.com\/index.php?rest_route=%2Fwp%2Fv2%2Ftags&post=11505"}],"curies":[{"name":"wp","href":"https:\/\/api.w.org\/{rel}","templated":true}]}}