{"id":11513,"date":"2022-01-27T07:45:08","date_gmt":"2022-01-27T07:45:08","guid":{"rendered":"http:\/\/www.impactohuasteco.com\/?p=11513"},"modified":"2022-01-27T07:45:08","modified_gmt":"2022-01-27T07:45:08","slug":"da-inicio-campana-de-deteccion-oportuna-de-cancer-de-mama","status":"publish","type":"post","link":"http:\/\/www.impactohuasteco.com\/?p=11513","title":{"rendered":"DA INICIO CAMPA\u00d1A DE DETECCI\u00d3N OPORTUNA DE C\u00c1NCER DE MAMA."},"content":{"rendered":"<ul>\n<li><strong>La Presidenta del Sistema DIF municipal de Chicontepec en coordinaci\u00f3n con el H. Ayuntamiento Municipal que preside el Lic. Armando Fern\u00e1ndez de la Cruz, encabezaron la inauguraron la campa\u00f1a para la detecci\u00f3n oportuna del c\u00e1ncer de mama.<\/strong><\/li>\n<\/ul>\n<p><strong>\u00a0<\/strong><strong>Cleofas Hern\u00e1ndez.<\/strong><\/p>\n<p><strong>\u00a0<\/strong><strong>Chicontepec, Ver. 26 de Enero del 2022. El d\u00eda de hoy dio inicio la jornada de salud con la participaci\u00f3n de Gobierno del Estado de Veracruz, a trav\u00e9s de la Secretaria de Salud, IVAIS y el H. Ayuntamiento de Chicontepec, d\u00f3nde mujeres de nuestras comunidades tendr\u00e1n acceso a la prueba de Mastograf\u00eda los d\u00edas 26 y 27 de enero. <\/strong><\/p>\n<p><strong>\u00a0<\/strong><strong>En e<a href=\"http:\/\/www.impactohuasteco.com\/wp-content\/uploads\/2022\/01\/272659154_229850459352126_2734477773114951523_n.jpg\"><img loading=\"lazy\" class=\"alignleft  wp-image-11515\" src=\"http:\/\/www.impactohuasteco.com\/wp-content\/uploads\/2022\/01\/272659154_229850459352126_2734477773114951523_n-300x132.jpg\" alt=\"\" width=\"520\" height=\"229\" srcset=\"http:\/\/www.impactohuasteco.com\/wp-content\/uploads\/2022\/01\/272659154_229850459352126_2734477773114951523_n-300x132.jpg 300w, http:\/\/www.impactohuasteco.com\/wp-content\/uploads\/2022\/01\/272659154_229850459352126_2734477773114951523_n-1024x450.jpg 1024w, http:\/\/www.impactohuasteco.com\/wp-content\/uploads\/2022\/01\/272659154_229850459352126_2734477773114951523_n-768x337.jpg 768w, http:\/\/www.impactohuasteco.com\/wp-content\/uploads\/2022\/01\/272659154_229850459352126_2734477773114951523_n-400x176.jpg 400w, http:\/\/www.impactohuasteco.com\/wp-content\/uploads\/2022\/01\/272659154_229850459352126_2734477773114951523_n-1366x600.jpg 1366w, http:\/\/www.impactohuasteco.com\/wp-content\/uploads\/2022\/01\/272659154_229850459352126_2734477773114951523_n.jpg 1448w\" sizes=\"(max-width: 520px) 100vw, 520px\" \/><\/a>ste gran evento se cont\u00f3 con la participaci\u00f3n del Mtro. Tirso Bautista C\u00e1rdenas en representaci\u00f3n del Gobernador de nuestro Estado de Veracruz Ing. Cuitl\u00e1huac Garc\u00eda Jim\u00e9nez, \u00a0cuerpo edilicio que estuvo presente, para despu\u00e9s inaugurar esta campa\u00f1a de Mastograf\u00eda la Mtra. Aristea Fern\u00e1ndez de la Cruz.<\/strong><\/p>\n<p><strong>\u00a0<\/strong><strong>Al ha<a href=\"http:\/\/www.impactohuasteco.com\/wp-content\/uploads\/2022\/01\/272392114_229850832685422_1935685014783827942_n.jpg\"><img loading=\"lazy\" class=\"alignleft  wp-image-11516\" src=\"http:\/\/www.impactohuasteco.com\/wp-content\/uploads\/2022\/01\/272392114_229850832685422_1935685014783827942_n-300x159.jpg\" alt=\"\" width=\"1077\" height=\"570\" srcset=\"http:\/\/www.impactohuasteco.com\/wp-content\/uploads\/2022\/01\/272392114_229850832685422_1935685014783827942_n-300x159.jpg 300w, http:\/\/www.impactohuasteco.com\/wp-content\/uploads\/2022\/01\/272392114_229850832685422_1935685014783827942_n-1024x542.jpg 1024w, http:\/\/www.impactohuasteco.com\/wp-content\/uploads\/2022\/01\/272392114_229850832685422_1935685014783827942_n-768x406.jpg 768w, http:\/\/www.impactohuasteco.com\/wp-content\/uploads\/2022\/01\/272392114_229850832685422_1935685014783827942_n-1536x812.jpg 1536w, http:\/\/www.impactohuasteco.com\/wp-content\/uploads\/2022\/01\/272392114_229850832685422_1935685014783827942_n-400x212.jpg 400w, http:\/\/www.impactohuasteco.com\/wp-content\/uploads\/2022\/01\/272392114_229850832685422_1935685014783827942_n-1135x600.jpg 1135w, http:\/\/www.impactohuasteco.com\/wp-content\/uploads\/2022\/01\/272392114_229850832685422_1935685014783827942_n.jpg 2048w\" sizes=\"(max-width: 1077px) 100vw, 1077px\" \/><\/a>cer uso de la voz el Mu<a href=\"http:\/\/www.impactohuasteco.com\/wp-content\/uploads\/2022\/01\/272742228_229850532685452_2771101915488683477_n.jpg\"><img loading=\"lazy\" class=\"alignleft  wp-image-11517\" src=\"http:\/\/www.impactohuasteco.com\/wp-content\/uploads\/2022\/01\/272742228_229850532685452_2771101915488683477_n-300x132.jpg\" alt=\"\" width=\"530\" height=\"233\" srcset=\"http:\/\/www.impactohuasteco.com\/wp-content\/uploads\/2022\/01\/272742228_229850532685452_2771101915488683477_n-300x132.jpg 300w, http:\/\/www.impactohuasteco.com\/wp-content\/uploads\/2022\/01\/272742228_229850532685452_2771101915488683477_n-1024x450.jpg 1024w, http:\/\/www.impactohuasteco.com\/wp-content\/uploads\/2022\/01\/272742228_229850532685452_2771101915488683477_n-768x337.jpg 768w, http:\/\/www.impactohuasteco.com\/wp-content\/uploads\/2022\/01\/272742228_229850532685452_2771101915488683477_n-400x176.jpg 400w, http:\/\/www.impactohuasteco.com\/wp-content\/uploads\/2022\/01\/272742228_229850532685452_2771101915488683477_n-1366x600.jpg 1366w, http:\/\/www.impactohuasteco.com\/wp-content\/uploads\/2022\/01\/272742228_229850532685452_2771101915488683477_n.jpg 1448w\" sizes=\"(max-width: 530px) 100vw, 530px\" \/><\/a>n\u00edcipe Fern\u00e1ndez de la Cruz agradeci\u00f3 al Gobernador del Estado y a la nueva Directora General del DIF Estatal Rebeca Quintanar Barcel\u00f3 al implementar esta campa\u00f1a oportuna del c\u00e1ncer de mama en este municipio.<\/strong><\/p>\n<p><strong>Para finalmente realizar el corte del List\u00f3n Simb\u00f3lico por el Mun\u00edcipe de esta ciudad, Cuerpo edilicio, entre otras personalidades que estuvieron presentes en este gran evento.<\/strong><\/p>\n<p><strong>\u00a0<\/strong><\/p>\n<p><strong>\u00abEs tiempo de la Salud\u00bb<\/strong><\/p>\n<p><strong>\u00abEs tiempo de la gente\u00bb<\/strong><\/p>\n<p><strong>\u00a0<\/strong><\/p>\n","protected":false},"excerpt":{"rendered":"<p>La Presidenta del Sistema DIF municipal de Chicontepec en coordinaci\u00f3n con el H. Ayuntamiento Municipal que preside el Lic. Armando Fern\u00e1ndez de la Cruz, encabezaron la inauguraron la campa\u00f1a para la detecci\u00f3n oportuna del c\u00e1ncer de mama. \u00a0Cleofas Hern\u00e1ndez. \u00a0Chicontepec, Ver. 26 de Enero del 2022. El d\u00eda de hoy dio inicio la jornada de salud con la participaci\u00f3n de Gobierno del Estado de Veracruz, a trav\u00e9s de la Secretaria de Salud, IVAIS y el H. Ayuntamiento de Chicontepec, d\u00f3nde mujeres de nuestras comunidades tendr\u00e1n acceso a la prueba de Mastograf\u00eda los d\u00edas 26 y 27 de enero. \u00a0En este [&hellip;]<\/p>\n","protected":false},"author":1,"featured_media":11514,"comment_status":"open","ping_status":"open","sticky":false,"template":"","format":"standard","meta":[],"categories":[11],"tags":[],"_links":{"self":[{"href":"http:\/\/www.impactohuasteco.com\/index.php?rest_route=\/wp\/v2\/posts\/11513"}],"collection":[{"href":"http:\/\/www.impactohuasteco.com\/index.php?rest_route=\/wp\/v2\/posts"}],"about":[{"href":"http:\/\/www.impactohuasteco.com\/index.php?rest_route=\/wp\/v2\/types\/post"}],"author":[{"embeddable":true,"href":"http:\/\/www.impactohuasteco.com\/index.php?rest_route=\/wp\/v2\/users\/1"}],"replies":[{"embeddable":true,"href":"http:\/\/www.impactohuasteco.com\/index.php?rest_route=%2Fwp%2Fv2%2Fcomments&post=11513"}],"version-history":[{"count":4,"href":"http:\/\/www.impactohuasteco.com\/index.php?rest_route=\/wp\/v2\/posts\/11513\/revisions"}],"predecessor-version":[{"id":11521,"href":"http:\/\/www.impactohuasteco.com\/index.php?rest_route=\/wp\/v2\/posts\/11513\/revisions\/11521"}],"wp:featuredmedia":[{"embeddable":true,"href":"http:\/\/www.impactohuasteco.com\/index.php?rest_route=\/wp\/v2\/media\/11514"}],"wp:attachment":[{"href":"http:\/\/www.impactohuasteco.com\/index.php?rest_route=%2Fwp%2Fv2%2Fmedia&parent=11513"}],"wp:term":[{"taxonomy":"category","embeddable":true,"href":"http:\/\/www.impactohuasteco.com\/index.php?rest_route=%2Fwp%2Fv2%2Fcategories&post=11513"},{"taxonomy":"post_tag","embeddable":true,"href":"http:\/\/www.impactohuasteco.com\/index.php?rest_route=%2Fwp%2Fv2%2Ftags&post=11513"}],"curies":[{"name":"wp","href":"https:\/\/api.w.org\/{rel}","templated":true}]}}