{"id":12068,"date":"2022-02-27T04:26:28","date_gmt":"2022-02-27T04:26:28","guid":{"rendered":"http:\/\/www.impactohuasteco.com\/?p=12068"},"modified":"2022-02-27T04:26:28","modified_gmt":"2022-02-27T04:26:28","slug":"promueven-amparos-para-vacunar-contra-covid-19-a-menores-de-5-a-11-anos","status":"publish","type":"post","link":"http:\/\/www.impactohuasteco.com\/?p=12068","title":{"rendered":"PROMUEVEN   AMPAROS PARA VACUNAR CONTRA COVID-19 A MENORES DE 5 A 11 A\u00d1OS"},"content":{"rendered":"<ul>\n<li><strong>Hay mucho \u201czopilotaje\u201d y se han dado casos que algunos abogados son patrocinados por pol\u00edticos para impulsar estas acciones: Manuel Huerta.\u00a0<\/strong><\/li>\n<\/ul>\n<p>Irineo P\u00e9rez Melo.- No embaucar a la gente, porque hay mucho \u201czopilotaje\u201d, pidi\u00f3 Manuel Huerta Ladr\u00f3n de Guevara, delegado de la Secretar\u00eda del Bienestar en el estado de Veracruz a los abogados que est\u00e1n promoviendo amparos ante los Juzgados respectivos para vacunar a menores de 5 a 11 a\u00f1os contra la COVID-19.<\/p>\n<p>En conferencia de prensa, en donde dio a conocer que a partir de este s\u00e1bado inici\u00f3 la vacunaci\u00f3n a j\u00f3venes de 18 a\u00f1os en adelante, el funcionario federal precis\u00f3 que los ni\u00f1os no est\u00e1n en riesgo y no hay vacuna autorizada para ellos por los organismos internacionales.<\/p>\n<p>Esto en respuesta a la acci\u00f3n emprendida por la Asociaci\u00f3n Civil \u201cPunto Derechos Humanos\u201d, quien recurri\u00f3 a la Comisi\u00f3n\u00a0Interamericana de Derechos Humanos (CIDH) y la Suprema Corte de Justicia de la Naci\u00f3n (SCJN) para que se\u00a0resuelvan\u00a0al respecto y\u00a0puedan recibir el biol\u00f3gico.<br \/>\n<img loading=\"lazy\" class=\" wp-image-12070 alignleft\" src=\"http:\/\/www.impactohuasteco.com\/wp-content\/uploads\/2022\/02\/Sin-titulo-2-9-300x183.jpg\" alt=\"\" width=\"548\" height=\"334\" srcset=\"http:\/\/www.impactohuasteco.com\/wp-content\/uploads\/2022\/02\/Sin-titulo-2-9-300x183.jpg 300w, http:\/\/www.impactohuasteco.com\/wp-content\/uploads\/2022\/02\/Sin-titulo-2-9-768x468.jpg 768w, http:\/\/www.impactohuasteco.com\/wp-content\/uploads\/2022\/02\/Sin-titulo-2-9-400x244.jpg 400w, http:\/\/www.impactohuasteco.com\/wp-content\/uploads\/2022\/02\/Sin-titulo-2-9.jpg 927w\" sizes=\"(max-width: 548px) 100vw, 548px\" \/><br \/>\nExplic\u00f3 que por naturaleza los menores son sanos, \u201centre m\u00e1s chico est\u00e1, m\u00e1s sano es, adem\u00e1s de que no se experiment\u00f3 con menores de edad; no hay vacuna autorizada para ellos a nivel de organismos internacionales, solamente la Pfizer fue la \u00fanico que aprob\u00f3 para 12 a\u00f1os en adelante s\u00ed era con comorbilidad\u201d.<\/p>\n<p>\u201cNo podemos vacunar a menores de 12 a\u00f1os por ley, por \u00e9tica y por salud, porque no hay vacuna para ellos aprobada ni por organismos internacionales ni por la Comisi\u00f3n Federal de Protecci\u00f3n de Riesgos Sanitarios (Cofepris)\u201d, apunt\u00f3.<\/p>\n<p>Fue enf\u00e1tico al se\u00f1alar que hay\u00a0\u201cmucho zopilotaje\u201d y\u00a0se han dado casos de abogados que son\u00a0\u201cpatrocinados por pol\u00edticos\u201d para impulsar estas acciones, luego de conocer que son cerca de 100 amparos que buscan interponer en la zona conurbada de Veracruz-Boca del R\u00edo, como lo evidenci\u00f3 el abogado Irving Bonilla.<\/p>\n<p>Y de manera categ\u00f3rica subray\u00f3: \u201caunque alg\u00fan juzgado nos mandase no lo vamos a poder hacer; no porque no exista la vacuna; primero porque la ley no lo permite, pero lo que es m\u00e1s grave, es porque la salud p\u00fablica no lo permite, porque no hay autorizaci\u00f3n de ning\u00fan tipo en ning\u00fan lugar para vacunar a menores de 12 a\u00f1os, por eso se vuelve un asunto \u00e9tico tambi\u00e9n\u201d.<\/p>\n<p>En ese sentido, refiri\u00f3\u00a0que la preocupaci\u00f3n debe ser menor y hasta \u201cpor sentido com\u00fan\u201d ya que se regres\u00f3 a clases presenciales y no ha habido contagios masivos en menores porque no es sector de riesgo.<br \/>\n<img loading=\"lazy\" class=\" wp-image-12071 alignleft\" src=\"http:\/\/www.impactohuasteco.com\/wp-content\/uploads\/2022\/02\/HUERTA-3-300x200.jpg\" alt=\"\" width=\"548\" height=\"365\" srcset=\"http:\/\/www.impactohuasteco.com\/wp-content\/uploads\/2022\/02\/HUERTA-3-300x200.jpg 300w, http:\/\/www.impactohuasteco.com\/wp-content\/uploads\/2022\/02\/HUERTA-3-1024x682.jpg 1024w, http:\/\/www.impactohuasteco.com\/wp-content\/uploads\/2022\/02\/HUERTA-3-768x512.jpg 768w, http:\/\/www.impactohuasteco.com\/wp-content\/uploads\/2022\/02\/HUERTA-3-1536x1023.jpg 1536w, http:\/\/www.impactohuasteco.com\/wp-content\/uploads\/2022\/02\/HUERTA-3-400x267.jpg 400w, http:\/\/www.impactohuasteco.com\/wp-content\/uploads\/2022\/02\/HUERTA-3-901x600.jpg 901w, http:\/\/www.impactohuasteco.com\/wp-content\/uploads\/2022\/02\/HUERTA-3.jpg 1600w\" sizes=\"(max-width: 548px) 100vw, 548px\" \/><br \/>\n<strong>Refuerzo contra COVID-19 a j\u00f3venes de 18 \u00a0a\u00f1os en adelante a partir de este s\u00e1bado\u00a0<\/strong><\/p>\n<p>Al referirse a la Jornada Nacional de Vacunaci\u00f3n anticovid, Manuel Huerta anunci\u00f3 que estas acciones se desarrollar\u00e1n a partir de este s\u00e1bado y hasta el 12 de marzo en 151 municipios veracruzanos. \u201cEl 12 de marzo estaremos culminando de recorrer los 212 municipios de la entidad, para reforzar as\u00ed a los de 30 a\u00f1os en adelante\u201d, detall\u00f3.<\/p>\n<p>As\u00ed se inicia este s\u00e1bado con la aplicaci\u00f3n del refuerzo de la vacuna en los municipios de Tlacojalpan, Acultzingo, Jos\u00e9 Azueta, Playa Vicente; el domingo, en Lerdo de Tejada, Cazones, \u00c1ngel R. Cabada y Lerdo de Tejada, y el lunes 28 se inicia con Cosoleacaque, Las Choapas, Papantla, Alto Lucero, Las Vigas, Tepatlaxco y Pueblo Viejo.<\/p>\n<p>El titular de la Secretar\u00eda del Bienestar en la entidad, asegur\u00f3 que el\u00a0objetivo se va logrando, ya que hasta el momento se han\u00a0aplicado m\u00e1s de 10 millones de dosis de diversas vacunas, logr\u00e1ndose\u00a0que el 82%\u00a0de los mayores de 18 a\u00f1os\u00a0ya este\u00a0vacunado.<\/p>\n<p>Finalmente, dio a conocer que con los refuerzos \u201cdamos una nueva oportunidad a la gente, porque se vacunan estos tramos generacionales, pero se vacuna en los polivalentes, a toda la poblaci\u00f3n que llega que ya pasaron los cuatro meses de su vacunaci\u00f3n y que los polivalentes siguen vacunando j\u00f3venes de 15 a 17 a\u00f1os\u201d, concluy\u00f3.<\/p>\n","protected":false},"excerpt":{"rendered":"<p>Hay mucho \u201czopilotaje\u201d y se han dado casos que algunos abogados son patrocinados por pol\u00edticos para impulsar estas acciones: Manuel Huerta.\u00a0 Irineo P\u00e9rez Melo.- No embaucar a la gente, porque hay mucho \u201czopilotaje\u201d, pidi\u00f3 Manuel Huerta Ladr\u00f3n de Guevara, delegado de la Secretar\u00eda del Bienestar en el estado de Veracruz a los abogados que est\u00e1n promoviendo amparos ante los Juzgados respectivos para vacunar a menores de 5 a 11 a\u00f1os contra la COVID-19. En conferencia de prensa, en donde dio a conocer que a partir de este s\u00e1bado inici\u00f3 la vacunaci\u00f3n a j\u00f3venes de 18 a\u00f1os en adelante, el funcionario [&hellip;]<\/p>\n","protected":false},"author":1,"featured_media":12069,"comment_status":"open","ping_status":"open","sticky":false,"template":"","format":"standard","meta":[],"categories":[11],"tags":[],"_links":{"self":[{"href":"http:\/\/www.impactohuasteco.com\/index.php?rest_route=\/wp\/v2\/posts\/12068"}],"collection":[{"href":"http:\/\/www.impactohuasteco.com\/index.php?rest_route=\/wp\/v2\/posts"}],"about":[{"href":"http:\/\/www.impactohuasteco.com\/index.php?rest_route=\/wp\/v2\/types\/post"}],"author":[{"embeddable":true,"href":"http:\/\/www.impactohuasteco.com\/index.php?rest_route=\/wp\/v2\/users\/1"}],"replies":[{"embeddable":true,"href":"http:\/\/www.impactohuasteco.com\/index.php?rest_route=%2Fwp%2Fv2%2Fcomments&post=12068"}],"version-history":[{"count":1,"href":"http:\/\/www.impactohuasteco.com\/index.php?rest_route=\/wp\/v2\/posts\/12068\/revisions"}],"predecessor-version":[{"id":12072,"href":"http:\/\/www.impactohuasteco.com\/index.php?rest_route=\/wp\/v2\/posts\/12068\/revisions\/12072"}],"wp:featuredmedia":[{"embeddable":true,"href":"http:\/\/www.impactohuasteco.com\/index.php?rest_route=\/wp\/v2\/media\/12069"}],"wp:attachment":[{"href":"http:\/\/www.impactohuasteco.com\/index.php?rest_route=%2Fwp%2Fv2%2Fmedia&parent=12068"}],"wp:term":[{"taxonomy":"category","embeddable":true,"href":"http:\/\/www.impactohuasteco.com\/index.php?rest_route=%2Fwp%2Fv2%2Fcategories&post=12068"},{"taxonomy":"post_tag","embeddable":true,"href":"http:\/\/www.impactohuasteco.com\/index.php?rest_route=%2Fwp%2Fv2%2Ftags&post=12068"}],"curies":[{"name":"wp","href":"https:\/\/api.w.org\/{rel}","templated":true}]}}