{"id":12352,"date":"2022-03-21T01:18:13","date_gmt":"2022-03-21T01:18:13","guid":{"rendered":"http:\/\/www.impactohuasteco.com\/?p=12352"},"modified":"2022-03-21T01:18:13","modified_gmt":"2022-03-21T01:18:13","slug":"productores-de-cafe-del-estado-demandan-una-nueva-ley-y-la-creacion-de-un-organismo-que-regule-precios-y-exigir-a-las-comercializadoras-pague-lo-justo","status":"publish","type":"post","link":"http:\/\/www.impactohuasteco.com\/?p=12352","title":{"rendered":"PRODUCTORES DE CAF\u00c9 DEL ESTADO DEMANDAN UNA NUEVA LEY Y LA CREACI\u00d3N DE UN   ORGANISMO QUE REGULE PRECIOS Y EXIGIR A LAS COMERCIALIZADORAS PAGUE LO JUSTO"},"content":{"rendered":"<ul>\n<li><strong>Lamentan que los gobiernos federal y estatal no respalden a este sector generador de empleos y divisas.<\/strong><\/li>\n<\/ul>\n<p>Irineo P\u00e9rez Melo.- Ante el abuso por parte de los compradores de caf\u00e9, productoresinn.\u00a0\u00a0\u00a0\u00a0\u00a0\u00a0\u00a0del arom\u00e1tico grano del estado de Veracruz demandaron la intervenci\u00f3n de la Comisi\u00f3n Federal de Competencia Econ\u00f3mica e investigue el abuso comercial en la que incurren, para evitar que est\u00e1 situaci\u00f3n se d\u00e9 en las pr\u00f3ximas cosechas.<\/p>\n<p>Adem\u00e1s, urgieron el establecimiento, a la brevedad posible, de una nueva Ley del Caf\u00e9 y un organismo p\u00fablico que regule y se tenga un marco jur\u00eddico-institucional que permita que no se maneje\u00a0\u00a0de manera arbitraria los precios de la rubi\u00e1cea pagado a los productores.<br \/>\n<img loading=\"lazy\" class=\" wp-image-12354 alignleft\" src=\"http:\/\/www.impactohuasteco.com\/wp-content\/uploads\/2022\/03\/thumbnail_CAFE-2-300x300.jpg\" alt=\"\" width=\"527\" height=\"527\" srcset=\"http:\/\/www.impactohuasteco.com\/wp-content\/uploads\/2022\/03\/thumbnail_CAFE-2-300x300.jpg 300w, http:\/\/www.impactohuasteco.com\/wp-content\/uploads\/2022\/03\/thumbnail_CAFE-2-1024x1024.jpg 1024w, http:\/\/www.impactohuasteco.com\/wp-content\/uploads\/2022\/03\/thumbnail_CAFE-2-150x150.jpg 150w, http:\/\/www.impactohuasteco.com\/wp-content\/uploads\/2022\/03\/thumbnail_CAFE-2-768x768.jpg 768w, http:\/\/www.impactohuasteco.com\/wp-content\/uploads\/2022\/03\/thumbnail_CAFE-2-130x130.jpg 130w, http:\/\/www.impactohuasteco.com\/wp-content\/uploads\/2022\/03\/thumbnail_CAFE-2-400x400.jpg 400w, http:\/\/www.impactohuasteco.com\/wp-content\/uploads\/2022\/03\/thumbnail_CAFE-2-600x600.jpg 600w, http:\/\/www.impactohuasteco.com\/wp-content\/uploads\/2022\/03\/thumbnail_CAFE-2.jpg 1280w\" sizes=\"(max-width: 527px) 100vw, 527px\" \/>En conferencia de prensa Jos\u00e9 Julio Espinoza Morales, presidente de la Uni\u00f3n Nacional de Productores de Caf\u00e9-CNC; Cirio Ruiz Gonz\u00e1lez, presidente del Consejo Regional del Caf\u00e9 de la Zona de Coatepec; Fernando Celis Pastrana, de la Confederaci\u00f3n Nacional de Organizaciones Cafetaleras (CNOC), entre otros, expresaron que a falta de una ley y de un organismo regulador, los productores tienen que organizarse para acceder a la informaci\u00f3n de los precios que rigen en el mercado internacional\u00a0\u00a0y a los diferenciales positivos, a fin de estar en condiciones de demandar el pago de un precio justo.<\/p>\n<p>Lamentaron que las autoridades agropecuarias, tanto federales como estatales no hayan brindado ning\u00fan respaldo a los cafetaleros para lograr que los compradores pagar\u00e1n un precio justo y se\u00f1alando que los precios establecidos en la Bolsa de Valores de Nueva York se increment\u00f3 hasta en 17.30 pesos y solamente pagaron 12.50 pesos, tan solo en la regi\u00f3n de Huatusco, y que posteriormente incidi\u00f3 esta situaci\u00f3n en toda la entidad, refiri\u00f3 Celis Pastrana.<br \/>\n<img loading=\"lazy\" class=\" wp-image-12355 alignleft\" src=\"http:\/\/www.impactohuasteco.com\/wp-content\/uploads\/2022\/03\/thumbnail_CAFE-3-300x300.jpg\" alt=\"\" width=\"471\" height=\"471\" srcset=\"http:\/\/www.impactohuasteco.com\/wp-content\/uploads\/2022\/03\/thumbnail_CAFE-3-300x300.jpg 300w, http:\/\/www.impactohuasteco.com\/wp-content\/uploads\/2022\/03\/thumbnail_CAFE-3-1024x1024.jpg 1024w, http:\/\/www.impactohuasteco.com\/wp-content\/uploads\/2022\/03\/thumbnail_CAFE-3-150x150.jpg 150w, http:\/\/www.impactohuasteco.com\/wp-content\/uploads\/2022\/03\/thumbnail_CAFE-3-768x768.jpg 768w, http:\/\/www.impactohuasteco.com\/wp-content\/uploads\/2022\/03\/thumbnail_CAFE-3-130x130.jpg 130w, http:\/\/www.impactohuasteco.com\/wp-content\/uploads\/2022\/03\/thumbnail_CAFE-3-400x400.jpg 400w, http:\/\/www.impactohuasteco.com\/wp-content\/uploads\/2022\/03\/thumbnail_CAFE-3-600x600.jpg 600w, http:\/\/www.impactohuasteco.com\/wp-content\/uploads\/2022\/03\/thumbnail_CAFE-3.jpg 1280w\" sizes=\"(max-width: 471px) 100vw, 471px\" \/>A su vez, Jos\u00e9 Julio Espinoza Morales, presidente de la Uni\u00f3n Nacional de Productores de Caf\u00e9-CNC, dijo que hay una gran insatisfacci\u00f3n por la respuesta y los resultados que al d\u00eda de hoy se tienen como Comisi\u00f3n Especial de Seguimiento de Precios del Caf\u00e9 en Veracruz, lo cual refiri\u00f3 que al finalizar la cosecha no se puede decir que el gobierno federal ni el estatal han cumplido con su promesa de \u201cprimero los pobres\u201d y no vemos una intenci\u00f3n de resolver un problema estructural que enfrenta la cafeticultura, que es la forma en que se comercializa el producto, pero sobre todo de los precios que se pagan a los productores.<\/p>\n<p>Los cafetaleros demandaron al Sistema de Administraci\u00f3n Tributaria (SAT), as\u00ed como las secretarias de Hacienda y Econom\u00eda, entre otras instancias proporcionen la informaci\u00f3n adecuada sobre los precios de exportaci\u00f3n del caf\u00e9 mexicano convencional y que se refleje. Los diferenciales positivos (por arriba de la bolsa del caf\u00e9) en los precios pagados a los productores, a\u00f1adi\u00f3.<\/p>\n<p>Adelant\u00f3 que se prev\u00e9 tener un encuentro nacional de productores de caf\u00e9 para integrar una comisi\u00f3n nacional de seguimiento de precios, en la que se interesen los gobiernos y los integrantes de la cadena productiva del arom\u00e1tico grano.<\/p>\n<p>&nbsp;<\/p>\n","protected":false},"excerpt":{"rendered":"<p>Lamentan que los gobiernos federal y estatal no respalden a este sector generador de empleos y divisas. Irineo P\u00e9rez Melo.- Ante el abuso por parte de los compradores de caf\u00e9, productoresinn.\u00a0\u00a0\u00a0\u00a0\u00a0\u00a0\u00a0del arom\u00e1tico grano del estado de Veracruz demandaron la intervenci\u00f3n de la Comisi\u00f3n Federal de Competencia Econ\u00f3mica e investigue el abuso comercial en la que incurren, para evitar que est\u00e1 situaci\u00f3n se d\u00e9 en las pr\u00f3ximas cosechas. Adem\u00e1s, urgieron el establecimiento, a la brevedad posible, de una nueva Ley del Caf\u00e9 y un organismo p\u00fablico que regule y se tenga un marco jur\u00eddico-institucional que permita que no se maneje\u00a0\u00a0de manera [&hellip;]<\/p>\n","protected":false},"author":1,"featured_media":12353,"comment_status":"open","ping_status":"open","sticky":false,"template":"","format":"standard","meta":[],"categories":[11],"tags":[],"_links":{"self":[{"href":"http:\/\/www.impactohuasteco.com\/index.php?rest_route=\/wp\/v2\/posts\/12352"}],"collection":[{"href":"http:\/\/www.impactohuasteco.com\/index.php?rest_route=\/wp\/v2\/posts"}],"about":[{"href":"http:\/\/www.impactohuasteco.com\/index.php?rest_route=\/wp\/v2\/types\/post"}],"author":[{"embeddable":true,"href":"http:\/\/www.impactohuasteco.com\/index.php?rest_route=\/wp\/v2\/users\/1"}],"replies":[{"embeddable":true,"href":"http:\/\/www.impactohuasteco.com\/index.php?rest_route=%2Fwp%2Fv2%2Fcomments&post=12352"}],"version-history":[{"count":1,"href":"http:\/\/www.impactohuasteco.com\/index.php?rest_route=\/wp\/v2\/posts\/12352\/revisions"}],"predecessor-version":[{"id":12356,"href":"http:\/\/www.impactohuasteco.com\/index.php?rest_route=\/wp\/v2\/posts\/12352\/revisions\/12356"}],"wp:featuredmedia":[{"embeddable":true,"href":"http:\/\/www.impactohuasteco.com\/index.php?rest_route=\/wp\/v2\/media\/12353"}],"wp:attachment":[{"href":"http:\/\/www.impactohuasteco.com\/index.php?rest_route=%2Fwp%2Fv2%2Fmedia&parent=12352"}],"wp:term":[{"taxonomy":"category","embeddable":true,"href":"http:\/\/www.impactohuasteco.com\/index.php?rest_route=%2Fwp%2Fv2%2Fcategories&post=12352"},{"taxonomy":"post_tag","embeddable":true,"href":"http:\/\/www.impactohuasteco.com\/index.php?rest_route=%2Fwp%2Fv2%2Ftags&post=12352"}],"curies":[{"name":"wp","href":"https:\/\/api.w.org\/{rel}","templated":true}]}}