{"id":12502,"date":"2022-04-01T03:49:57","date_gmt":"2022-04-01T03:49:57","guid":{"rendered":"http:\/\/www.impactohuasteco.com\/?p=12502"},"modified":"2022-04-01T03:49:57","modified_gmt":"2022-04-01T03:49:57","slug":"organizaciones-de-inclusion-de-personas-con-discapacidad-proponen-al-ayuntamiento-la-creacion-de-un-instituto-para-que-atender-este-sector","status":"publish","type":"post","link":"http:\/\/www.impactohuasteco.com\/?p=12502","title":{"rendered":"ORGANIZACIONES DE INCLUSI\u00d3N DE PERSONAS CON DISCAPACIDAD PROPONEN AL   AYUNTAMIENTO LA CREACI\u00d3N DE UN INSTITUTO PARA QUE ATENDER ESTE SECTOR"},"content":{"rendered":"<ul>\n<li><strong>Casi el 20% de los Xalape\u00f1os se encuentra en esta condici\u00f3n, sin ser visibilizados ni atendidos por las autoridades gubernamentales: Karina Mart\u00ednez.\u00a0<\/strong><\/li>\n<\/ul>\n<p>Irineo P\u00e9rez Melo.- Integrantes de la Red Estatal de asociaciones de inclusi\u00f3n en el estado de Veracruz (CABE) demandaron al ayuntamiento de Xalapa la creaci\u00f3n del Instituto Municipal Especializado en Inclusi\u00f3n de Personas en Condici\u00f3n de Discapacidad (PCD), a fin de visibilizar y atender a este sector poblacional con el establecimiento de pol\u00edticas p\u00fablicas.<\/p>\n<p>En conferencia de prensa, Karina Mart\u00ednez Vera, presidenta del Instituto Mexicano de Investigaci\u00f3n y Desarrollo Integral (IMIDI A.C.), expres\u00f3 su preocupaci\u00f3n porque el 19.4% de la poblaci\u00f3n vive en condiciones de discapacidad, de acuerdo a la Organizaci\u00f3n de Naciones Unidas (ONU).<br \/>\n<strong><img loading=\"lazy\" class=\" wp-image-12504 alignleft\" src=\"http:\/\/www.impactohuasteco.com\/wp-content\/uploads\/2022\/04\/thumbnail_IMG_20220331_092704-300x300.jpg\" alt=\"\" width=\"540\" height=\"540\" srcset=\"http:\/\/www.impactohuasteco.com\/wp-content\/uploads\/2022\/04\/thumbnail_IMG_20220331_092704-300x300.jpg 300w, http:\/\/www.impactohuasteco.com\/wp-content\/uploads\/2022\/04\/thumbnail_IMG_20220331_092704-1024x1024.jpg 1024w, http:\/\/www.impactohuasteco.com\/wp-content\/uploads\/2022\/04\/thumbnail_IMG_20220331_092704-150x150.jpg 150w, http:\/\/www.impactohuasteco.com\/wp-content\/uploads\/2022\/04\/thumbnail_IMG_20220331_092704-768x768.jpg 768w, http:\/\/www.impactohuasteco.com\/wp-content\/uploads\/2022\/04\/thumbnail_IMG_20220331_092704-130x130.jpg 130w, http:\/\/www.impactohuasteco.com\/wp-content\/uploads\/2022\/04\/thumbnail_IMG_20220331_092704-400x400.jpg 400w, http:\/\/www.impactohuasteco.com\/wp-content\/uploads\/2022\/04\/thumbnail_IMG_20220331_092704-600x600.jpg 600w, http:\/\/www.impactohuasteco.com\/wp-content\/uploads\/2022\/04\/thumbnail_IMG_20220331_092704.jpg 1280w\" sizes=\"(max-width: 540px) 100vw, 540px\" \/><\/strong>Por lo que considerando el Censo de Poblaci\u00f3n 2020 proyectado al 2021, emitido por el Instituto Nacional de Estad\u00edstica, Geograf\u00eda e Inform\u00e1tica (INEGI),\u00a0\u00a0Xalapa tiene 504,164 habitantes y, aplicando el porcentaje estimado por la ONU, podemos considerar que en nuestro municipio viven 97,808 personas en condici\u00f3n de discapacidad, poblaci\u00f3n que hist\u00f3ricamente ha sido vulnerada en sus derechos humanos.<\/p>\n<p>\u201cLos n\u00fameros son claros aunque las acciones gubernamentales no corresponden a las necesidades de dicha poblaci\u00f3n, por lo que el pasado 28 de marzo y dando continuidad a las solicitudes y propuestas realizadas al H. Ayuntamiento de Xalapa para incluir en el Plan Municipal de Desarrollo acciones contundentes para la atenci\u00f3n de este importante sector de la poblaci\u00f3n, se plante\u00f3 apoyar este sector con pol\u00edtica p\u00fablicas que le permitan mejorar sus condiciones de vida\u201d, a\u00f1adi\u00f3.<\/p>\n<p>Cit\u00f3 el caso de la movilidad, en donde desde que se aprob\u00f3 la ley en la materia, poco se ha avanzado para mejorar el nivel de vida de las personas que conforman este sector, en d\u00f3nde se establece el caso particular del transporte, que debe modificar sus unidades cada cinco a\u00f1os y han pasado m\u00e1s de diez a\u00f1os y no se ha tenido ninguna modificaci\u00f3n de las unidades del transporte p\u00fablico, en su modalidad de servicio urbano y suburbano y de taxi.<\/p>\n<p>En estas unidades o se cuentan con plataformas para acceder a ellas y en otros casos, las calles, sobre todo de la periferia son intransitables para este sector de la poblaci\u00f3n, que en la mayor\u00eda de las veces prefiere quedarse en casa para evitarse est\u00e1s molestias, a\u00f1adi\u00f3.<\/p>\n<p>Finalmente, dio a conocer que a la iniciativa de la creaci\u00f3n del instituto se han sumado, las organizaciones siguientes: el Instituto Mexicano de Investigaci\u00f3n y Desarrollo Integral IMIDI A.C., CRECE: Autismo y Discapacidad Intelectual A.C., Fundaci\u00f3n ADEMM, Mujer Mexicana, A.C., Big Band Toque Nuevo A.C., Comit\u00e9 de Damas de la C\u00e1mara Mexicana de la Industria de la Construcci\u00f3n Veracruz, Y t\u00fa ya est\u00e1s integrado A.C.<\/p>\n<p>As\u00ed tambi\u00e9n, Festival de Piano Cibar A.C., Lazos de Acero A.C, Fundaci\u00f3n Dando Cambios Contigo A.C., Palabras y Hechos A.C., Mujeres l\u00edderes de Veracruz A.C., Fundaci\u00f3n Movi\u00e9ndose por la Educaci\u00f3n y la Inclusi\u00f3n A.C., ISAANA A.C., Monitor de Arte y Arquitectura A.C., Centro Atl\u00e9tico y Psicopedag\u00f3gico Veracruz A.C., Estudios y Atenci\u00f3n Psicol\u00f3gica Araucaria A.C., Transformando sue\u00f1os invisibles en visibles A.C., entre otros colectivos.<\/p>\n<p>\u201cConfiamos en que la autoridad municipal correspondiente\u00a0\u00a0tom\u00e9 en consideraci\u00f3n nuestra iniciativa, porque es un buen n\u00famero de persona que ser\u00edan beneficiadas de ser tomadas en cuenta\u201d, dijo por \u00faltimo.<\/p>\n<p>&nbsp;<\/p>\n","protected":false},"excerpt":{"rendered":"<p>Casi el 20% de los Xalape\u00f1os se encuentra en esta condici\u00f3n, sin ser visibilizados ni atendidos por las autoridades gubernamentales: Karina Mart\u00ednez.\u00a0 Irineo P\u00e9rez Melo.- Integrantes de la Red Estatal de asociaciones de inclusi\u00f3n en el estado de Veracruz (CABE) demandaron al ayuntamiento de Xalapa la creaci\u00f3n del Instituto Municipal Especializado en Inclusi\u00f3n de Personas en Condici\u00f3n de Discapacidad (PCD), a fin de visibilizar y atender a este sector poblacional con el establecimiento de pol\u00edticas p\u00fablicas. En conferencia de prensa, Karina Mart\u00ednez Vera, presidenta del Instituto Mexicano de Investigaci\u00f3n y Desarrollo Integral (IMIDI A.C.), expres\u00f3 su preocupaci\u00f3n porque el 19.4% [&hellip;]<\/p>\n","protected":false},"author":1,"featured_media":12503,"comment_status":"open","ping_status":"open","sticky":false,"template":"","format":"standard","meta":[],"categories":[11],"tags":[],"_links":{"self":[{"href":"http:\/\/www.impactohuasteco.com\/index.php?rest_route=\/wp\/v2\/posts\/12502"}],"collection":[{"href":"http:\/\/www.impactohuasteco.com\/index.php?rest_route=\/wp\/v2\/posts"}],"about":[{"href":"http:\/\/www.impactohuasteco.com\/index.php?rest_route=\/wp\/v2\/types\/post"}],"author":[{"embeddable":true,"href":"http:\/\/www.impactohuasteco.com\/index.php?rest_route=\/wp\/v2\/users\/1"}],"replies":[{"embeddable":true,"href":"http:\/\/www.impactohuasteco.com\/index.php?rest_route=%2Fwp%2Fv2%2Fcomments&post=12502"}],"version-history":[{"count":1,"href":"http:\/\/www.impactohuasteco.com\/index.php?rest_route=\/wp\/v2\/posts\/12502\/revisions"}],"predecessor-version":[{"id":12505,"href":"http:\/\/www.impactohuasteco.com\/index.php?rest_route=\/wp\/v2\/posts\/12502\/revisions\/12505"}],"wp:featuredmedia":[{"embeddable":true,"href":"http:\/\/www.impactohuasteco.com\/index.php?rest_route=\/wp\/v2\/media\/12503"}],"wp:attachment":[{"href":"http:\/\/www.impactohuasteco.com\/index.php?rest_route=%2Fwp%2Fv2%2Fmedia&parent=12502"}],"wp:term":[{"taxonomy":"category","embeddable":true,"href":"http:\/\/www.impactohuasteco.com\/index.php?rest_route=%2Fwp%2Fv2%2Fcategories&post=12502"},{"taxonomy":"post_tag","embeddable":true,"href":"http:\/\/www.impactohuasteco.com\/index.php?rest_route=%2Fwp%2Fv2%2Ftags&post=12502"}],"curies":[{"name":"wp","href":"https:\/\/api.w.org\/{rel}","templated":true}]}}