{"id":12875,"date":"2022-04-21T20:04:38","date_gmt":"2022-04-21T20:04:38","guid":{"rendered":"http:\/\/www.impactohuasteco.com\/?p=12875"},"modified":"2022-04-21T20:04:38","modified_gmt":"2022-04-21T20:04:38","slug":"familiares-de-patricio-alejandro-se-manifiestan-en-el-cereso-de-pacho-viejo-es-chivo-expiatorio","status":"publish","type":"post","link":"http:\/\/www.impactohuasteco.com\/?p=12875","title":{"rendered":"FAMILIARES DE PATRICIO ALEJANDRO SE MANIFIESTAN EN  EL CERESO DE PACHO VIEJO, ES \u201cCHIVO EXPIATORIO\u201d"},"content":{"rendered":"<ul>\n<li><strong>Fue encarcelado por el pasado 15 de abril por el presunto asesinato de Jacinto Romero<\/strong><\/li>\n<\/ul>\n<p><strong>Irineo P\u00e9rez Melo.- Coatepec, Ver.- Familiares y amigos de Patricio Alejandro \u201cN\u201d se manifestaron afuera del penal de Pacho Viejo de municipio para a las autoridades correspondientes exigir su liberaci\u00f3n, ya que, aseguran, es inocente del asesinato del periodista Jacinto Romero Flores, por el cual fue detenido en d\u00edas pasados.<\/strong><\/p>\n<p><strong>Con cartulinas que portaban, los manifestantes denunciaron que su detenci\u00f3n es ilegal, porque los verdaderos asesinos est\u00e1n libres y \u00e9l es un \u201cchivo expiatorio\u201d.<\/strong><strong><img loading=\"lazy\" class=\" wp-image-12877 alignleft\" src=\"http:\/\/www.impactohuasteco.com\/wp-content\/uploads\/2022\/04\/a08d4b7b-7f3e-4c38-b7da-977b1ebd1f3a-300x138.jpg\" alt=\"\" width=\"528\" height=\"243\" srcset=\"http:\/\/www.impactohuasteco.com\/wp-content\/uploads\/2022\/04\/a08d4b7b-7f3e-4c38-b7da-977b1ebd1f3a-300x138.jpg 300w, http:\/\/www.impactohuasteco.com\/wp-content\/uploads\/2022\/04\/a08d4b7b-7f3e-4c38-b7da-977b1ebd1f3a-1024x472.jpg 1024w, http:\/\/www.impactohuasteco.com\/wp-content\/uploads\/2022\/04\/a08d4b7b-7f3e-4c38-b7da-977b1ebd1f3a-768x354.jpg 768w, http:\/\/www.impactohuasteco.com\/wp-content\/uploads\/2022\/04\/a08d4b7b-7f3e-4c38-b7da-977b1ebd1f3a-400x184.jpg 400w, http:\/\/www.impactohuasteco.com\/wp-content\/uploads\/2022\/04\/a08d4b7b-7f3e-4c38-b7da-977b1ebd1f3a.jpg 1280w\" sizes=\"(max-width: 528px) 100vw, 528px\" \/><\/strong><\/p>\n<p><strong>El regidor de Movimiento Ciudadano en funciones del ayuntamiento de Ixtaczoquitl\u00e1n,\u00a0 fue detenido el pasado viernes 15 de abril por el se\u00f1alamiento del asesinato del mencionado m<\/strong><strong>encionad, quien fue victimado el 19 de agosto de 2021 en esa regi\u00f3n central del estado de Veracruz.<\/strong><strong><img loading=\"lazy\" class=\" wp-image-12878 alignleft\" src=\"http:\/\/www.impactohuasteco.com\/wp-content\/uploads\/2022\/04\/da1c5b57-d14c-4bfc-bd16-68bd81059278-300x139.jpg\" alt=\"\" width=\"898\" height=\"416\" srcset=\"http:\/\/www.impactohuasteco.com\/wp-content\/uploads\/2022\/04\/da1c5b57-d14c-4bfc-bd16-68bd81059278-300x139.jpg 300w, http:\/\/www.impactohuasteco.com\/wp-content\/uploads\/2022\/04\/da1c5b57-d14c-4bfc-bd16-68bd81059278-1024x473.jpg 1024w, http:\/\/www.impactohuasteco.com\/wp-content\/uploads\/2022\/04\/da1c5b57-d14c-4bfc-bd16-68bd81059278-768x355.jpg 768w, http:\/\/www.impactohuasteco.com\/wp-content\/uploads\/2022\/04\/da1c5b57-d14c-4bfc-bd16-68bd81059278-400x185.jpg 400w, http:\/\/www.impactohuasteco.com\/wp-content\/uploads\/2022\/04\/da1c5b57-d14c-4bfc-bd16-68bd81059278.jpg 1152w\" sizes=\"(max-width: 898px) 100vw, 898px\" \/><\/strong><\/p>\n<p><strong>Tras la detenci\u00f3n, sus seres queridos arribaron este mi\u00e9rcoles al Centro de Readaptaci\u00f3n Social (Cereso) de Pacho Viejo donde mostraron pancartas con\u00a0 diversas consignas: \u201cLa libertad no es un privilegio, es un derecho\u201d, \u201csu \u00fanico delito fue querer ayudar al pueblo\u201d, \u201cAMLO, escucha a tu pueblo por favor\u201d.<\/strong><\/p>\n<p><strong>De acuerdo con Mar\u00eda del Carmen Gaspar Mart\u00ednez, una de las manifestantes indic\u00f3 que Patricio Alejandro es inocente. \u201c\u00c9l es inocente, que busquen a los verdaderos culpables. \u00c9l no se merece esto y por eso estamos aqu\u00ed reunidos\u201d.<\/strong><\/p>\n<p><strong>La detenci\u00f3n ocurri\u00f3 el pasado viernes 15 de abril aproximadamente a las 02:00 de la tarde indicaron por \u00faltimo durante la manifestaci\u00f3n.<\/strong><\/p>\n","protected":false},"excerpt":{"rendered":"<p>Fue encarcelado por el pasado 15 de abril por el presunto asesinato de Jacinto Romero Irineo P\u00e9rez Melo.- Coatepec, Ver.- Familiares y amigos de Patricio Alejandro \u201cN\u201d se manifestaron afuera del penal de Pacho Viejo de municipio para a las autoridades correspondientes exigir su liberaci\u00f3n, ya que, aseguran, es inocente del asesinato del periodista Jacinto Romero Flores, por el cual fue detenido en d\u00edas pasados. Con cartulinas que portaban, los manifestantes denunciaron que su detenci\u00f3n es ilegal, porque los verdaderos asesinos est\u00e1n libres y \u00e9l es un \u201cchivo expiatorio\u201d. El regidor de Movimiento Ciudadano en funciones del ayuntamiento de Ixtaczoquitl\u00e1n,\u00a0 [&hellip;]<\/p>\n","protected":false},"author":1,"featured_media":12876,"comment_status":"open","ping_status":"open","sticky":false,"template":"","format":"standard","meta":[],"categories":[11],"tags":[],"_links":{"self":[{"href":"http:\/\/www.impactohuasteco.com\/index.php?rest_route=\/wp\/v2\/posts\/12875"}],"collection":[{"href":"http:\/\/www.impactohuasteco.com\/index.php?rest_route=\/wp\/v2\/posts"}],"about":[{"href":"http:\/\/www.impactohuasteco.com\/index.php?rest_route=\/wp\/v2\/types\/post"}],"author":[{"embeddable":true,"href":"http:\/\/www.impactohuasteco.com\/index.php?rest_route=\/wp\/v2\/users\/1"}],"replies":[{"embeddable":true,"href":"http:\/\/www.impactohuasteco.com\/index.php?rest_route=%2Fwp%2Fv2%2Fcomments&post=12875"}],"version-history":[{"count":1,"href":"http:\/\/www.impactohuasteco.com\/index.php?rest_route=\/wp\/v2\/posts\/12875\/revisions"}],"predecessor-version":[{"id":12879,"href":"http:\/\/www.impactohuasteco.com\/index.php?rest_route=\/wp\/v2\/posts\/12875\/revisions\/12879"}],"wp:featuredmedia":[{"embeddable":true,"href":"http:\/\/www.impactohuasteco.com\/index.php?rest_route=\/wp\/v2\/media\/12876"}],"wp:attachment":[{"href":"http:\/\/www.impactohuasteco.com\/index.php?rest_route=%2Fwp%2Fv2%2Fmedia&parent=12875"}],"wp:term":[{"taxonomy":"category","embeddable":true,"href":"http:\/\/www.impactohuasteco.com\/index.php?rest_route=%2Fwp%2Fv2%2Fcategories&post=12875"},{"taxonomy":"post_tag","embeddable":true,"href":"http:\/\/www.impactohuasteco.com\/index.php?rest_route=%2Fwp%2Fv2%2Ftags&post=12875"}],"curies":[{"name":"wp","href":"https:\/\/api.w.org\/{rel}","templated":true}]}}