{"id":13516,"date":"2022-05-19T00:16:25","date_gmt":"2022-05-19T00:16:25","guid":{"rendered":"http:\/\/www.impactohuasteco.com\/?p=13516"},"modified":"2022-05-19T00:17:22","modified_gmt":"2022-05-19T00:17:22","slug":"veracruz-sin-presencia-de-hepatitis-aguda-grave-ss","status":"publish","type":"post","link":"http:\/\/www.impactohuasteco.com\/?p=13516","title":{"rendered":"VERACRUZ SIN PRESENCIA DE HEPATITIS AGUDA GRAVE: SS"},"content":{"rendered":"<ul>\n<li><strong>De conocerse oficialmente la presencia de un brote epidemiol\u00f3gico, de inmediato se activan los protocolos correspondientes: Ramos Alor.<\/strong><\/li>\n<\/ul>\n<p>Irineo P\u00e9rez Melo.- al descartar la existencia de hepatitis infantil de teolog\u00eda desconocida o at\u00edpica en Veracruz, Roberto Ramos Alor, secretario de Salud del estado, revel\u00f3 que al momento de reportarse de manera oficial por parte de la Organizaci\u00f3n Mundial de la Salud (OMS) o la autoridad sanitaria federal la presencia de alg\u00fan brote que ponga en riesgo la salud p\u00fablica, de inmediato se activa el protocolo epidemiol\u00f3gico en la entidad.<\/p>\n<p>En entrevista en torno a esta situaci\u00f3n que se ha presentado en el estado de Nuevo Le\u00f3n, el tambi\u00e9n Director General de Servicios Coordinados de Salud de Veracruz rechaz\u00f3 que en la entidad se tenga este problema sanitario.<\/p>\n<p>\u201cDesde el momento en que se anuncia la presencia de alg\u00fan germen o brote en especial que puede afectar a la poblaci\u00f3n, inmediatamente activamos toda la estructura y los mecanismos, y uno de ellos es la vigilancia epidemiol\u00f3gica, que consiste en rastrear y vigilar todo lo relacionado a hepatitis en todo el estado\u201d, subray\u00f3.<\/p>\n<p>Destac\u00f3 que paralelamente se activa el mecanismo de informaci\u00f3n y capacitaci\u00f3n con el que se actualiza a las 11 Jurisdicciones Sanitarias, para hacerle frente a nuevas enfermedades; \u201csi ustedes recuerdan, es precisamente el departamento de epidemiolog\u00eda de las Jurisdicciones Sanitarias, el que se encarga de la captura de la informaci\u00f3n de los\u00a0\u00a0brotes\u201d, agreg\u00f3.<\/p>\n<p>En ese tenor reiter\u00f3 que en la entidad, al momento, no se ha detectado alg\u00fan caso sospechoso de la hepatitis aguda infantil, por lo que llam\u00f3 a la poblaci\u00f3n a confiar en el trabajo que Servicios de Salud de Veracruz, lleva a cabo en favor de la protecci\u00f3n de las familias veracruzanas.<\/p>\n<p>Por ello, insisti\u00f3 en que la poblaci\u00f3n en general debe atender las medidas b\u00e1sicas de protecci\u00f3n sanitaria, las sugeridas para la prevenci\u00f3n de enfermedades respiratorias, digestivas o infecciosas.<\/p>\n<p>Est\u00e1s consisten b\u00e1sicamente en el aseo puntual de las manos, con agua y jab\u00f3n, el uso de gel con alcohol, la sana distancia, el cubrirse la boca y nariz en caso de infecciones respiratorias, evitar el saludo de manos, resalt\u00f3.<\/p>\n<p>Finalmente, pidi\u00f3 a los veracruzanos tener toda la confianza de que \u201cestaremos pendientes, vigilando todo lo que tenga que ver con la salud de nuestro pueblo\u201d,<\/p>\n<p>&nbsp;<\/p>\n","protected":false},"excerpt":{"rendered":"<p>De conocerse oficialmente la presencia de un brote epidemiol\u00f3gico, de inmediato se activan los protocolos correspondientes: Ramos Alor. Irineo P\u00e9rez Melo.- al descartar la existencia de hepatitis infantil de teolog\u00eda desconocida o at\u00edpica en Veracruz, Roberto Ramos Alor, secretario de Salud del estado, revel\u00f3 que al momento de reportarse de manera oficial por parte de la Organizaci\u00f3n Mundial de la Salud (OMS) o la autoridad sanitaria federal la presencia de alg\u00fan brote que ponga en riesgo la salud p\u00fablica, de inmediato se activa el protocolo epidemiol\u00f3gico en la entidad. En entrevista en torno a esta situaci\u00f3n que se ha presentado [&hellip;]<\/p>\n","protected":false},"author":1,"featured_media":13517,"comment_status":"open","ping_status":"open","sticky":false,"template":"","format":"standard","meta":[],"categories":[11],"tags":[],"_links":{"self":[{"href":"http:\/\/www.impactohuasteco.com\/index.php?rest_route=\/wp\/v2\/posts\/13516"}],"collection":[{"href":"http:\/\/www.impactohuasteco.com\/index.php?rest_route=\/wp\/v2\/posts"}],"about":[{"href":"http:\/\/www.impactohuasteco.com\/index.php?rest_route=\/wp\/v2\/types\/post"}],"author":[{"embeddable":true,"href":"http:\/\/www.impactohuasteco.com\/index.php?rest_route=\/wp\/v2\/users\/1"}],"replies":[{"embeddable":true,"href":"http:\/\/www.impactohuasteco.com\/index.php?rest_route=%2Fwp%2Fv2%2Fcomments&post=13516"}],"version-history":[{"count":2,"href":"http:\/\/www.impactohuasteco.com\/index.php?rest_route=\/wp\/v2\/posts\/13516\/revisions"}],"predecessor-version":[{"id":13519,"href":"http:\/\/www.impactohuasteco.com\/index.php?rest_route=\/wp\/v2\/posts\/13516\/revisions\/13519"}],"wp:featuredmedia":[{"embeddable":true,"href":"http:\/\/www.impactohuasteco.com\/index.php?rest_route=\/wp\/v2\/media\/13517"}],"wp:attachment":[{"href":"http:\/\/www.impactohuasteco.com\/index.php?rest_route=%2Fwp%2Fv2%2Fmedia&parent=13516"}],"wp:term":[{"taxonomy":"category","embeddable":true,"href":"http:\/\/www.impactohuasteco.com\/index.php?rest_route=%2Fwp%2Fv2%2Fcategories&post=13516"},{"taxonomy":"post_tag","embeddable":true,"href":"http:\/\/www.impactohuasteco.com\/index.php?rest_route=%2Fwp%2Fv2%2Ftags&post=13516"}],"curies":[{"name":"wp","href":"https:\/\/api.w.org\/{rel}","templated":true}]}}