{"id":13523,"date":"2022-05-19T01:54:16","date_gmt":"2022-05-19T01:54:16","guid":{"rendered":"http:\/\/www.impactohuasteco.com\/?p=13523"},"modified":"2022-05-19T01:54:16","modified_gmt":"2022-05-19T01:54:16","slug":"planton-de-padres-de-familia-en-telesecundaria-de-coatepec-exigen-la-asignacion-de-un-profesor","status":"publish","type":"post","link":"http:\/\/www.impactohuasteco.com\/?p=13523","title":{"rendered":"PLANT\u00d3N DE PADRES DE FAMILIA EN TELESECUNDARIA   DE COATEPEC; EXIGEN LA ASIGNACI\u00d3N DE UN PROFESOR"},"content":{"rendered":"<ul>\n<li><strong>Desde el 2021 se hizo la petici\u00f3n a la SEV y est\u00e1 por concluir el ciclo escolar y no se ha dado respuesta a la solicitud.<\/strong><\/li>\n<\/ul>\n<p>Irineo P\u00e9rez Melo.- Coatepec, Ver.- Padres se familia, cuyos hijos reciben clases en la Escuela Telesecundaria \u00c1lvaro G\u00e1lvez Fuentes se manifestaron y tomaron las instalaciones en protesta por la falta de un maestro para el grupo de Tercer a\u00f1o, desde que inici\u00f3 el ciclo escolar.\u00a0<img loading=\"lazy\" class=\" wp-image-13525 alignleft\" src=\"http:\/\/www.impactohuasteco.com\/wp-content\/uploads\/2022\/05\/thumbnail_COATEPEC-2-300x169.jpg\" alt=\"\" width=\"431\" height=\"243\" srcset=\"http:\/\/www.impactohuasteco.com\/wp-content\/uploads\/2022\/05\/thumbnail_COATEPEC-2-300x169.jpg 300w, http:\/\/www.impactohuasteco.com\/wp-content\/uploads\/2022\/05\/thumbnail_COATEPEC-2-1024x576.jpg 1024w, http:\/\/www.impactohuasteco.com\/wp-content\/uploads\/2022\/05\/thumbnail_COATEPEC-2-768x432.jpg 768w, http:\/\/www.impactohuasteco.com\/wp-content\/uploads\/2022\/05\/thumbnail_COATEPEC-2-400x225.jpg 400w, http:\/\/www.impactohuasteco.com\/wp-content\/uploads\/2022\/05\/thumbnail_COATEPEC-2-1067x600.jpg 1067w, http:\/\/www.impactohuasteco.com\/wp-content\/uploads\/2022\/05\/thumbnail_COATEPEC-2.jpg 1280w\" sizes=\"(max-width: 431px) 100vw, 431px\" \/><br \/>\nLa protesta es derivada porque desde el 2021 se hizo el planteamiento respectivo al entregar un oficio a la Secretar\u00eda de Educaci\u00f3n de Veracruz (SEV) para que se les asi<img loading=\"lazy\" class=\" wp-image-13526 alignleft\" src=\"http:\/\/www.impactohuasteco.com\/wp-content\/uploads\/2022\/05\/COATEPEC-1-161x300.jpg\" alt=\"\" width=\"436\" height=\"812\" \/>gnar\u00e1 un docente para atender a este grupo, sin embargo a casi dos meses de que concluya el ciclo escolar, \u00e9ste no ha llegado y la petici\u00f3n sigue sin atenderse<\/p>\n<p>\u201cLa respuesta que hemos obtenido es que no pueden enviar el recurso debido a que dentro del grupo debe haber 30 estudiantes y la matr\u00edcula con que cuenta la Telesecundaria es de 48\u201d, indicaron los quejosos que pidieron no ser identificados.<\/p>\n<p>El plantel escolar se ubica en la Colonia Cuauht\u00e9moc, en el municipio de Coatepec, por lo que los manifestantes solicitaron al gobernador Cuitl\u00e1huac Garc\u00eda Jim\u00e9nez y al secretario de Educaci\u00f3n de Veracruz, Zenyazen Roberto Escobar Garc\u00eda su intervenci\u00f3n para solucionar este problema, pues a la fecha los alumnos que est\u00e1n por concluir su educaci\u00f3n b\u00e1sica no saldr\u00e1n con la preparaci\u00f3n que se requiere para poder aspirar a un espacio en alguna escuela del subsistema de Educaci\u00f3n Media Superior, en cualquiera de sus modalidades.<\/p>\n","protected":false},"excerpt":{"rendered":"<p>Desde el 2021 se hizo la petici\u00f3n a la SEV y est\u00e1 por concluir el ciclo escolar y no se ha dado respuesta a la solicitud. Irineo P\u00e9rez Melo.- Coatepec, Ver.- Padres se familia, cuyos hijos reciben clases en la Escuela Telesecundaria \u00c1lvaro G\u00e1lvez Fuentes se manifestaron y tomaron las instalaciones en protesta por la falta de un maestro para el grupo de Tercer a\u00f1o, desde que inici\u00f3 el ciclo escolar.\u00a0 La protesta es derivada porque desde el 2021 se hizo el planteamiento respectivo al entregar un oficio a la Secretar\u00eda de Educaci\u00f3n de Veracruz (SEV) para que se les [&hellip;]<\/p>\n","protected":false},"author":1,"featured_media":13524,"comment_status":"open","ping_status":"open","sticky":false,"template":"","format":"standard","meta":[],"categories":[11],"tags":[],"_links":{"self":[{"href":"http:\/\/www.impactohuasteco.com\/index.php?rest_route=\/wp\/v2\/posts\/13523"}],"collection":[{"href":"http:\/\/www.impactohuasteco.com\/index.php?rest_route=\/wp\/v2\/posts"}],"about":[{"href":"http:\/\/www.impactohuasteco.com\/index.php?rest_route=\/wp\/v2\/types\/post"}],"author":[{"embeddable":true,"href":"http:\/\/www.impactohuasteco.com\/index.php?rest_route=\/wp\/v2\/users\/1"}],"replies":[{"embeddable":true,"href":"http:\/\/www.impactohuasteco.com\/index.php?rest_route=%2Fwp%2Fv2%2Fcomments&post=13523"}],"version-history":[{"count":2,"href":"http:\/\/www.impactohuasteco.com\/index.php?rest_route=\/wp\/v2\/posts\/13523\/revisions"}],"predecessor-version":[{"id":13528,"href":"http:\/\/www.impactohuasteco.com\/index.php?rest_route=\/wp\/v2\/posts\/13523\/revisions\/13528"}],"wp:featuredmedia":[{"embeddable":true,"href":"http:\/\/www.impactohuasteco.com\/index.php?rest_route=\/wp\/v2\/media\/13524"}],"wp:attachment":[{"href":"http:\/\/www.impactohuasteco.com\/index.php?rest_route=%2Fwp%2Fv2%2Fmedia&parent=13523"}],"wp:term":[{"taxonomy":"category","embeddable":true,"href":"http:\/\/www.impactohuasteco.com\/index.php?rest_route=%2Fwp%2Fv2%2Fcategories&post=13523"},{"taxonomy":"post_tag","embeddable":true,"href":"http:\/\/www.impactohuasteco.com\/index.php?rest_route=%2Fwp%2Fv2%2Ftags&post=13523"}],"curies":[{"name":"wp","href":"https:\/\/api.w.org\/{rel}","templated":true}]}}