{"id":14185,"date":"2022-07-21T00:05:46","date_gmt":"2022-07-21T00:05:46","guid":{"rendered":"http:\/\/www.impactohuasteco.com\/?p=14185"},"modified":"2022-07-21T00:05:46","modified_gmt":"2022-07-21T00:05:46","slug":"a-un-mes-que-transportistas-solicitaron-audiencia-al-gobernador-del-estado-y-no-atienden-su-peticion","status":"publish","type":"post","link":"http:\/\/www.impactohuasteco.com\/?p=14185","title":{"rendered":"A UN MES QUE TRANSPORTISTAS SOLICITARON AUDIENCIA   AL GOBERNADOR DEL ESTADO Y NO ATIENDEN SU PETICI\u00d3N"},"content":{"rendered":"<ul>\n<li><strong>Les dijeron que en una semana tendr\u00edan una respuesta y han acudido para ver que d\u00edas los recibir\u00edan y no hay una respuesta concreta.<\/strong><\/li>\n<\/ul>\n<p>Irineo P\u00e9rez Melo.- A un mes de haber solicitado, de manera formal, una audiencia con el gobernador Cuitl\u00e1huac Garc\u00eda Jim\u00e9nez, por integrantes de la Coalici\u00f3n y Asociaci\u00f3n de Transportistas del Estado de Veracruz, y es la fecha que no han recibido respuesta alguna, desconociendo las causas de esa postura gubernamental.<br \/>\n<img loading=\"lazy\" class=\" wp-image-14187 alignleft\" src=\"http:\/\/www.impactohuasteco.com\/wp-content\/uploads\/2022\/07\/Sin-titulo-2-4-300x183.jpg\" alt=\"\" width=\"579\" height=\"353\" srcset=\"http:\/\/www.impactohuasteco.com\/wp-content\/uploads\/2022\/07\/Sin-titulo-2-4-300x183.jpg 300w, http:\/\/www.impactohuasteco.com\/wp-content\/uploads\/2022\/07\/Sin-titulo-2-4-768x468.jpg 768w, http:\/\/www.impactohuasteco.com\/wp-content\/uploads\/2022\/07\/Sin-titulo-2-4-400x244.jpg 400w, http:\/\/www.impactohuasteco.com\/wp-content\/uploads\/2022\/07\/Sin-titulo-2-4.jpg 927w\" sizes=\"(max-width: 579px) 100vw, 579px\" \/>Y es que el pasado 20 de junio, decenas de transportistas del servicio urbano y suburbano, as\u00ed como for\u00e1neo del norte, centro y sur del estado de Veracruz, afiliados a las dos organizaciones del ramo, acudieron a palacio de gobierno para solicitar dicha audiencia con el mandatario veracruzano.<br \/>\n<img loading=\"lazy\" class=\" wp-image-14188 alignleft\" src=\"http:\/\/www.impactohuasteco.com\/wp-content\/uploads\/2022\/07\/thumbnail_SU-2.jpg\" alt=\"\" width=\"488\" height=\"325\" \/>El punto central de su petici\u00f3n estaba relacionado con el ajuste de la tarifa del servicio de pasajeros en su modalidad de urbano y suburbano de cuando menos el 50%, ya que la actual tarifa est\u00e1 vigente desde el 2014, misma que ya no es posible mantenerla ante el aumento desmedido que han tenido los combustibles e insumos que requieren para mantener en buen estado las unidades.<br \/>\n<img loading=\"lazy\" class=\" wp-image-14188 alignleft\" src=\"http:\/\/www.impactohuasteco.com\/wp-content\/uploads\/2022\/07\/thumbnail_SU-2.jpg\" alt=\"\" width=\"574\" height=\"382\" \/>Al respecto, Ubaldo Apodaca Victoria, vicepresidente de la Coalici\u00f3n de Transportistas y Oscar Luis Ceballos Ram\u00edrez, presidente de la Cooperativa del Servicio Urbano de Xalapa, S. C. L., recordaron que cuando acudieron a entregar el oficio mencionado para solicitar la audiencia con el Gobernador del Estado, los funcionarios que lo recibieron, se comprometieron a que a m\u00e1s tardar en una semana, los recibir\u00eda.<br \/>\n<img loading=\"lazy\" class=\" wp-image-14189 alignleft\" src=\"http:\/\/www.impactohuasteco.com\/wp-content\/uploads\/2022\/07\/thumbnail_SU-3.jpg\" alt=\"\" width=\"494\" height=\"328\" \/>Sin embargo, dijeron, han pasado ya varios d\u00edas y en reiteradas ocasiones hemos acudido con la persona que nos atendi\u00f3 para saber qu\u00e9 d\u00edas nos recibir\u00eda el Ejecutivo Estatal, pero no hay ninguna respuesta concreta.<\/p>\n<p>\u201cLamentablemente es la fecha que no nos ha recibido, mientras tanto seguimos padeciendo la cr\u00edtica situaci\u00f3n econ\u00f3mica, por el alto costo de los combustibles e insumos, por lo que de persistir esta negativa de ajustar la tarifa del pasaje, nos veremos en la penosa necesidad de suspender el servicio en algunas rutas, al resultar incosteable mantenerlas\u201d, concluyeron.<\/p>\n","protected":false},"excerpt":{"rendered":"<p>Les dijeron que en una semana tendr\u00edan una respuesta y han acudido para ver que d\u00edas los recibir\u00edan y no hay una respuesta concreta. Irineo P\u00e9rez Melo.- A un mes de haber solicitado, de manera formal, una audiencia con el gobernador Cuitl\u00e1huac Garc\u00eda Jim\u00e9nez, por integrantes de la Coalici\u00f3n y Asociaci\u00f3n de Transportistas del Estado de Veracruz, y es la fecha que no han recibido respuesta alguna, desconociendo las causas de esa postura gubernamental. Y es que el pasado 20 de junio, decenas de transportistas del servicio urbano y suburbano, as\u00ed como for\u00e1neo del norte, centro y sur del estado [&hellip;]<\/p>\n","protected":false},"author":1,"featured_media":14186,"comment_status":"open","ping_status":"open","sticky":false,"template":"","format":"standard","meta":[],"categories":[11],"tags":[],"_links":{"self":[{"href":"http:\/\/www.impactohuasteco.com\/index.php?rest_route=\/wp\/v2\/posts\/14185"}],"collection":[{"href":"http:\/\/www.impactohuasteco.com\/index.php?rest_route=\/wp\/v2\/posts"}],"about":[{"href":"http:\/\/www.impactohuasteco.com\/index.php?rest_route=\/wp\/v2\/types\/post"}],"author":[{"embeddable":true,"href":"http:\/\/www.impactohuasteco.com\/index.php?rest_route=\/wp\/v2\/users\/1"}],"replies":[{"embeddable":true,"href":"http:\/\/www.impactohuasteco.com\/index.php?rest_route=%2Fwp%2Fv2%2Fcomments&post=14185"}],"version-history":[{"count":1,"href":"http:\/\/www.impactohuasteco.com\/index.php?rest_route=\/wp\/v2\/posts\/14185\/revisions"}],"predecessor-version":[{"id":14190,"href":"http:\/\/www.impactohuasteco.com\/index.php?rest_route=\/wp\/v2\/posts\/14185\/revisions\/14190"}],"wp:featuredmedia":[{"embeddable":true,"href":"http:\/\/www.impactohuasteco.com\/index.php?rest_route=\/wp\/v2\/media\/14186"}],"wp:attachment":[{"href":"http:\/\/www.impactohuasteco.com\/index.php?rest_route=%2Fwp%2Fv2%2Fmedia&parent=14185"}],"wp:term":[{"taxonomy":"category","embeddable":true,"href":"http:\/\/www.impactohuasteco.com\/index.php?rest_route=%2Fwp%2Fv2%2Fcategories&post=14185"},{"taxonomy":"post_tag","embeddable":true,"href":"http:\/\/www.impactohuasteco.com\/index.php?rest_route=%2Fwp%2Fv2%2Ftags&post=14185"}],"curies":[{"name":"wp","href":"https:\/\/api.w.org\/{rel}","templated":true}]}}