{"id":14350,"date":"2022-08-15T16:16:52","date_gmt":"2022-08-15T16:16:52","guid":{"rendered":"http:\/\/www.impactohuasteco.com\/?p=14350"},"modified":"2022-08-15T16:16:52","modified_gmt":"2022-08-15T16:16:52","slug":"la-federalizacion-de-los-servicios-de-salud-en-veracruz-se-realizara-antes-de-concluir-2022","status":"publish","type":"post","link":"http:\/\/www.impactohuasteco.com\/?p=14350","title":{"rendered":"LA FEDERALIZACI\u00d3N DE LOS SERVICIOS DE SALUD EN   VERACRUZ SE REALIZAR\u00c1 ANTES DE CONCLUIR 2022"},"content":{"rendered":"<ul>\n<li><strong>Ya se hizo el primer diagn\u00f3stico de la situaci\u00f3n de infraestructura y de personal de los nosocomios y centros de salud: Manuel Huerta.\u00a0<\/strong><\/li>\n<\/ul>\n<p><strong>Irineo P\u00e9rez Melo.\u00a0 \u00a0En el presente a\u00f1o, el estado de Veracruz se incorporar\u00e1 al Programa M\u00e9dicos y Medicinas gratuitas con lo cual se har\u00e1 realidad la federalizaci\u00f3n de los servicios de salud, inform\u00f3 Manuel Huerta Ladr\u00f3n de Guevara, coordinador de los Programas de Desarrollo Integral del gobierno federal en el estado.\u00a0<\/strong><strong><\/p>\n<p><\/strong><strong>Entrevistado, precio a la reuni\u00f3n regional que sostuvo con alcaldes y representantes de 46 municipios de la regi\u00f3n capital, el funcionario federal se\u00f1al\u00f3 que, de manera paralela, se busca generar un sistema de cuidados para el adulto mayor.\u00a0<\/strong><strong><\/p>\n<p><\/strong><strong>Explic\u00f3 que de hacerse realidad este proyecto, se estar\u00eda estimulando econ\u00f3micamente a las personas que cuidan a adultos mayores, como es el caso de un enfermero, un cuidador o un familiar que tenga bajo su responsabilidad el cuidado de una persona mayor, ojal\u00e1 y est\u00e9 programa sea una realidad para el estado y los municipios veracruzanos.\u00a0<\/strong><strong><\/p>\n<p><\/strong><strong>Sin precisar una fecha en el que se contemple realizarse la federalizaci\u00f3n de los servicios de salud en la entidad, record\u00f3 que el presidente Andr\u00e9s Manuel L\u00f3pez Obrador indic\u00f3 que los 16 estados, entre ellos Veracruz, tienen que tener avances sustantivos de aqu\u00ed a fin de a\u00f1o.\u00a0<\/strong><strong><\/p>\n<p><\/strong><strong>\u201cYa se hizo el primer diagn\u00f3stico de la situaci\u00f3n de infraestructura y de personal en los hospitales y centros de salud, por lo que antes de que concluya el presente a\u00f1o se llevar\u00e1 la transici\u00f3n, como ya se hizo en los estados de Nayarit, Colima y Tlaxcala, en donde se est\u00e1 consolidando el sistema de m\u00e9dicos y medicinas gratuitas\u201d, a\u00f1adi\u00f3.\u00a0<\/strong><strong><\/p>\n<p><\/strong><strong>Destac\u00f3 que ya qued\u00f3 promulgada el jueves pasado la ley correspondiente, en donde se estipula que ser\u00e1 un Consejo, conformado por las Secretar\u00edas de Salud, Hacienda y Cr\u00e9dito P\u00fablico y Bienestar, quien determinar\u00e1 c\u00f3mo se dar\u00e1 ese cambio.\u00a0<\/strong><strong><\/p>\n<p><\/strong><strong>Reiter\u00f3 que la transici\u00f3n para Veracruz se dar\u00e1 en este a\u00f1o. \u201cDe hecho, ya hubo un primer diagn\u00f3stico. El Gobernador Cuitl\u00e1huac Garc\u00eda Jim\u00e9nez ya inform\u00f3 que para entrar se hace un diagn\u00f3stico para ver en qu\u00e9 estamos parados, tanto en el IMSS Bienestar como en los propios centros de salud que Sesver tiene en el estado\u201d, a\u00f1adi\u00f3.\u00a0<\/strong><strong><\/p>\n<p><\/strong><strong>Admiti\u00f3 por otro lado, que para lograr la federalizaci\u00f3n de la salud, se deber\u00e1n hacer algunas adecuaciones legales, pero que el objetivo fundamental de esto es que los m\u00e9dicos y medicinas, que requieran los mexicanos, est\u00e9n las 24 horas del d\u00eda y los 365 d\u00edas del a\u00f1o, concluy\u00f3.\u00a0<\/strong><\/p>\n<p>&nbsp;<\/p>\n","protected":false},"excerpt":{"rendered":"<p>Ya se hizo el primer diagn\u00f3stico de la situaci\u00f3n de infraestructura y de personal de los nosocomios y centros de salud: Manuel Huerta.\u00a0 Irineo P\u00e9rez Melo.\u00a0 \u00a0En el presente a\u00f1o, el estado de Veracruz se incorporar\u00e1 al Programa M\u00e9dicos y Medicinas gratuitas con lo cual se har\u00e1 realidad la federalizaci\u00f3n de los servicios de salud, inform\u00f3 Manuel Huerta Ladr\u00f3n de Guevara, coordinador de los Programas de Desarrollo Integral del gobierno federal en el estado.\u00a0 Entrevistado, precio a la reuni\u00f3n regional que sostuvo con alcaldes y representantes de 46 municipios de la regi\u00f3n capital, el funcionario federal se\u00f1al\u00f3 que, de manera [&hellip;]<\/p>\n","protected":false},"author":1,"featured_media":14351,"comment_status":"open","ping_status":"open","sticky":false,"template":"","format":"standard","meta":[],"categories":[11],"tags":[],"_links":{"self":[{"href":"http:\/\/www.impactohuasteco.com\/index.php?rest_route=\/wp\/v2\/posts\/14350"}],"collection":[{"href":"http:\/\/www.impactohuasteco.com\/index.php?rest_route=\/wp\/v2\/posts"}],"about":[{"href":"http:\/\/www.impactohuasteco.com\/index.php?rest_route=\/wp\/v2\/types\/post"}],"author":[{"embeddable":true,"href":"http:\/\/www.impactohuasteco.com\/index.php?rest_route=\/wp\/v2\/users\/1"}],"replies":[{"embeddable":true,"href":"http:\/\/www.impactohuasteco.com\/index.php?rest_route=%2Fwp%2Fv2%2Fcomments&post=14350"}],"version-history":[{"count":1,"href":"http:\/\/www.impactohuasteco.com\/index.php?rest_route=\/wp\/v2\/posts\/14350\/revisions"}],"predecessor-version":[{"id":14352,"href":"http:\/\/www.impactohuasteco.com\/index.php?rest_route=\/wp\/v2\/posts\/14350\/revisions\/14352"}],"wp:featuredmedia":[{"embeddable":true,"href":"http:\/\/www.impactohuasteco.com\/index.php?rest_route=\/wp\/v2\/media\/14351"}],"wp:attachment":[{"href":"http:\/\/www.impactohuasteco.com\/index.php?rest_route=%2Fwp%2Fv2%2Fmedia&parent=14350"}],"wp:term":[{"taxonomy":"category","embeddable":true,"href":"http:\/\/www.impactohuasteco.com\/index.php?rest_route=%2Fwp%2Fv2%2Fcategories&post=14350"},{"taxonomy":"post_tag","embeddable":true,"href":"http:\/\/www.impactohuasteco.com\/index.php?rest_route=%2Fwp%2Fv2%2Ftags&post=14350"}],"curies":[{"name":"wp","href":"https:\/\/api.w.org\/{rel}","templated":true}]}}