{"id":14398,"date":"2022-08-16T23:59:59","date_gmt":"2022-08-16T23:59:59","guid":{"rendered":"http:\/\/www.impactohuasteco.com\/?p=14398"},"modified":"2022-08-16T23:59:59","modified_gmt":"2022-08-16T23:59:59","slug":"locatarios-del-mercado-municipal-de-san-andres-tuxtla-bloquean-la-carretera-federal-para-exigir-su-construccion","status":"publish","type":"post","link":"http:\/\/www.impactohuasteco.com\/?p=14398","title":{"rendered":"LOCATARIOS DEL MERCADO MUNICIPAL DE SAN ANDR\u00c9S TUXTLA, BLOQUEAN LA CARRETERA FEDERAL PARA EXIGIR SU CONSTRUCCI\u00d3N"},"content":{"rendered":"<ul>\n<li><strong> Lleva 8 meses de atraso la obra y les est\u00e1 afectando en su econom\u00eda, por lo que pidieron la intervenci\u00f3n del gobernador Cuitl\u00e1huac Garc\u00eda para agilizar la obra.<\/strong><\/li>\n<\/ul>\n<p>Irineo P\u00e9rez Melo.- San Andr\u00e9s Tuxtla, Ver.- Un grupo de locatarios del municipio de San Andr\u00e9s Tuxtla, se manifestaron y bloquearon la carretera federal 180 que pasa por este municipio, la tarde de este martes 16 de agosto, a la altura de la Universidad del Golfo de M\u00e9xico (UGM), para exigir\u00a0 se agilicen los trabajos de rehabilitaci\u00f3n de dicho centro de abasto.<\/p>\n<p>A decir de los comerciantes que han pasado ocho meses de atraso en las obras de remodelaci\u00f3n del citado mercado municipal, tal y como lo ten\u00eda proyectado la Secretar\u00eda de Desarrollo Agrario, Territorial y Urbano (Sedatu).<img loading=\"lazy\" class=\" wp-image-14400 alignleft\" src=\"http:\/\/www.impactohuasteco.com\/wp-content\/uploads\/2022\/08\/Sin-titulo-2-300x183.jpg\" alt=\"\" width=\"516\" height=\"315\" srcset=\"http:\/\/www.impactohuasteco.com\/wp-content\/uploads\/2022\/08\/Sin-titulo-2-300x183.jpg 300w, http:\/\/www.impactohuasteco.com\/wp-content\/uploads\/2022\/08\/Sin-titulo-2-768x468.jpg 768w, http:\/\/www.impactohuasteco.com\/wp-content\/uploads\/2022\/08\/Sin-titulo-2-400x244.jpg 400w, http:\/\/www.impactohuasteco.com\/wp-content\/uploads\/2022\/08\/Sin-titulo-2.jpg 927w\" sizes=\"(max-width: 516px) 100vw, 516px\" \/><\/p>\n<p>Expresaron que a ocho meses de atraso del nuevo mercado, que es una obra que se realiza con recurso federal, sigue sufriendo las condiciones y consecuencias por una minor\u00eda de locatarios y pseudolocatarios que se han apoderado del lugar, afectando con ello su econom\u00eda y de la\u00a0 ciudadan\u00eda en general.<\/p>\n<p>Los inconformes pidieron la intervenci\u00f3n de los tres niveles de gobierno y se agoten las v\u00edas legales para que inicie la demolici\u00f3n e inicie la construcci\u00f3n del nuevo mercado.<\/p>\n<p><img loading=\"lazy\" class=\" wp-image-14401 alignleft\" src=\"http:\/\/www.impactohuasteco.com\/wp-content\/uploads\/2022\/08\/ec51cafe-eee9-4bac-9c7a-b31923887e0b-300x168.jpg\" alt=\"\" width=\"511\" height=\"286\" srcset=\"http:\/\/www.impactohuasteco.com\/wp-content\/uploads\/2022\/08\/ec51cafe-eee9-4bac-9c7a-b31923887e0b-300x168.jpg 300w, http:\/\/www.impactohuasteco.com\/wp-content\/uploads\/2022\/08\/ec51cafe-eee9-4bac-9c7a-b31923887e0b-1024x574.jpg 1024w, http:\/\/www.impactohuasteco.com\/wp-content\/uploads\/2022\/08\/ec51cafe-eee9-4bac-9c7a-b31923887e0b-768x431.jpg 768w, http:\/\/www.impactohuasteco.com\/wp-content\/uploads\/2022\/08\/ec51cafe-eee9-4bac-9c7a-b31923887e0b-400x224.jpg 400w, http:\/\/www.impactohuasteco.com\/wp-content\/uploads\/2022\/08\/ec51cafe-eee9-4bac-9c7a-b31923887e0b-1070x600.jpg 1070w, http:\/\/www.impactohuasteco.com\/wp-content\/uploads\/2022\/08\/ec51cafe-eee9-4bac-9c7a-b31923887e0b.jpg 1280w\" sizes=\"(max-width: 511px) 100vw, 511px\" \/><\/p>\n<p>Son un promedio de 40 los inconformes, quienes tambi\u00e9n pidieron el apoyo del gobernador, Cuitl\u00e1huac Garc\u00eda Jim\u00e9nez, para que se pueda dar paso a la construcci\u00f3n del sitio comercial.<\/p>\n<p>Al lugar de la protesta arrib\u00f3 elementos de la Polic\u00eda Municipal para mantener la tranquilidad y evitar cualquier connato de bronca que pudiera presentarse entre los manifestantes y conductores y automovilistas que buscan llegar a sus destinos<\/p>\n","protected":false},"excerpt":{"rendered":"<p>Lleva 8 meses de atraso la obra y les est\u00e1 afectando en su econom\u00eda, por lo que pidieron la intervenci\u00f3n del gobernador Cuitl\u00e1huac Garc\u00eda para agilizar la obra. Irineo P\u00e9rez Melo.- San Andr\u00e9s Tuxtla, Ver.- Un grupo de locatarios del municipio de San Andr\u00e9s Tuxtla, se manifestaron y bloquearon la carretera federal 180 que pasa por este municipio, la tarde de este martes 16 de agosto, a la altura de la Universidad del Golfo de M\u00e9xico (UGM), para exigir\u00a0 se agilicen los trabajos de rehabilitaci\u00f3n de dicho centro de abasto. A decir de los comerciantes que han pasado ocho meses [&hellip;]<\/p>\n","protected":false},"author":1,"featured_media":14399,"comment_status":"open","ping_status":"open","sticky":false,"template":"","format":"standard","meta":[],"categories":[11],"tags":[],"_links":{"self":[{"href":"http:\/\/www.impactohuasteco.com\/index.php?rest_route=\/wp\/v2\/posts\/14398"}],"collection":[{"href":"http:\/\/www.impactohuasteco.com\/index.php?rest_route=\/wp\/v2\/posts"}],"about":[{"href":"http:\/\/www.impactohuasteco.com\/index.php?rest_route=\/wp\/v2\/types\/post"}],"author":[{"embeddable":true,"href":"http:\/\/www.impactohuasteco.com\/index.php?rest_route=\/wp\/v2\/users\/1"}],"replies":[{"embeddable":true,"href":"http:\/\/www.impactohuasteco.com\/index.php?rest_route=%2Fwp%2Fv2%2Fcomments&post=14398"}],"version-history":[{"count":1,"href":"http:\/\/www.impactohuasteco.com\/index.php?rest_route=\/wp\/v2\/posts\/14398\/revisions"}],"predecessor-version":[{"id":14402,"href":"http:\/\/www.impactohuasteco.com\/index.php?rest_route=\/wp\/v2\/posts\/14398\/revisions\/14402"}],"wp:featuredmedia":[{"embeddable":true,"href":"http:\/\/www.impactohuasteco.com\/index.php?rest_route=\/wp\/v2\/media\/14399"}],"wp:attachment":[{"href":"http:\/\/www.impactohuasteco.com\/index.php?rest_route=%2Fwp%2Fv2%2Fmedia&parent=14398"}],"wp:term":[{"taxonomy":"category","embeddable":true,"href":"http:\/\/www.impactohuasteco.com\/index.php?rest_route=%2Fwp%2Fv2%2Fcategories&post=14398"},{"taxonomy":"post_tag","embeddable":true,"href":"http:\/\/www.impactohuasteco.com\/index.php?rest_route=%2Fwp%2Fv2%2Ftags&post=14398"}],"curies":[{"name":"wp","href":"https:\/\/api.w.org\/{rel}","templated":true}]}}