{"id":14847,"date":"2022-09-21T15:09:47","date_gmt":"2022-09-21T15:09:47","guid":{"rendered":"http:\/\/www.impactohuasteco.com\/?p=14847"},"modified":"2022-09-21T15:09:47","modified_gmt":"2022-09-21T15:09:47","slug":"se-encarta-manuel-huerta-para-contender-por-morena-a-la-gubernatura-de-veracruz","status":"publish","type":"post","link":"http:\/\/www.impactohuasteco.com\/?p=14847","title":{"rendered":"SE ENCARTA MANUEL HUERTA PARA CONTENDER   POR MORENA A LA GUBERNATURA DE VERACRUZ"},"content":{"rendered":"<ul>\n<li><strong>Por la fuerza del pueblo, mi partido me incluir\u00e1 en la encuesta y el pueblo decidir\u00e1, se\u00f1ala.<\/strong><\/li>\n<\/ul>\n<p>Irineo P\u00e9rez Melo.-\u00a0\u00a0Manuel Huerta Ladr\u00f3n de Guevara, delegado de los Programas de Desarrollo Integral del gobierno federal, se encart\u00f3 para suceder al gobernador Cuitl\u00e1huac Garc\u00eda Jim\u00e9nez, al estar convencido de la \u201cfuerza del pueblo, mi partido me tendr\u00e1 que incluir en la encuesta y el pueblo decidir\u00e1\u201d.<\/p>\n<p>En entrevista luego de encabezar una guardia de honor y dep\u00f3sito de una ofrenda floral ante el monumento a Don Miguel Hidalgo y Costilla, dijo que si el pueblo lo decide \u201cah\u00ed vamos a estar dispuesto a lo que el pueblo mande\u201d al tiempo de se\u00f1alar que habr\u00e1 piso parejo para todos los aspirantes a participar en este proceso de selecci\u00f3n interna.<\/p>\n<p>\u201cSiempre (habr\u00e1 piso parejo), porque hay democracia; aqu\u00ed tiene que quedar claro que nadie va a decidir con un dedo universal, que no habr\u00e1 cargada ni antidemocracia, el pueblo manda y lo est\u00e1 demostrando nuestro movimiento desde que logramos la cuarta transformaci\u00f3n\u201d, apunt\u00f3.<\/p>\n<p>El funcionario federal dijo que el pueblo es sabio \u201cy decidir\u00e1 lo mejor para Veracruz y nosotros aqu\u00ed estamos a sus \u00f3rdenes, sin perder el tiempo en politiquer\u00edas\u201d, al tiempo de se\u00f1alar que est\u00e1 preparado \u201cf\u00edsica, espiritual y mentalmente para contender por su partido Morena en los comicios locales a la gubernatura.<\/p>\n<p>Admiti\u00f3 que en su momento el partido sacar\u00e1 al o a la mejor candidata, pero todav\u00eda falta mucho tiempo y faltan muchos por aparecer todav\u00eda, por lo que hay que seguir trabajando, desde abajo. \u201cEsto no se va a ganar con columnas pol\u00edticas ni espectaculares ni el dedo divido, aqu\u00ed es el pueblo el que manda y que todos deben tener claro\u201d, abund\u00f3.<\/p>\n<p><strong>Se aplicar\u00e1 la 1\u00aa dosis contra el COVID a \u00a0ni\u00f1os de 5 a\u00f1os y 2\u00aa dosis a adolescentes\u00a0<\/strong><\/p>\n<p>Por otro lado, dio a conocer que a partir del 19 de septiembre y hasta el 25, se aplicar\u00e1 la primera dosis para ni\u00f1os de cinco a\u00f1os y segunda dosis para adolescentes de 12 a 17 a\u00f1os en los municipios de Texcatepec, Coahuitl\u00e1n, Cuichapa, Jamapa, Texistepec, Zaragoza y Moloac\u00e1n, durante los d\u00edas 19 y 20 de septiembre.<\/p>\n<p>El d\u00eda martes 20 ser\u00e1 el \u00fanico d\u00eda que estar\u00e1n en Colipa. \u201cYa con esto nos van a faltar solamente 20 municipios de primera dosis de cinco a 12 a\u00f1os\u201d, explic\u00f3 el funcionario federal.<\/p>\n<p>Respecto de la segunda dosis para ni\u00f1os de 5 a 11 a\u00f1os, explic\u00f3 que se aplicar\u00e1 del 19 al 23 de septiembre en los municipios de Veracruz y Boca del R\u00edo; en Xalapa del 20 al 23.<\/p>\n<p>Se\u00f1al\u00f3 que el lunes se inicia en las sedes de Veracruz-Boca del R\u00edo en el Estadio Pirata Fuentes, as\u00ed como en el Instituto Tecnol\u00f3gico Campus Veracruz y concluye el viernes 23 de septiembre; en el caso de \u00c1gora y Campo Deportivo Amapolas atender\u00e1n a los ni\u00f1os de lunes a jueves, \u201cser\u00e1 un d\u00eda menos\u201d.<\/p>\n<p>En Xalapa la vacunaci\u00f3n empieza del martes 20 al viernes 23 en las sedes de Torre el Olmo, Gimnasio Omega y la Facultad de Medicina de Ciencias de la Salud, adem\u00e1s de que el viernes personal de las Brigadas Correcaminos instalar\u00e1n un m\u00f3dulo en el Sal\u00f3n Ejidal del Castillo,<\/p>\n<p>&nbsp;<\/p>\n","protected":false},"excerpt":{"rendered":"<p>Por la fuerza del pueblo, mi partido me incluir\u00e1 en la encuesta y el pueblo decidir\u00e1, se\u00f1ala. Irineo P\u00e9rez Melo.-\u00a0\u00a0Manuel Huerta Ladr\u00f3n de Guevara, delegado de los Programas de Desarrollo Integral del gobierno federal, se encart\u00f3 para suceder al gobernador Cuitl\u00e1huac Garc\u00eda Jim\u00e9nez, al estar convencido de la \u201cfuerza del pueblo, mi partido me tendr\u00e1 que incluir en la encuesta y el pueblo decidir\u00e1\u201d. En entrevista luego de encabezar una guardia de honor y dep\u00f3sito de una ofrenda floral ante el monumento a Don Miguel Hidalgo y Costilla, dijo que si el pueblo lo decide \u201cah\u00ed vamos a estar dispuesto [&hellip;]<\/p>\n","protected":false},"author":1,"featured_media":14848,"comment_status":"open","ping_status":"open","sticky":false,"template":"","format":"standard","meta":[],"categories":[11],"tags":[],"_links":{"self":[{"href":"http:\/\/www.impactohuasteco.com\/index.php?rest_route=\/wp\/v2\/posts\/14847"}],"collection":[{"href":"http:\/\/www.impactohuasteco.com\/index.php?rest_route=\/wp\/v2\/posts"}],"about":[{"href":"http:\/\/www.impactohuasteco.com\/index.php?rest_route=\/wp\/v2\/types\/post"}],"author":[{"embeddable":true,"href":"http:\/\/www.impactohuasteco.com\/index.php?rest_route=\/wp\/v2\/users\/1"}],"replies":[{"embeddable":true,"href":"http:\/\/www.impactohuasteco.com\/index.php?rest_route=%2Fwp%2Fv2%2Fcomments&post=14847"}],"version-history":[{"count":1,"href":"http:\/\/www.impactohuasteco.com\/index.php?rest_route=\/wp\/v2\/posts\/14847\/revisions"}],"predecessor-version":[{"id":14849,"href":"http:\/\/www.impactohuasteco.com\/index.php?rest_route=\/wp\/v2\/posts\/14847\/revisions\/14849"}],"wp:featuredmedia":[{"embeddable":true,"href":"http:\/\/www.impactohuasteco.com\/index.php?rest_route=\/wp\/v2\/media\/14848"}],"wp:attachment":[{"href":"http:\/\/www.impactohuasteco.com\/index.php?rest_route=%2Fwp%2Fv2%2Fmedia&parent=14847"}],"wp:term":[{"taxonomy":"category","embeddable":true,"href":"http:\/\/www.impactohuasteco.com\/index.php?rest_route=%2Fwp%2Fv2%2Fcategories&post=14847"},{"taxonomy":"post_tag","embeddable":true,"href":"http:\/\/www.impactohuasteco.com\/index.php?rest_route=%2Fwp%2Fv2%2Ftags&post=14847"}],"curies":[{"name":"wp","href":"https:\/\/api.w.org\/{rel}","templated":true}]}}