{"id":14925,"date":"2022-10-02T02:22:59","date_gmt":"2022-10-02T02:22:59","guid":{"rendered":"http:\/\/www.impactohuasteco.com\/?p=14925"},"modified":"2022-10-02T02:22:59","modified_gmt":"2022-10-02T02:22:59","slug":"transportistas-piden-a-diputados-ser-tomados-en-cuenta-en-la-elaboracion-de-la-ley-de-movilidad-y-seguridad-vial","status":"publish","type":"post","link":"http:\/\/www.impactohuasteco.com\/?p=14925","title":{"rendered":"TRANSPORTISTAS PIDEN A DIPUTADOS SER TOMADOS EN CUENTA   EN LA ELABORACI\u00d3N DE LA LEY DE MOVILIDAD Y SEGURIDAD VIAL"},"content":{"rendered":"<ul>\n<li><strong>Exigen la realizaci\u00f3n de una consulta ciudadana para exponer sus opiniones en torno a dicha norma: Tom\u00e1s Mar\u00edn.<\/strong><\/li>\n<\/ul>\n<p>Irineo P\u00e9rez Melo.- Integrantes de la Federaci\u00f3n Veracruzana de Transportistas en todas sus modalidades, similares y conexos, A. C., demandaron al Congreso del Estado la realizaci\u00f3n de Foros de Consulta Ciudadana para que ciudadanos expongan su sentir en torno a la nueva Ley de Movilidad y Seguridad Vial y homologarla con la existente en el \u00e1mbito federal.<\/p>\n<p>Tom\u00e1s Mar\u00edn Arellano, integrante de la dirigencia de esta organizaci\u00f3n de transportistas, record\u00f3 que la iniciativa ya fue presentada por los diputados Maribel Ram\u00edrez Topet de Movimiento Ciudadano y el expanista Oth\u00f3n Hern\u00e1ndez Candanedo, por lo que se est\u00e1 pidiendo al poder legislativo que asume sus atribuciones y apruebe la realizaci\u00f3n de una consulta popular ciudadana.<br \/>\n<img loading=\"lazy\" class=\" wp-image-14927 alignleft\" src=\"http:\/\/www.impactohuasteco.com\/wp-content\/uploads\/2022\/10\/thumbnail_IMG_20220930_103016-300x225.jpg\" alt=\"\" width=\"533\" height=\"400\" srcset=\"http:\/\/www.impactohuasteco.com\/wp-content\/uploads\/2022\/10\/thumbnail_IMG_20220930_103016-300x225.jpg 300w, http:\/\/www.impactohuasteco.com\/wp-content\/uploads\/2022\/10\/thumbnail_IMG_20220930_103016-1024x768.jpg 1024w, http:\/\/www.impactohuasteco.com\/wp-content\/uploads\/2022\/10\/thumbnail_IMG_20220930_103016-768x576.jpg 768w, http:\/\/www.impactohuasteco.com\/wp-content\/uploads\/2022\/10\/thumbnail_IMG_20220930_103016-400x300.jpg 400w, http:\/\/www.impactohuasteco.com\/wp-content\/uploads\/2022\/10\/thumbnail_IMG_20220930_103016-800x600.jpg 800w, http:\/\/www.impactohuasteco.com\/wp-content\/uploads\/2022\/10\/thumbnail_IMG_20220930_103016.jpg 1280w\" sizes=\"(max-width: 533px) 100vw, 533px\" \/>Y fundament\u00f3 su petici\u00f3n en el sentido que de acuerdo al art\u00edculo 152 del Reglamento Interior establece que este ejercicio democr\u00e1tico no se puede hacer una vez que las iniciativas se hayan presentado, de una u otra forma inconstitucional, pues primero se debe determinar en el Constituci\u00f3n Pol\u00edtica Local el garantizar el derecho a la movilidad, lo cual no se est\u00e1 haciendo con la propuesta hecho por los legisladores mencionados.<\/p>\n<p>Por tal motivo, dijo que es injusto que se hagan las adecuaciones legales sin consultar antes a los involucrados en el tema, como ocurri\u00f3 cuando fue aprobada la Ley de Tr\u00e1nsito y Seguridad Vial, que est\u00e1 vigente aun.<br \/>\n<img loading=\"lazy\" class=\" wp-image-14928 alignleft\" src=\"http:\/\/www.impactohuasteco.com\/wp-content\/uploads\/2022\/10\/thumbnail_IMG_20220930_103025-300x224.jpg\" alt=\"\" width=\"508\" height=\"379\" srcset=\"http:\/\/www.impactohuasteco.com\/wp-content\/uploads\/2022\/10\/thumbnail_IMG_20220930_103025-300x224.jpg 300w, http:\/\/www.impactohuasteco.com\/wp-content\/uploads\/2022\/10\/thumbnail_IMG_20220930_103025-1024x766.jpg 1024w, http:\/\/www.impactohuasteco.com\/wp-content\/uploads\/2022\/10\/thumbnail_IMG_20220930_103025-768x574.jpg 768w, http:\/\/www.impactohuasteco.com\/wp-content\/uploads\/2022\/10\/thumbnail_IMG_20220930_103025-400x299.jpg 400w, http:\/\/www.impactohuasteco.com\/wp-content\/uploads\/2022\/10\/thumbnail_IMG_20220930_103025-803x600.jpg 803w, http:\/\/www.impactohuasteco.com\/wp-content\/uploads\/2022\/10\/thumbnail_IMG_20220930_103025.jpg 1280w\" sizes=\"(max-width: 508px) 100vw, 508px\" \/>En ese tenor, precis\u00f3 que no se puede concebir un Sistema Nacional de Movilidad, como lo establece la Ley General de Movilidad, si en nuestro estado no tenemos leyes adecuada a las necesidades e indic\u00f3 la inconformidad prevaleciente en el gremio porque no se les toma en cuenta en la elaboraci\u00f3n de las iniciativas que tienen que ver con su actividad.<\/p>\n<p>\u201cEstamos inconformes con las iniciativas porque no se han ajustado al marco constitucional, tiene que estar reglamentado como bien lo dice el Decreto de la Ley General de Movilidad\u201d, acot\u00f3.<\/p>\n<p>En ese tenor, resalt\u00f3 la falta de compromiso y responsabilidad social con el gremio transportistas de los legisladores de la LXVI Legislatura del Congreso del Estado.<\/p>\n<p>El dirigente transportista destac\u00f3 la importancia de que en la nueva ley que se est\u00e1 proponiendo, se cuente con una Secretar\u00eda de Movilidad, como las que tienen las ciudades de M\u00e9xico y Oaxaca, entre otras entidades y darles otro enfoque a las actuales direcciones de Tr\u00e1nsito y Seguridad Vial y de Transporte P\u00fablico.<\/p>\n<p>Finalmente, se\u00f1al\u00f3 que los Congresos Locales tienen 180 d\u00edas para hacer las modificaciones legales y armonizarla con la federal, pero \u201cno podemos esperar a que los diputados la aprueben, porque despu\u00e9s de ello, no se permite la realizaci\u00f3n de las consultas ciudadanas\u201d.<\/p>\n","protected":false},"excerpt":{"rendered":"<p>Exigen la realizaci\u00f3n de una consulta ciudadana para exponer sus opiniones en torno a dicha norma: Tom\u00e1s Mar\u00edn. Irineo P\u00e9rez Melo.- Integrantes de la Federaci\u00f3n Veracruzana de Transportistas en todas sus modalidades, similares y conexos, A. C., demandaron al Congreso del Estado la realizaci\u00f3n de Foros de Consulta Ciudadana para que ciudadanos expongan su sentir en torno a la nueva Ley de Movilidad y Seguridad Vial y homologarla con la existente en el \u00e1mbito federal. Tom\u00e1s Mar\u00edn Arellano, integrante de la dirigencia de esta organizaci\u00f3n de transportistas, record\u00f3 que la iniciativa ya fue presentada por los diputados Maribel Ram\u00edrez Topet [&hellip;]<\/p>\n","protected":false},"author":1,"featured_media":14926,"comment_status":"open","ping_status":"open","sticky":false,"template":"","format":"standard","meta":[],"categories":[11],"tags":[],"_links":{"self":[{"href":"http:\/\/www.impactohuasteco.com\/index.php?rest_route=\/wp\/v2\/posts\/14925"}],"collection":[{"href":"http:\/\/www.impactohuasteco.com\/index.php?rest_route=\/wp\/v2\/posts"}],"about":[{"href":"http:\/\/www.impactohuasteco.com\/index.php?rest_route=\/wp\/v2\/types\/post"}],"author":[{"embeddable":true,"href":"http:\/\/www.impactohuasteco.com\/index.php?rest_route=\/wp\/v2\/users\/1"}],"replies":[{"embeddable":true,"href":"http:\/\/www.impactohuasteco.com\/index.php?rest_route=%2Fwp%2Fv2%2Fcomments&post=14925"}],"version-history":[{"count":1,"href":"http:\/\/www.impactohuasteco.com\/index.php?rest_route=\/wp\/v2\/posts\/14925\/revisions"}],"predecessor-version":[{"id":14929,"href":"http:\/\/www.impactohuasteco.com\/index.php?rest_route=\/wp\/v2\/posts\/14925\/revisions\/14929"}],"wp:featuredmedia":[{"embeddable":true,"href":"http:\/\/www.impactohuasteco.com\/index.php?rest_route=\/wp\/v2\/media\/14926"}],"wp:attachment":[{"href":"http:\/\/www.impactohuasteco.com\/index.php?rest_route=%2Fwp%2Fv2%2Fmedia&parent=14925"}],"wp:term":[{"taxonomy":"category","embeddable":true,"href":"http:\/\/www.impactohuasteco.com\/index.php?rest_route=%2Fwp%2Fv2%2Fcategories&post=14925"},{"taxonomy":"post_tag","embeddable":true,"href":"http:\/\/www.impactohuasteco.com\/index.php?rest_route=%2Fwp%2Fv2%2Ftags&post=14925"}],"curies":[{"name":"wp","href":"https:\/\/api.w.org\/{rel}","templated":true}]}}