{"id":15325,"date":"2022-11-09T03:13:58","date_gmt":"2022-11-09T03:13:58","guid":{"rendered":"https:\/\/www.impactohuasteco.com\/?p=15325"},"modified":"2022-11-09T03:13:58","modified_gmt":"2022-11-09T03:13:58","slug":"fredemag-exige-que-pago-de-incremento-del-bienestar-a-docentes-se-pague-en-noviembre-para-no-generar-el-pago-de-mayores-impuestos","status":"publish","type":"post","link":"http:\/\/www.impactohuasteco.com\/?p=15325","title":{"rendered":"FREDEMAG EXIGE QUE PAGO DE INCREMENTO DEL BIENESTAR A DOCENTES SE   PAGUE EN NOVIEMBRE PARA NO GENERAR EL PAGO DE MAYORES IMPUESTOS"},"content":{"rendered":"<ul>\n<li><strong>Al acumularse el pago de salarios, aguinaldo y dem\u00e1s prestaciones, el pago del ISR pegar\u00e1 fuertemente en los bolsillos de los trabajadores: Ahumada Aguirre.\u00a0<\/strong><\/li>\n<\/ul>\n<p>Irineo P\u00e9rez Melo.- Es de suma importancia que el incremento salarial diferenciado se pague a m\u00e1s tardar en la segunda quincena de noviembre, porque de lo contrario los impactos impositivos ser\u00e1n graves en las percepciones que reciban los trabajadores del sistema educativo estatal, demand\u00f3 Oswaldo Ahumada Aguirre, secretario general del Frente Democr\u00e1tico Magisterial (Fredenag).<\/p>\n<p>En entrevista, el dirigente magisterial pidi\u00f3 clarificar est\u00e1 situaci\u00f3n en una n\u00f3mina especial, adicional e independiente para que no afecte los ingresos que reciban el personal docente y de asistencia y apoyo a la educaci\u00f3n del sistema estatal, ya que al pagarles en diciembre \u201cpodr\u00eda impactar negativamente en el pago del Impuesto Sobre la Renta (ISR).<br \/>\n<img loading=\"lazy\" class=\" wp-image-15327 alignleft\" src=\"http:\/\/www.impactohuasteco.com\/wp-content\/uploads\/2022\/11\/thumbnail_IMG_20221107_102035-300x224.jpg\" alt=\"\" width=\"543\" height=\"405\" srcset=\"http:\/\/www.impactohuasteco.com\/wp-content\/uploads\/2022\/11\/thumbnail_IMG_20221107_102035-300x224.jpg 300w, http:\/\/www.impactohuasteco.com\/wp-content\/uploads\/2022\/11\/thumbnail_IMG_20221107_102035-1024x766.jpg 1024w, http:\/\/www.impactohuasteco.com\/wp-content\/uploads\/2022\/11\/thumbnail_IMG_20221107_102035-768x574.jpg 768w, http:\/\/www.impactohuasteco.com\/wp-content\/uploads\/2022\/11\/thumbnail_IMG_20221107_102035-400x299.jpg 400w, http:\/\/www.impactohuasteco.com\/wp-content\/uploads\/2022\/11\/thumbnail_IMG_20221107_102035-803x600.jpg 803w, http:\/\/www.impactohuasteco.com\/wp-content\/uploads\/2022\/11\/thumbnail_IMG_20221107_102035.jpg 1280w\" sizes=\"(max-width: 543px) 100vw, 543px\" \/>Por tal motivo, dijo que la postura de esta organizaci\u00f3n magisterial es ese adeudo \u201cse cubra a m\u00e1s tardar en la segunda quincena de noviembre y en una n\u00f3mina adicional para evitar el impacto generativo de este impuesto\u201d.<\/p>\n<p>Dijo desconocer el monto que se paga de dicho impuesto, \u201cpero de que se elevar\u00eda el ISR s\u00ed se dar\u00eda en detrimento del bolsillo de los trabajadores del sistema estatal, tanto docentes como de apoyo y asistencia a la educaci\u00f3n (administrativos, ni\u00f1eras, intendentes) les afectar\u00eda el que se pagar\u00e1 hasta el mes de diciembre\u201d.<\/p>\n<p>De entrada, dijo respaldar el movimiento parista que realizan los maestros estatales, \u201cporque est\u00e1n buscando que se les pague en la segunda quincena de noviembre y, efectivamente, es un sentir generalizado en todo el estado\u201d.<br \/>\n<img loading=\"lazy\" class=\" wp-image-15328 alignleft\" src=\"http:\/\/www.impactohuasteco.com\/wp-content\/uploads\/2022\/11\/thumbnail_IMG_20221107_102053-300x225.jpg\" alt=\"\" width=\"947\" height=\"710\" srcset=\"http:\/\/www.impactohuasteco.com\/wp-content\/uploads\/2022\/11\/thumbnail_IMG_20221107_102053-300x225.jpg 300w, http:\/\/www.impactohuasteco.com\/wp-content\/uploads\/2022\/11\/thumbnail_IMG_20221107_102053-1024x768.jpg 1024w, http:\/\/www.impactohuasteco.com\/wp-content\/uploads\/2022\/11\/thumbnail_IMG_20221107_102053-768x576.jpg 768w, http:\/\/www.impactohuasteco.com\/wp-content\/uploads\/2022\/11\/thumbnail_IMG_20221107_102053-400x300.jpg 400w, http:\/\/www.impactohuasteco.com\/wp-content\/uploads\/2022\/11\/thumbnail_IMG_20221107_102053-800x600.jpg 800w, http:\/\/www.impactohuasteco.com\/wp-content\/uploads\/2022\/11\/thumbnail_IMG_20221107_102053.jpg 1280w\" sizes=\"(max-width: 947px) 100vw, 947px\" \/>Respecto del anuncio dado a conocer el pasado domingo por el gobernador Cuitl\u00e1huac Garc\u00eda Jim\u00e9nez donde garantiza el pago de este incremento salarial, s\u00ed es necesario que esa garant\u00eda sea real y se haga efectivo a m\u00e1s tardar en la segunda quincena del presente mes, para todos los trabajadores del sistema educativo estatal docenes y no docentes con retroactivo a enero del a\u00f1o en curso.<\/p>\n<ul>\n<li>\u00bfUstedes le creen, porque han hecho anuncios que se pagar\u00e1 y lo han ido postergando mes con mes? Se le pregunt\u00f3.<\/li>\n<li>Nosotros lo que estamos pidiendo es eso, en el momento en que se haga el pago, nos daremos cuenta de que s\u00ed fue as\u00ed, respondi\u00f3.<\/li>\n<\/ul>\n<p><strong>TECyA otorga Toma de Nota y Registro Sindical a Fredemag\u00a0<\/strong><\/p>\n<p>Por otro lado, revel\u00f3 que el pasado 27 de octubre del a\u00f1o en curso, el Tribunal Estatal de Conciliaci\u00f3n y Arbitraje (TECyA) les entreg\u00f3 su toma de nota y registro sindical S-6\/2022, correspondiente para su primer Comit\u00e9 Ejecutivo Estatal, con lo que se formaliza oficialmente como \u00f3rgano sindical.\u00a0<img loading=\"lazy\" class=\" wp-image-15329 alignleft\" src=\"http:\/\/www.impactohuasteco.com\/wp-content\/uploads\/2022\/11\/thumbnail_IMG_20221107_103443-300x224.jpg\" alt=\"\" width=\"552\" height=\"412\" srcset=\"http:\/\/www.impactohuasteco.com\/wp-content\/uploads\/2022\/11\/thumbnail_IMG_20221107_103443-300x224.jpg 300w, http:\/\/www.impactohuasteco.com\/wp-content\/uploads\/2022\/11\/thumbnail_IMG_20221107_103443-1024x766.jpg 1024w, http:\/\/www.impactohuasteco.com\/wp-content\/uploads\/2022\/11\/thumbnail_IMG_20221107_103443-768x574.jpg 768w, http:\/\/www.impactohuasteco.com\/wp-content\/uploads\/2022\/11\/thumbnail_IMG_20221107_103443-400x299.jpg 400w, http:\/\/www.impactohuasteco.com\/wp-content\/uploads\/2022\/11\/thumbnail_IMG_20221107_103443-803x600.jpg 803w, http:\/\/www.impactohuasteco.com\/wp-content\/uploads\/2022\/11\/thumbnail_IMG_20221107_103443.jpg 1280w\" sizes=\"(max-width: 552px) 100vw, 552px\" \/><\/p>\n<p>Con esto, dijo, ya se cuenta con la personalidad y el car\u00e1cter formal y legal para que est\u00e1 nueva instituci\u00f3n sindical se desempe\u00f1e ante las instancias correspondientes, ante la sociedad en general, los trabajadores de la educaci\u00f3n en Veracruz y, en particular, ante los militantes, con la legalidad respectiva para atender la gesti\u00f3n y la representaci\u00f3n sindical ante cualquier problem\u00e1tica laboral que afecte a nuestras bases y al magisterio en general.<\/p>\n<p>Dio a conocer que desde que se decidi\u00f3 conformar esta organizaci\u00f3n magisterial, se preocup\u00f3 por crear un plan de trabajo con miras a lograr recuperar derechos perdidos y crear nuevos que signifiquen un beneficio real para los trabajadores de la educaci\u00f3n de Veracruz.<\/p>\n<p>Finalmente, se refiri\u00f3 a la seguridad social, se contar\u00e1 con su propio sistema de Fondo de Beneficios Compartidos, mismo que garantizar\u00e1 el cumplimiento de sus beneficios para sus agremiados, concluy\u00f3.<\/p>\n<p>&nbsp;<\/p>\n","protected":false},"excerpt":{"rendered":"<p>Al acumularse el pago de salarios, aguinaldo y dem\u00e1s prestaciones, el pago del ISR pegar\u00e1 fuertemente en los bolsillos de los trabajadores: Ahumada Aguirre.\u00a0 Irineo P\u00e9rez Melo.- Es de suma importancia que el incremento salarial diferenciado se pague a m\u00e1s tardar en la segunda quincena de noviembre, porque de lo contrario los impactos impositivos ser\u00e1n graves en las percepciones que reciban los trabajadores del sistema educativo estatal, demand\u00f3 Oswaldo Ahumada Aguirre, secretario general del Frente Democr\u00e1tico Magisterial (Fredenag). En entrevista, el dirigente magisterial pidi\u00f3 clarificar est\u00e1 situaci\u00f3n en una n\u00f3mina especial, adicional e independiente para que no afecte los ingresos [&hellip;]<\/p>\n","protected":false},"author":1,"featured_media":15326,"comment_status":"open","ping_status":"open","sticky":false,"template":"","format":"standard","meta":[],"categories":[11],"tags":[],"_links":{"self":[{"href":"http:\/\/www.impactohuasteco.com\/index.php?rest_route=\/wp\/v2\/posts\/15325"}],"collection":[{"href":"http:\/\/www.impactohuasteco.com\/index.php?rest_route=\/wp\/v2\/posts"}],"about":[{"href":"http:\/\/www.impactohuasteco.com\/index.php?rest_route=\/wp\/v2\/types\/post"}],"author":[{"embeddable":true,"href":"http:\/\/www.impactohuasteco.com\/index.php?rest_route=\/wp\/v2\/users\/1"}],"replies":[{"embeddable":true,"href":"http:\/\/www.impactohuasteco.com\/index.php?rest_route=%2Fwp%2Fv2%2Fcomments&post=15325"}],"version-history":[{"count":1,"href":"http:\/\/www.impactohuasteco.com\/index.php?rest_route=\/wp\/v2\/posts\/15325\/revisions"}],"predecessor-version":[{"id":15330,"href":"http:\/\/www.impactohuasteco.com\/index.php?rest_route=\/wp\/v2\/posts\/15325\/revisions\/15330"}],"wp:featuredmedia":[{"embeddable":true,"href":"http:\/\/www.impactohuasteco.com\/index.php?rest_route=\/wp\/v2\/media\/15326"}],"wp:attachment":[{"href":"http:\/\/www.impactohuasteco.com\/index.php?rest_route=%2Fwp%2Fv2%2Fmedia&parent=15325"}],"wp:term":[{"taxonomy":"category","embeddable":true,"href":"http:\/\/www.impactohuasteco.com\/index.php?rest_route=%2Fwp%2Fv2%2Fcategories&post=15325"},{"taxonomy":"post_tag","embeddable":true,"href":"http:\/\/www.impactohuasteco.com\/index.php?rest_route=%2Fwp%2Fv2%2Ftags&post=15325"}],"curies":[{"name":"wp","href":"https:\/\/api.w.org\/{rel}","templated":true}]}}