{"id":15331,"date":"2022-11-09T03:25:00","date_gmt":"2022-11-09T03:25:00","guid":{"rendered":"https:\/\/www.impactohuasteco.com\/?p=15331"},"modified":"2022-11-09T03:25:00","modified_gmt":"2022-11-09T03:25:00","slug":"invita-caritas-de-xalapa-a-donar-generosamente-para-apoyar-a-los-que-menos-tienen-quintin-lopez","status":"publish","type":"post","link":"http:\/\/www.impactohuasteco.com\/?p=15331","title":{"rendered":"INVITA CARITAS DE XALAPA A DONAR GENEROSAMENTE   PARA APOYAR A LOS QUE MENOS TIENEN: QUINT\u00cdN L\u00d3PEZ"},"content":{"rendered":"<ul>\n<li><strong>A trav\u00e9s de una colecta a realizarse el 12 de este mes, unas 2,500 personas solicitar\u00e1n la cooperaci\u00f3n ciudadana, se\u00f1ala.<\/strong><\/li>\n<\/ul>\n<p><strong>Irineo P\u00e9rez Melo.- El pr\u00f3ximo 12 de noviembre del a\u00f1o en curso, la asociaci\u00f3n civil C\u00e1ritas de Xalapa realizar\u00e1 su colecta anual, para poder atender a personas en situaci\u00f3n de vulnerabilidad de esta capital y de la regi\u00f3n, inform\u00f3 Quint\u00edn L\u00f3pez Cessa, presidente de la organizaci\u00f3n.\u00a0<\/strong><strong><\/p>\n<p><\/strong><strong>En conferencia de prensa, dio a conocer que est\u00e1 acci\u00f3n se desarrollar\u00e1 de 09:00 a 21:00 horas, en d\u00f3nde 2 mil 500 voluntarios debidamente identificados invitar\u00e1n a los ciudadanos a sumarse a esta noble causa y contribuir generosamente con su aportaci\u00f3n de acuerdo a sus posibilidades econ\u00f3micas.\u00a0<\/strong><strong><br \/>\n<\/strong><img loading=\"lazy\" class=\" wp-image-15333 alignleft\" src=\"http:\/\/www.impactohuasteco.com\/wp-content\/uploads\/2022\/11\/IMG-20221107-WA0093-300x246.jpg\" alt=\"\" width=\"483\" height=\"396\" srcset=\"http:\/\/www.impactohuasteco.com\/wp-content\/uploads\/2022\/11\/IMG-20221107-WA0093-300x246.jpg 300w, http:\/\/www.impactohuasteco.com\/wp-content\/uploads\/2022\/11\/IMG-20221107-WA0093-1024x841.jpg 1024w, http:\/\/www.impactohuasteco.com\/wp-content\/uploads\/2022\/11\/IMG-20221107-WA0093-768x631.jpg 768w, http:\/\/www.impactohuasteco.com\/wp-content\/uploads\/2022\/11\/IMG-20221107-WA0093-400x328.jpg 400w, http:\/\/www.impactohuasteco.com\/wp-content\/uploads\/2022\/11\/IMG-20221107-WA0093-731x600.jpg 731w, http:\/\/www.impactohuasteco.com\/wp-content\/uploads\/2022\/11\/IMG-20221107-WA0093.jpg 1481w\" sizes=\"(max-width: 483px) 100vw, 483px\" \/><strong>Acompa\u00f1ado de Margarita Roa de Acosta y Leticia Villagr\u00e1n Ram\u00edrez, vicepresidenta y contadora de C\u00e1ritas de Xalapa, respectivamente, dieron a conocer que actualmente la situaci\u00f3n econ\u00f3mica es muy dif\u00edcil, lo que complica a familias de escasos recursos tener una adecuada manutenci\u00f3n y que los orilla a recurrir al apoyo de organismos de asistencia social para obtener un poco de alimentos.\u00a0<\/strong><strong><\/p>\n<p><\/strong><strong>En la rueda de prensa, realizada en el sal\u00f3n Monse\u00f1or Sergio Obeso Rivera de la Arquidi\u00f3cesis de Xalapa, indicaron que en los \u00faltimos cinco a\u00f1os ha bajado de manera significativa las colectas emprendidas y espec\u00edfico que ya solo en el 2017 obtuvieron un mill\u00f3n 560 mil 766.10 pesos; en 2018, un mill\u00f3n 448 mil 97.65 pesos; en 2019, un mill\u00f3n 351 mil 821.70 pesos; en 2020, un mill\u00f3n 314 mil 786.42 pesos y durante 2021, un mill\u00f3n 355 mil 158.10 pesos.\u00a0<\/strong><strong><br \/>\n<\/strong><strong>Se indic\u00f3 que C\u00e1ritas de Xalapa, es un organismo por el que a trav\u00e9s la Iglesia Cat\u00f3lica asiste de manera organizada y constante a la poblaci\u00f3n m\u00e1s vulnerable.\u00a0<\/strong><strong><br \/>\n<\/strong><img loading=\"lazy\" class=\" wp-image-15334 alignleft\" src=\"http:\/\/www.impactohuasteco.com\/wp-content\/uploads\/2022\/11\/IMG-20221107-WA0095-300x200.jpg\" alt=\"\" width=\"945\" height=\"630\" srcset=\"http:\/\/www.impactohuasteco.com\/wp-content\/uploads\/2022\/11\/IMG-20221107-WA0095-300x200.jpg 300w, http:\/\/www.impactohuasteco.com\/wp-content\/uploads\/2022\/11\/IMG-20221107-WA0095-1024x682.jpg 1024w, http:\/\/www.impactohuasteco.com\/wp-content\/uploads\/2022\/11\/IMG-20221107-WA0095-768x512.jpg 768w, http:\/\/www.impactohuasteco.com\/wp-content\/uploads\/2022\/11\/IMG-20221107-WA0095-1536x1023.jpg 1536w, http:\/\/www.impactohuasteco.com\/wp-content\/uploads\/2022\/11\/IMG-20221107-WA0095-400x267.jpg 400w, http:\/\/www.impactohuasteco.com\/wp-content\/uploads\/2022\/11\/IMG-20221107-WA0095-901x600.jpg 901w, http:\/\/www.impactohuasteco.com\/wp-content\/uploads\/2022\/11\/IMG-20221107-WA0095.jpg 1600w\" sizes=\"(max-width: 945px) 100vw, 945px\" \/><strong>Es de recordar que Caritas de Xalapa desde hace 25 a\u00f1os, organiza una colecta en la v\u00eda p\u00fablica para pedir a la sociedad de esta capital y de sus alrededores una ayuda econ\u00f3mica para poder apoyar a los que m\u00e1s necesitan.\u00a0<\/strong><strong><br \/>\n<\/strong><img loading=\"lazy\" class=\" wp-image-15335 alignleft\" src=\"http:\/\/www.impactohuasteco.com\/wp-content\/uploads\/2022\/11\/IMG-20221107-WA0096-300x200.jpg\" alt=\"\" width=\"724\" height=\"482\" srcset=\"http:\/\/www.impactohuasteco.com\/wp-content\/uploads\/2022\/11\/IMG-20221107-WA0096-300x200.jpg 300w, http:\/\/www.impactohuasteco.com\/wp-content\/uploads\/2022\/11\/IMG-20221107-WA0096-1024x682.jpg 1024w, http:\/\/www.impactohuasteco.com\/wp-content\/uploads\/2022\/11\/IMG-20221107-WA0096-768x512.jpg 768w, http:\/\/www.impactohuasteco.com\/wp-content\/uploads\/2022\/11\/IMG-20221107-WA0096-1536x1023.jpg 1536w, http:\/\/www.impactohuasteco.com\/wp-content\/uploads\/2022\/11\/IMG-20221107-WA0096-400x267.jpg 400w, http:\/\/www.impactohuasteco.com\/wp-content\/uploads\/2022\/11\/IMG-20221107-WA0096-901x600.jpg 901w, http:\/\/www.impactohuasteco.com\/wp-content\/uploads\/2022\/11\/IMG-20221107-WA0096.jpg 1600w\" sizes=\"(max-width: 724px) 100vw, 724px\" \/><strong>Finalmente, se\u00f1alaron que los voluntarios estar\u00e1n identificados con gafetes, botes alcanc\u00edas selladas y con logotipos de C\u00e1ritas de Xalapa para colectar en la v\u00eda p\u00fablica, plazas comerciales, parques, restaurantes, caf\u00e9s, paradas de autobuses y unidades habitacionales. \u00a0<\/strong><strong><\/p>\n<p><\/strong><strong>La colecta se realizar\u00e1 en torno a la VI Jornada Mundial del Pobre, a la que convoca el Papa Francisco, se\u00f1alaron.\u00a0<\/strong><strong><br \/>\n<\/strong><img loading=\"lazy\" class=\" wp-image-15336 alignleft\" src=\"http:\/\/www.impactohuasteco.com\/wp-content\/uploads\/2022\/11\/IMG-20221107-WA0097-300x207.jpg\" alt=\"\" width=\"497\" height=\"343\" srcset=\"http:\/\/www.impactohuasteco.com\/wp-content\/uploads\/2022\/11\/IMG-20221107-WA0097-300x207.jpg 300w, http:\/\/www.impactohuasteco.com\/wp-content\/uploads\/2022\/11\/IMG-20221107-WA0097-1024x707.jpg 1024w, http:\/\/www.impactohuasteco.com\/wp-content\/uploads\/2022\/11\/IMG-20221107-WA0097-768x530.jpg 768w, http:\/\/www.impactohuasteco.com\/wp-content\/uploads\/2022\/11\/IMG-20221107-WA0097-1536x1061.jpg 1536w, http:\/\/www.impactohuasteco.com\/wp-content\/uploads\/2022\/11\/IMG-20221107-WA0097-160x110.jpg 160w, http:\/\/www.impactohuasteco.com\/wp-content\/uploads\/2022\/11\/IMG-20221107-WA0097-400x276.jpg 400w, http:\/\/www.impactohuasteco.com\/wp-content\/uploads\/2022\/11\/IMG-20221107-WA0097-869x600.jpg 869w, http:\/\/www.impactohuasteco.com\/wp-content\/uploads\/2022\/11\/IMG-20221107-WA0097.jpg 1600w\" sizes=\"(max-width: 497px) 100vw, 497px\" \/><strong>C\u00e1ritas de Xalapa se integra de una matriz y 55 filiales C\u00e1ritas Parroquiales establecidas en 21 municipios (Xalapa y zonas aleda\u00f1as que conforman la Arquidi\u00f3cesis), un laboratorio para an\u00e1lisis cl\u00ednicos que funciona por medio de cooperaciones, un albergue para adultos mayores y enfermos en fase terminal que no cuentan con un familiar que vea por ellos, dos albergues temporales y un huerto en Coatepec.\u00a0<\/strong><strong><\/p>\n<p><\/strong><strong>Adem\u00e1s, ofrece los servicios de albergue, consultas, farmacia, despensas, comedor, servicio dental, consultas psicol\u00f3gicas, capacitaci\u00f3n y talleres de formaci\u00f3n como panader\u00eda, reposter\u00eda, carpinter\u00eda b\u00e1sica y herbolaria, entre otros. \u00a0<\/strong><strong><\/p>\n<p><\/strong><strong>Durante el a\u00f1o pasado se brindaron 183 mil 932 apoyos a trav\u00e9s de esos servicios, se mencion\u00f3 por \u00faltimo.\u00a0<\/strong><\/p>\n<p><strong>\u00a0<\/strong><\/p>\n<p><strong>\u00a0<\/strong><\/p>\n<p><strong>\u00a0<\/strong><\/p>\n","protected":false},"excerpt":{"rendered":"<p>A trav\u00e9s de una colecta a realizarse el 12 de este mes, unas 2,500 personas solicitar\u00e1n la cooperaci\u00f3n ciudadana, se\u00f1ala. Irineo P\u00e9rez Melo.- El pr\u00f3ximo 12 de noviembre del a\u00f1o en curso, la asociaci\u00f3n civil C\u00e1ritas de Xalapa realizar\u00e1 su colecta anual, para poder atender a personas en situaci\u00f3n de vulnerabilidad de esta capital y de la regi\u00f3n, inform\u00f3 Quint\u00edn L\u00f3pez Cessa, presidente de la organizaci\u00f3n.\u00a0 En conferencia de prensa, dio a conocer que est\u00e1 acci\u00f3n se desarrollar\u00e1 de 09:00 a 21:00 horas, en d\u00f3nde 2 mil 500 voluntarios debidamente identificados invitar\u00e1n a los ciudadanos a sumarse a esta noble [&hellip;]<\/p>\n","protected":false},"author":1,"featured_media":15332,"comment_status":"open","ping_status":"open","sticky":false,"template":"","format":"standard","meta":[],"categories":[11],"tags":[],"_links":{"self":[{"href":"http:\/\/www.impactohuasteco.com\/index.php?rest_route=\/wp\/v2\/posts\/15331"}],"collection":[{"href":"http:\/\/www.impactohuasteco.com\/index.php?rest_route=\/wp\/v2\/posts"}],"about":[{"href":"http:\/\/www.impactohuasteco.com\/index.php?rest_route=\/wp\/v2\/types\/post"}],"author":[{"embeddable":true,"href":"http:\/\/www.impactohuasteco.com\/index.php?rest_route=\/wp\/v2\/users\/1"}],"replies":[{"embeddable":true,"href":"http:\/\/www.impactohuasteco.com\/index.php?rest_route=%2Fwp%2Fv2%2Fcomments&post=15331"}],"version-history":[{"count":4,"href":"http:\/\/www.impactohuasteco.com\/index.php?rest_route=\/wp\/v2\/posts\/15331\/revisions"}],"predecessor-version":[{"id":15340,"href":"http:\/\/www.impactohuasteco.com\/index.php?rest_route=\/wp\/v2\/posts\/15331\/revisions\/15340"}],"wp:featuredmedia":[{"embeddable":true,"href":"http:\/\/www.impactohuasteco.com\/index.php?rest_route=\/wp\/v2\/media\/15332"}],"wp:attachment":[{"href":"http:\/\/www.impactohuasteco.com\/index.php?rest_route=%2Fwp%2Fv2%2Fmedia&parent=15331"}],"wp:term":[{"taxonomy":"category","embeddable":true,"href":"http:\/\/www.impactohuasteco.com\/index.php?rest_route=%2Fwp%2Fv2%2Fcategories&post=15331"},{"taxonomy":"post_tag","embeddable":true,"href":"http:\/\/www.impactohuasteco.com\/index.php?rest_route=%2Fwp%2Fv2%2Ftags&post=15331"}],"curies":[{"name":"wp","href":"https:\/\/api.w.org\/{rel}","templated":true}]}}