{"id":15572,"date":"2022-11-16T01:47:51","date_gmt":"2022-11-16T01:47:51","guid":{"rendered":"https:\/\/www.impactohuasteco.com\/?p=15572"},"modified":"2022-11-16T01:47:51","modified_gmt":"2022-11-16T01:47:51","slug":"tecnologias-digitales-amplian-vias-de-comunicacion-e-ironicamente-nos-comunicamos-menos-velazquez-lopez","status":"publish","type":"post","link":"http:\/\/www.impactohuasteco.com\/?p=15572","title":{"rendered":"TECNOLOG\u00cdAS DIGITALES AMPL\u00cdAN V\u00cdAS DE COMUNICACI\u00d3N E   IR\u00d3NICAMENTE NOS COMUNICAMOS MENOS: VEL\u00c1ZQUEZ L\u00d3PEZ"},"content":{"rendered":"<ul>\n<li><strong>Nuevas generaciones deben sacar provecho para desarrollar su inteligencia, no para embrutecerse como sucede actualmente, se\u00f1ala el experto.<\/strong><\/li>\n<\/ul>\n<p>Irineo P\u00e9rez Melo.- Pese a que se han ampliado las v\u00edas de comunicaci\u00f3n con el uso de las tecnolog\u00edas digitales, ir\u00f3nicamente nos comunicamos menos entre los seres humanos, lo cual es un gran problema para las futuras generaciones quienes \u201cdeber\u00e1n sacar provecho para desarrollar su inteligencia y no para hacerlos m\u00e1s brutos como actualmente est\u00e1 sucediendo\u201d.<\/p>\n<p>Lo anterior fue se\u00f1alado por el doctor en Ciencias Alberto Vel\u00e1zquez L\u00f3pez, profesor de la Universidad de Las Tunas, Cuba, quien se encuentra en esta capital para ofrecer la conferencia y taller magistral \u201cFormaci\u00f3n de habilidades creativas y de pensamiento cr\u00edtico\u201d a maestros de esta capital, quien destac\u00f3 los beneficios del uso de las tecnolog\u00edas, pues ha acortado las distancias y los tiempos para lograr la interacci\u00f3n de las personas.<\/p>\n<p>Sin embargo, reconoci\u00f3 que a pesar de contar con m\u00e1s v\u00edas de comunicaci\u00f3n, es nula la comunicaci\u00f3n como seres humanos, \u201chemos dejado de escribir grandes textos, con oraciones nos comunicamos, no con p\u00e1rrafos, no nos comunicamos, no argumentamos, no explicamos, no hacemos relatos, todo es muy concreto, esta \u00e9poca es as\u00ed y parecer que el futuro tambi\u00e9n es as\u00ed\u201d.<\/p>\n<p>Ante este panorama, expuso que tenemos que ense\u00f1ar a nuestros hijos a aprender a trabajar con la tecnolog\u00eda para que le saquen provecho y desarrollar su inteligencia, no para embrutecerlos, que es lo que est\u00e1 pasando actualmente.<\/p>\n<p>Cit\u00f3 como ejemplo el que ya no memorizamos los n\u00fameros (telef\u00f3nicos) de las novias, todo se almacena en el tel\u00e9fono m\u00f3vil y si \u00e9ste se pierde o se rompe, hoy se sufre m\u00e1s que cualquier otra p\u00e9rdida que se tenga.<\/p>\n<p>\u201cEso no puede ser as\u00ed, porque nos estamos convirtiendo en esclavos de los aparatos y lo que buscamos con el pensamiento cr\u00edtico es que el individuo aprenda a emplear esos recursos, pero en funci\u00f3n de su desarrollo, que no solo es pasar mensajes, que no solo es comunicarse con los amigos, sino tambi\u00e9n acceder a la fuente de conocimiento y de formaci\u00f3n\u201d, a\u00f1adi\u00f3.<\/p>\n<p>Se\u00f1al\u00f3 que actualmente son muchas las universidades que ofrecen licenciaturas gratis, y maestr\u00edas y doctorados que deben aprovecharse, porque el desarrollo del ser humano est\u00e1 en su inteligencia y se debe cultivar.<\/p>\n<p>\u201cSi utilizo el tel\u00e9fono (m\u00f3vil) para embrutecerme o lo utilizo para socializarme, para enriquecerme o para desarrollarme como ser humano y esa es una de las cosas que se deben trabajar desde la familia, pero se da el caso que en la hora de la comida, toda la familia est\u00e1 \u201ccolgado\u201d de su celular, que es la nueva cultura, los nuevos h\u00e1bitos que se forman\u201d, a\u00f1adi\u00f3.<\/p>\n<p>El especialista estar\u00e1 en esta capital ofreciendo este taller a maestros del Congreso Nacional de Bases de las Secciones 32 y 56 del SNTE, durante los d\u00edas 15, 16 y 17 de noviembre y el 18 disertar\u00e1 la conferencia magistral Pensamiento Cr\u00edtico e Investigaci\u00f3n Psicol\u00f3gica en la Facultad de Psicolog\u00eda de la Universidad Veracruzana (UV).<\/p>\n","protected":false},"excerpt":{"rendered":"<p>Nuevas generaciones deben sacar provecho para desarrollar su inteligencia, no para embrutecerse como sucede actualmente, se\u00f1ala el experto. Irineo P\u00e9rez Melo.- Pese a que se han ampliado las v\u00edas de comunicaci\u00f3n con el uso de las tecnolog\u00edas digitales, ir\u00f3nicamente nos comunicamos menos entre los seres humanos, lo cual es un gran problema para las futuras generaciones quienes \u201cdeber\u00e1n sacar provecho para desarrollar su inteligencia y no para hacerlos m\u00e1s brutos como actualmente est\u00e1 sucediendo\u201d. Lo anterior fue se\u00f1alado por el doctor en Ciencias Alberto Vel\u00e1zquez L\u00f3pez, profesor de la Universidad de Las Tunas, Cuba, quien se encuentra en esta capital [&hellip;]<\/p>\n","protected":false},"author":1,"featured_media":15573,"comment_status":"open","ping_status":"open","sticky":false,"template":"","format":"standard","meta":[],"categories":[11],"tags":[],"_links":{"self":[{"href":"http:\/\/www.impactohuasteco.com\/index.php?rest_route=\/wp\/v2\/posts\/15572"}],"collection":[{"href":"http:\/\/www.impactohuasteco.com\/index.php?rest_route=\/wp\/v2\/posts"}],"about":[{"href":"http:\/\/www.impactohuasteco.com\/index.php?rest_route=\/wp\/v2\/types\/post"}],"author":[{"embeddable":true,"href":"http:\/\/www.impactohuasteco.com\/index.php?rest_route=\/wp\/v2\/users\/1"}],"replies":[{"embeddable":true,"href":"http:\/\/www.impactohuasteco.com\/index.php?rest_route=%2Fwp%2Fv2%2Fcomments&post=15572"}],"version-history":[{"count":1,"href":"http:\/\/www.impactohuasteco.com\/index.php?rest_route=\/wp\/v2\/posts\/15572\/revisions"}],"predecessor-version":[{"id":15574,"href":"http:\/\/www.impactohuasteco.com\/index.php?rest_route=\/wp\/v2\/posts\/15572\/revisions\/15574"}],"wp:featuredmedia":[{"embeddable":true,"href":"http:\/\/www.impactohuasteco.com\/index.php?rest_route=\/wp\/v2\/media\/15573"}],"wp:attachment":[{"href":"http:\/\/www.impactohuasteco.com\/index.php?rest_route=%2Fwp%2Fv2%2Fmedia&parent=15572"}],"wp:term":[{"taxonomy":"category","embeddable":true,"href":"http:\/\/www.impactohuasteco.com\/index.php?rest_route=%2Fwp%2Fv2%2Fcategories&post=15572"},{"taxonomy":"post_tag","embeddable":true,"href":"http:\/\/www.impactohuasteco.com\/index.php?rest_route=%2Fwp%2Fv2%2Ftags&post=15572"}],"curies":[{"name":"wp","href":"https:\/\/api.w.org\/{rel}","templated":true}]}}