{"id":16454,"date":"2022-12-17T00:22:04","date_gmt":"2022-12-17T00:22:04","guid":{"rendered":"https:\/\/www.impactohuasteco.com\/?p=16454"},"modified":"2022-12-17T00:22:04","modified_gmt":"2022-12-17T00:22:04","slug":"constata-diputada-cumplimiento-de-organismos-autonomos-con-la-transparencia","status":"publish","type":"post","link":"http:\/\/www.impactohuasteco.com\/?p=16454","title":{"rendered":"CONSTATA DIPUTADA CUMPLIMIENTO DE ORGANISMOS AUT\u00d3NOMOS CON LA TRANSPARENCIA"},"content":{"rendered":"<ul>\n<li><strong>La presidenta del Congreso del Estado, legisladora Margarita Corro Mendoza, expone que m\u00e1s all\u00e1 de cumplir con la ley, se rinde cuentas a la sociedad veracruzana.<\/strong><\/li>\n<\/ul>\n<p><strong>Cleofas Hern\u00e1ndez.<\/strong><\/p>\n<p>En representaci\u00f3n de la LXVI Legislatura del estado, su presidenta, la diputada Margarita Corro Mendoza, recibi\u00f3 a titulares de organismos aut\u00f3nomos que, en cumplimiento con el p\u00e1rrafo II del Art\u00edculo 67 de la Constituci\u00f3n Pol\u00edtica del Estado de Veracruz, entregaron sus respectivos informes que contienen las labores realizadas durante el a\u00f1o.<\/p>\n<p>En primer t\u00e9rmino, la legisladora Margarita Corro felicit\u00f3 a todos y cada uno de ellos por cumplir en tiempo y forma con la presentaci\u00f3n de estos documentos, que adem\u00e1s de informar a la representaci\u00f3n popular sobre el estado que guarda su gesti\u00f3n, es el reflejo del compromiso por rendir cuentas claras a las y los veracruzanos, con transparencia y honradez.<\/p>\n<p>Asimismo, la Dip<img loading=\"lazy\" class=\" wp-image-16456 alignleft\" src=\"http:\/\/www.impactohuasteco.com\/wp-content\/uploads\/2022\/12\/thumbnail_NOV16DICIEMBRE2022AUTONOMOS1-300x203.jpg\" alt=\"\" width=\"1200\" height=\"813\" srcset=\"http:\/\/www.impactohuasteco.com\/wp-content\/uploads\/2022\/12\/thumbnail_NOV16DICIEMBRE2022AUTONOMOS1-300x203.jpg 300w, http:\/\/www.impactohuasteco.com\/wp-content\/uploads\/2022\/12\/thumbnail_NOV16DICIEMBRE2022AUTONOMOS1-768x519.jpg 768w, http:\/\/www.impactohuasteco.com\/wp-content\/uploads\/2022\/12\/thumbnail_NOV16DICIEMBRE2022AUTONOMOS1-320x218.jpg 320w, http:\/\/www.impactohuasteco.com\/wp-content\/uploads\/2022\/12\/thumbnail_NOV16DICIEMBRE2022AUTONOMOS1-620x420.jpg 620w, http:\/\/www.impactohuasteco.com\/wp-content\/uploads\/2022\/12\/thumbnail_NOV16DICIEMBRE2022AUTONOMOS1-400x270.jpg 400w, http:\/\/www.impactohuasteco.com\/wp-content\/uploads\/2022\/12\/thumbnail_NOV16DICIEMBRE2022AUTONOMOS1-887x600.jpg 887w\" sizes=\"(max-width: 1200px) 100vw, 1200px\" \/>utada se\u00f1al\u00f3 que, de conformidad con la ley, habr\u00e1 de prepararse el calendario respectivo para que los titulares de los organismos aut\u00f3nomos como el Instituto Veracruzano de Acceso a la Informaci\u00f3n y Protecci\u00f3n de Datos Personales (IVAI), la Comisi\u00f3n Estatal de Derechos Humanos (CEDH), la Comisi\u00f3n Estatal para la Atenci\u00f3n y Protecci\u00f3n de los Periodistas (CEAPP), la Fiscal\u00eda General del Estado (FGE) y el \u00d3rgano de Fiscalizaci\u00f3n Superior (ORFIS), acudan durante la segunda quincena de enero a comparecer ante las y los diputados.<\/p>\n<p>De esta manera, la diputada Corro Mendoza recibi\u00f3 el informe de labores del IVAI de manos de la comisionada presidenta de esto organismo aut\u00f3nomo, Naldy Patricia Rodr\u00edguez Lagunes, y atestiguaron este acto los comisionados Jos\u00e9 Alfredo Corona Liz\u00e1rraga y David Agust\u00edn Jim\u00e9nez Rojas.<img loading=\"lazy\" class=\" wp-image-16457 alignleft\" src=\"http:\/\/www.impactohuasteco.com\/wp-content\/uploads\/2022\/12\/thumbnail_NOV16DICIEMBRE2022AUTONOMOS2-300x200.jpg\" alt=\"\" width=\"1203\" height=\"802\" srcset=\"http:\/\/www.impactohuasteco.com\/wp-content\/uploads\/2022\/12\/thumbnail_NOV16DICIEMBRE2022AUTONOMOS2-300x200.jpg 300w, http:\/\/www.impactohuasteco.com\/wp-content\/uploads\/2022\/12\/thumbnail_NOV16DICIEMBRE2022AUTONOMOS2-1024x683.jpg 1024w, http:\/\/www.impactohuasteco.com\/wp-content\/uploads\/2022\/12\/thumbnail_NOV16DICIEMBRE2022AUTONOMOS2-768x512.jpg 768w, http:\/\/www.impactohuasteco.com\/wp-content\/uploads\/2022\/12\/thumbnail_NOV16DICIEMBRE2022AUTONOMOS2-400x267.jpg 400w, http:\/\/www.impactohuasteco.com\/wp-content\/uploads\/2022\/12\/thumbnail_NOV16DICIEMBRE2022AUTONOMOS2-899x600.jpg 899w, http:\/\/www.impactohuasteco.com\/wp-content\/uploads\/2022\/12\/thumbnail_NOV16DICIEMBRE2022AUTONOMOS2.jpg 1280w\" sizes=\"(max-width: 1203px) 100vw, 1203px\" \/><\/p>\n<p>Cumplieron tambi\u00e9n con esta disposici\u00f3n la presidenta de la CEDH, Namiko Matzumoto Ben\u00edtez y la acompa\u00f1\u00f3 el Contralor Interno, Adolfo Toss Capistr\u00e1n. As\u00ed como la Fiscal General, Ver\u00f3nica Hern\u00e1ndez Giad\u00e1ns, a quien recibieron una comisi\u00f3n de diputados, encabezada por el legislador Genaro Ib\u00e1\u00f1ez Mart\u00ednez, presidente de la Comisi\u00f3n Permanente de Procuraci\u00f3n de Justicia.<\/p>\n<p>En tanto, por la CEAPP, acudi\u00f3 el Secreta<img loading=\"lazy\" class=\" wp-image-16458 alignleft\" src=\"http:\/\/www.impactohuasteco.com\/wp-content\/uploads\/2022\/12\/thumbnail_NOV16DICIEMBRE2022AUTONOMOS3-300x200.jpg\" alt=\"\" width=\"1205\" height=\"803\" srcset=\"http:\/\/www.impactohuasteco.com\/wp-content\/uploads\/2022\/12\/thumbnail_NOV16DICIEMBRE2022AUTONOMOS3-300x200.jpg 300w, http:\/\/www.impactohuasteco.com\/wp-content\/uploads\/2022\/12\/thumbnail_NOV16DICIEMBRE2022AUTONOMOS3-1024x683.jpg 1024w, http:\/\/www.impactohuasteco.com\/wp-content\/uploads\/2022\/12\/thumbnail_NOV16DICIEMBRE2022AUTONOMOS3-768x512.jpg 768w, http:\/\/www.impactohuasteco.com\/wp-content\/uploads\/2022\/12\/thumbnail_NOV16DICIEMBRE2022AUTONOMOS3-400x267.jpg 400w, http:\/\/www.impactohuasteco.com\/wp-content\/uploads\/2022\/12\/thumbnail_NOV16DICIEMBRE2022AUTONOMOS3-899x600.jpg 899w, http:\/\/www.impactohuasteco.com\/wp-content\/uploads\/2022\/12\/thumbnail_NOV16DICIEMBRE2022AUTONOMOS3.jpg 1280w\" sizes=\"(max-width: 1205px) 100vw, 1205px\" \/>rio Ejecutivo de este organismo, Israel Hern\u00e1ndez Sosa, a quien acompa\u00f1aron el Contralor Interno, Mariano Alvarado Mart\u00ednez, as\u00ed como la Enlace del Pleno de la Comisi\u00f3n, Mar\u00eda Guadalupe Alfaro Ruedas y el titular de la Unidad de Monitoreo y Prevenci\u00f3n, Armando Ramos \u00c1lvarez. Y por el ORFIS, hizo entrega del documento respectivo la Auditora Delia Gonz\u00e1lez Cobos.<\/p>\n<p>De acuerdo con p\u00e1rrafo II del Art\u00edculo 67 de la Carta Magna del estado y para efecto de que los organismos aut\u00f3nomos rindan cuentas sobre el estado que guarda su gesti\u00f3n, deber\u00e1n presentar anualmente un informe de actividades a los Poderes Legislativo y Ejecutivo dentro de los primeros quince d\u00edas del mes de diciembre, y sus titulares comparecer ante el Poder Legislativo en sesi\u00f3n p\u00fablica en la \u00faltima quincena del mes de enero, conforme al formato que establezca la Ley Org\u00e1nica del Poder Legislativo y su respectivo Reglamento.<\/p>\n<p>&nbsp;<\/p>\n<p>&nbsp;<\/p>\n","protected":false},"excerpt":{"rendered":"<p>La presidenta del Congreso del Estado, legisladora Margarita Corro Mendoza, expone que m\u00e1s all\u00e1 de cumplir con la ley, se rinde cuentas a la sociedad veracruzana. Cleofas Hern\u00e1ndez. En representaci\u00f3n de la LXVI Legislatura del estado, su presidenta, la diputada Margarita Corro Mendoza, recibi\u00f3 a titulares de organismos aut\u00f3nomos que, en cumplimiento con el p\u00e1rrafo II del Art\u00edculo 67 de la Constituci\u00f3n Pol\u00edtica del Estado de Veracruz, entregaron sus respectivos informes que contienen las labores realizadas durante el a\u00f1o. En primer t\u00e9rmino, la legisladora Margarita Corro felicit\u00f3 a todos y cada uno de ellos por cumplir en tiempo y forma [&hellip;]<\/p>\n","protected":false},"author":1,"featured_media":16455,"comment_status":"open","ping_status":"open","sticky":false,"template":"","format":"standard","meta":[],"categories":[11],"tags":[],"_links":{"self":[{"href":"http:\/\/www.impactohuasteco.com\/index.php?rest_route=\/wp\/v2\/posts\/16454"}],"collection":[{"href":"http:\/\/www.impactohuasteco.com\/index.php?rest_route=\/wp\/v2\/posts"}],"about":[{"href":"http:\/\/www.impactohuasteco.com\/index.php?rest_route=\/wp\/v2\/types\/post"}],"author":[{"embeddable":true,"href":"http:\/\/www.impactohuasteco.com\/index.php?rest_route=\/wp\/v2\/users\/1"}],"replies":[{"embeddable":true,"href":"http:\/\/www.impactohuasteco.com\/index.php?rest_route=%2Fwp%2Fv2%2Fcomments&post=16454"}],"version-history":[{"count":1,"href":"http:\/\/www.impactohuasteco.com\/index.php?rest_route=\/wp\/v2\/posts\/16454\/revisions"}],"predecessor-version":[{"id":16459,"href":"http:\/\/www.impactohuasteco.com\/index.php?rest_route=\/wp\/v2\/posts\/16454\/revisions\/16459"}],"wp:featuredmedia":[{"embeddable":true,"href":"http:\/\/www.impactohuasteco.com\/index.php?rest_route=\/wp\/v2\/media\/16455"}],"wp:attachment":[{"href":"http:\/\/www.impactohuasteco.com\/index.php?rest_route=%2Fwp%2Fv2%2Fmedia&parent=16454"}],"wp:term":[{"taxonomy":"category","embeddable":true,"href":"http:\/\/www.impactohuasteco.com\/index.php?rest_route=%2Fwp%2Fv2%2Fcategories&post=16454"},{"taxonomy":"post_tag","embeddable":true,"href":"http:\/\/www.impactohuasteco.com\/index.php?rest_route=%2Fwp%2Fv2%2Ftags&post=16454"}],"curies":[{"name":"wp","href":"https:\/\/api.w.org\/{rel}","templated":true}]}}