{"id":16864,"date":"2023-01-26T05:07:20","date_gmt":"2023-01-26T05:07:20","guid":{"rendered":"https:\/\/www.impactohuasteco.com\/?p=16864"},"modified":"2023-01-26T05:07:20","modified_gmt":"2023-01-26T05:07:20","slug":"ni-con-amparo-de-juez-representante-estatal-del-ran-atiende-a-ejidatarios-veracruzanos","status":"publish","type":"post","link":"http:\/\/www.impactohuasteco.com\/?p=16864","title":{"rendered":"NI CON AMPARO DE JUEZ, REPRESENTANTE ESTATAL DEL RAN ATIENDE A EJIDATARIOS VERACRUZANOS"},"content":{"rendered":"<ul>\n<li><strong> Desde hace 6 a\u00f1os ejidatarios y posesionarios de del ejido Napoala solicitan padr\u00f3n para inscripci\u00f3n de acta de \u00f3rganos de representaci\u00f3n y es la fecha que no se los entregan.<\/strong><\/li>\n<\/ul>\n<p>Irineo P\u00e9rez Melo.- Los ejidatarios y posesionarios del Ejido Napoala del municipio de Atzalan viven un calvario, pues desde hace seis a\u00f1os est\u00e1n solicitando al Registro Agrario Nacional (RAN) la entrega del padr\u00f3n para llevar a cabo la inscripci\u00f3n del acta de \u00f3rganos de representaci\u00f3n y el representante estatal Javier Sandoval Garc\u00eda solo les ha dado largas y no ha entregado dicho documento.<\/p>\n<p>Esto lo inform\u00f3 Tranquilino Ortiz P\u00e9rez, quien explic\u00f3 que el funcionario federal argument\u00f3 que no ha entregado dicha documentaci\u00f3n porque supuestamente hay una divisi\u00f3n en el ejido, pero que esto no tiene nada que ver con el tr\u00e1mite que se realiza ante el RAN.<img loading=\"lazy\" class=\" wp-image-16866 alignleft\" src=\"http:\/\/www.impactohuasteco.com\/wp-content\/uploads\/2023\/01\/EJIDO-2-300x224.jpg\" alt=\"\" width=\"542\" height=\"405\" srcset=\"http:\/\/www.impactohuasteco.com\/wp-content\/uploads\/2023\/01\/EJIDO-2-300x224.jpg 300w, http:\/\/www.impactohuasteco.com\/wp-content\/uploads\/2023\/01\/EJIDO-2-1024x765.jpg 1024w, http:\/\/www.impactohuasteco.com\/wp-content\/uploads\/2023\/01\/EJIDO-2-768x574.jpg 768w, http:\/\/www.impactohuasteco.com\/wp-content\/uploads\/2023\/01\/EJIDO-2-1536x1148.jpg 1536w, http:\/\/www.impactohuasteco.com\/wp-content\/uploads\/2023\/01\/EJIDO-2-400x299.jpg 400w, http:\/\/www.impactohuasteco.com\/wp-content\/uploads\/2023\/01\/EJIDO-2-803x600.jpg 803w, http:\/\/www.impactohuasteco.com\/wp-content\/uploads\/2023\/01\/EJIDO-2.jpg 1600w\" sizes=\"(max-width: 542px) 100vw, 542px\" \/><\/p>\n<p>En entrevista, el representante ejidal expuso que hace mes y \u00a0medio se tuvo que interponer una demanda de amparo ante el Juzgado por la mala atenci\u00f3n y la falta de respuesta, lo que oblig\u00f3 al funcionario federal a brindarles la atenci\u00f3n, comprometi\u00e9ndose a entregar el padr\u00f3n de ejidatarios, por lo que se estableci\u00f3 como fecha el 12 de enero para ello.<\/p>\n<p>Sin embargo, dijo, se acudi\u00f3 esa fecha, y no cumpli\u00f3, fijando nueva fecha el 19 de enero, dando su palabra de \u201ccaballero\u201d de arreglar esto, pero lleg\u00f3 el d\u00eda y esperamos m\u00e1s de 5 horas y el empleado de ventanilla les inform\u00f3 que dicho documento no se ten\u00eda y que en mes y medio, estar\u00eda listo, situaci\u00f3n que molest\u00f3 a los representantes ejidales porque no avanza el tr\u00e1mite, afectando a 119 ejidatarios m\u00e1s los posesionarios.<\/p>\n<p>Al demandarle al titular del RAN en el estado su intervenci\u00f3n, s\u00f3lo atino a decir: no puedo obligar a los empleados a elaborar \u00a0y entregar dichos documentos, \u201centonces quie \u00a0chingaos los va a obligar, \u00bfnosotros los campesinos?\u201d, le cuestion\u00f3.<\/p>\n<p>Mencion\u00f3 que por la falta de este documento se est\u00e1n violentando los derechos humanos de los ejidatarios, \u00a0neg\u00e1ndose la inscripci\u00f3n de todo acto jur\u00eddico, omitiendo la expedici\u00f3n de certificados parcelaria, negando la inscripci\u00f3n de traslado de derechos por sucesi\u00f3n y la apertura de sobres que contienen lista de sucesores, impidiendo el dep\u00f3sito de listados de herederos e incluso cancelando promociones relativas a elecciones de \u00f3rganos de representaci\u00f3n.<\/p>\n<p><img loading=\"lazy\" class=\" wp-image-16867 alignleft\" src=\"http:\/\/www.impactohuasteco.com\/wp-content\/uploads\/2023\/01\/EJIDO-3-300x225.jpg\" alt=\"\" width=\"539\" height=\"404\" srcset=\"http:\/\/www.impactohuasteco.com\/wp-content\/uploads\/2023\/01\/EJIDO-3-300x225.jpg 300w, http:\/\/www.impactohuasteco.com\/wp-content\/uploads\/2023\/01\/EJIDO-3-1024x768.jpg 1024w, http:\/\/www.impactohuasteco.com\/wp-content\/uploads\/2023\/01\/EJIDO-3-768x576.jpg 768w, http:\/\/www.impactohuasteco.com\/wp-content\/uploads\/2023\/01\/EJIDO-3-1536x1152.jpg 1536w, http:\/\/www.impactohuasteco.com\/wp-content\/uploads\/2023\/01\/EJIDO-3-400x300.jpg 400w, http:\/\/www.impactohuasteco.com\/wp-content\/uploads\/2023\/01\/EJIDO-3-800x600.jpg 800w, http:\/\/www.impactohuasteco.com\/wp-content\/uploads\/2023\/01\/EJIDO-3.jpg 1600w\" sizes=\"(max-width: 539px) 100vw, 539px\" \/>Acus\u00f3 el trato insultante, indigno y d\u00e9spota del titular del RAN en el estado, as\u00ed como del personal de la Oficial\u00eda de Partes, a cargo de Amalia Merlo Salazar, quien tambi\u00e9n trata a ls gente de forma grosera, \u00a0violentando con ello los principios rectores del gobierno de la cuarta transformaci\u00f3n de \u201cprimero los pobres\u201d.<\/p>\n<p>Dio a conocer que estas\u00a0anomal\u00edas se har\u00e1n del conocimiento al director del Registro Agrario Nacional, Plutarco Garc\u00eda Jim\u00e9nez, sobre todo por la doble moral con la que se conduce \u00a0el representante estatal, pues mientras \u00a0todos los campesinos hacemos largas filas solicitando una cita, que con seguridad llegar\u00e1 en un par de meses, nos hemos percatado que el registrador Jaime Contreras Gonz\u00e1lez, da prioridad a la atenci\u00f3n de personas que llegan por parte de la Comisi\u00f3n Federal de Electricidad (CFE), Petr\u00f3leo Mexicanos (Pemex), Tranacanada9 y otras empresas transaccionales dedicadas a la energ\u00eda e\u00f3lica, \u00a0a quienes vemos ingresar de manera pronta a las instalaciones del RAN, mientras que nosotros nos quedamos afuera de las oficinas rogando ser atendidos.<\/p>\n<p>Finalmente, \u00a0exigi\u00f3 Al director general del RAN de soluci\u00f3n a este problema, pues de lo contrario obligar\u00e1 al campesinado veracruzano a elevar la voz ante las instancias que est\u00e9n al alcance de sus manos, porque \u201cel campo no aguanta m\u00e1s m\u00e1s, maestro Plutarco\u201d, concluy\u00f3<\/p>\n<p>&nbsp;<\/p>\n<p>&nbsp;<\/p>\n","protected":false},"excerpt":{"rendered":"<p>Desde hace 6 a\u00f1os ejidatarios y posesionarios de del ejido Napoala solicitan padr\u00f3n para inscripci\u00f3n de acta de \u00f3rganos de representaci\u00f3n y es la fecha que no se los entregan. Irineo P\u00e9rez Melo.- Los ejidatarios y posesionarios del Ejido Napoala del municipio de Atzalan viven un calvario, pues desde hace seis a\u00f1os est\u00e1n solicitando al Registro Agrario Nacional (RAN) la entrega del padr\u00f3n para llevar a cabo la inscripci\u00f3n del acta de \u00f3rganos de representaci\u00f3n y el representante estatal Javier Sandoval Garc\u00eda solo les ha dado largas y no ha entregado dicho documento. Esto lo inform\u00f3 Tranquilino Ortiz P\u00e9rez, quien [&hellip;]<\/p>\n","protected":false},"author":1,"featured_media":16865,"comment_status":"open","ping_status":"open","sticky":false,"template":"","format":"standard","meta":[],"categories":[11],"tags":[],"_links":{"self":[{"href":"http:\/\/www.impactohuasteco.com\/index.php?rest_route=\/wp\/v2\/posts\/16864"}],"collection":[{"href":"http:\/\/www.impactohuasteco.com\/index.php?rest_route=\/wp\/v2\/posts"}],"about":[{"href":"http:\/\/www.impactohuasteco.com\/index.php?rest_route=\/wp\/v2\/types\/post"}],"author":[{"embeddable":true,"href":"http:\/\/www.impactohuasteco.com\/index.php?rest_route=\/wp\/v2\/users\/1"}],"replies":[{"embeddable":true,"href":"http:\/\/www.impactohuasteco.com\/index.php?rest_route=%2Fwp%2Fv2%2Fcomments&post=16864"}],"version-history":[{"count":1,"href":"http:\/\/www.impactohuasteco.com\/index.php?rest_route=\/wp\/v2\/posts\/16864\/revisions"}],"predecessor-version":[{"id":16868,"href":"http:\/\/www.impactohuasteco.com\/index.php?rest_route=\/wp\/v2\/posts\/16864\/revisions\/16868"}],"wp:featuredmedia":[{"embeddable":true,"href":"http:\/\/www.impactohuasteco.com\/index.php?rest_route=\/wp\/v2\/media\/16865"}],"wp:attachment":[{"href":"http:\/\/www.impactohuasteco.com\/index.php?rest_route=%2Fwp%2Fv2%2Fmedia&parent=16864"}],"wp:term":[{"taxonomy":"category","embeddable":true,"href":"http:\/\/www.impactohuasteco.com\/index.php?rest_route=%2Fwp%2Fv2%2Fcategories&post=16864"},{"taxonomy":"post_tag","embeddable":true,"href":"http:\/\/www.impactohuasteco.com\/index.php?rest_route=%2Fwp%2Fv2%2Ftags&post=16864"}],"curies":[{"name":"wp","href":"https:\/\/api.w.org\/{rel}","templated":true}]}}