{"id":16870,"date":"2023-01-29T05:28:49","date_gmt":"2023-01-29T05:28:49","guid":{"rendered":"https:\/\/www.impactohuasteco.com\/?p=16870"},"modified":"2023-01-29T05:33:17","modified_gmt":"2023-01-29T05:33:17","slug":"acciones-efectivas-del-estado-en-favor-de-periodistas","status":"publish","type":"post","link":"http:\/\/www.impactohuasteco.com\/?p=16870","title":{"rendered":"ACCIONES EFECTIVAS DEL ESTADO EN FAVOR DE PERIODISTAS"},"content":{"rendered":"<ul>\n<li><span style=\"font-style: inherit; font-weight: inherit;\"><strong>Rinde comparecencia del ejercicio 2022 ante la Legislatura local el comisionado presidente de la Ceapp, Silverio Quevedo Elox.<\/strong><\/span><\/li>\n<\/ul>\n<p><span style=\"font-style: inherit; font-weight: inherit;\"><strong>\u00a0Cleofas Hern\u00e1ndez.<\/strong><\/span><\/p>\n<p><span style=\"font-style: inherit; font-weight: inherit;\">Acciones de asesor\u00eda, capacitaci\u00f3n y apoyo inmediato y permanente, todas en colaboraci\u00f3n interinstitucional, en favor de las y los comunicadores en Veracruz, inform\u00f3 el comisionado presidente de la Comisi\u00f3n Estatal para la Atenci\u00f3n y Protecci\u00f3n de los Periodistas (Ceapp), Silverio Quevedo Elox, al comparecer ante esta Soberan\u00eda.<\/span><\/p>\n<p><span style=\"font-style: inherit; font-weight: inherit;\">\u00a0<\/span><span style=\"font-style: inherit; font-weight: inherit;\">El servidor p\u00fablico present\u00f3 los resultados de su gesti\u00f3n durante el ejercicio 2022 ante la Comisi\u00f3n Permanente de Atenci\u00f3n y Protecci\u00f3n a Periodistas, integrada por los diputados Jaime Enrique de la Garza Mart\u00ednez, Luis Ronaldo Z\u00e1rate D\u00edaz y Marco Antonio Mart\u00ednez Amador, presidente, secretario y vocal, respectivamente.<\/span><\/p>\n<p><span style=\"font-style: inherit; font-weight: inherit;\">\u00a0<\/span><img loading=\"lazy\" class=\" wp-image-16872 alignleft\" src=\"http:\/\/www.impactohuasteco.com\/wp-content\/uploads\/2023\/01\/Sin-titulo-2-4-300x183.jpg\" alt=\"\" width=\"543\" height=\"331\" srcset=\"http:\/\/www.impactohuasteco.com\/wp-content\/uploads\/2023\/01\/Sin-titulo-2-4-300x183.jpg 300w, http:\/\/www.impactohuasteco.com\/wp-content\/uploads\/2023\/01\/Sin-titulo-2-4-768x468.jpg 768w, http:\/\/www.impactohuasteco.com\/wp-content\/uploads\/2023\/01\/Sin-titulo-2-4-400x244.jpg 400w, http:\/\/www.impactohuasteco.com\/wp-content\/uploads\/2023\/01\/Sin-titulo-2-4.jpg 927w\" sizes=\"(max-width: 543px) 100vw, 543px\" \/><span style=\"font-style: inherit; font-weight: inherit;\">El funcionario inici\u00f3 su intervenci\u00f3n haciendo un reconocimiento al trabajo de las y los integrantes del Pleno de la Ceapp, comisionadas y comisionados: Claudia Patricia Gonz\u00e1lez Vargas, Mar\u00eda Alejandra Herrera G\u00f3mez, Viridiana Reyes Cruz, David de Guadalupe Guzm\u00e1n Absal\u00f3n, Eric Abad Esp\u00edndola, Fluvio C\u00e9sar Mart\u00ednez G\u00f3mez, Iv\u00e1n Gidi Blanchet, Tulio Moreno Alvarado y el Secretario Ejecutivo, Israel Hern\u00e1ndez Sosa.<\/span><\/p>\n<p><span style=\"font-style: inherit; font-weight: inherit;\">\u00a0<\/span><span style=\"font-style: inherit; font-weight: inherit;\">Posteriormente, inform\u00f3 que, en 2022, dicho \u00f3rgano celebr\u00f3 seis sesiones ordinarias y 12 extraordinarias, en las que aprob\u00f3 51 acuerdos, entre \u00e9stos, la reforma al Reglamento Interior, un acuerdo extraordinario por el cual se otorg\u00f3 apoyos econ\u00f3micos en favor de la Red en Memoria y Lucha de Familiares de Periodistas Asesinados y Desaparecidos en Veracruz, as\u00ed c<\/span><span style=\"font-style: inherit; font-weight: inherit;\">omo la aprobaci\u00f3n del Programa Estrat\u00e9gico de Libertad de Expresi\u00f3n.<\/span><strong><img loading=\"lazy\" class=\" wp-image-16881 alignleft\" src=\"http:\/\/www.impactohuasteco.com\/wp-content\/uploads\/2023\/01\/thumbnail_NOV27ENERO2023CEAPP3-300x200.jpg\" alt=\"\" width=\"858\" height=\"572\" srcset=\"http:\/\/www.impactohuasteco.com\/wp-content\/uploads\/2023\/01\/thumbnail_NOV27ENERO2023CEAPP3-300x200.jpg 300w, http:\/\/www.impactohuasteco.com\/wp-content\/uploads\/2023\/01\/thumbnail_NOV27ENERO2023CEAPP3-1024x683.jpg 1024w, http:\/\/www.impactohuasteco.com\/wp-content\/uploads\/2023\/01\/thumbnail_NOV27ENERO2023CEAPP3-768x512.jpg 768w, http:\/\/www.impactohuasteco.com\/wp-content\/uploads\/2023\/01\/thumbnail_NOV27ENERO2023CEAPP3-400x267.jpg 400w, http:\/\/www.impactohuasteco.com\/wp-content\/uploads\/2023\/01\/thumbnail_NOV27ENERO2023CEAPP3-899x600.jpg 899w, http:\/\/www.impactohuasteco.com\/wp-content\/uploads\/2023\/01\/thumbnail_NOV27ENERO2023CEAPP3.jpg 1280w\" sizes=\"(max-width: 858px) 100vw, 858px\" \/><\/strong><\/p>\n<p><span style=\"font-style: inherit; font-weight: inherit;\">Report\u00f3 reuniones de trabajo con reporteros para acercar los servicios y procedimientos de la instituci\u00f3n mediante solicitudes canalizadas a trav\u00e9s de las Unidades de Primer Contacto y de Monitoreo. \u00c9stas y otras acciones, dijo, han permitido establecer canales de comunicaci\u00f3n instant\u00e1nea con m\u00e1s de 600 periodistas de la entidad.<\/span><\/p>\n<p><span style=\"font-style: inherit; font-weight: inherit;\">\u00a0<\/span><span style=\"font-style: inherit; font-weight: inherit;\">Tambi\u00e9n dio a conocer las acciones del organismo con familiares de los comunicadores que han perdido la vida, en colaboraci\u00f3n con la Fiscal\u00eda General del Estado, comisiones estatales de Derechos Humanos y de V\u00edctimas, Secretar\u00eda de Salud, Direcci\u00f3n de Cultura de Paz, Derechos Humanos y Secretar\u00eda de Gobernaci\u00f3n.<\/span><\/p>\n<p><span style=\"font-style: inherit; font-weight: inherit;\">\u00a0<\/span><img loading=\"lazy\" class=\" wp-image-16873 alignleft\" src=\"http:\/\/www.impactohuasteco.com\/wp-content\/uploads\/2023\/01\/Sin-titulo-3-2-300x183.jpg\" alt=\"\" width=\"544\" height=\"332\" srcset=\"http:\/\/www.impactohuasteco.com\/wp-content\/uploads\/2023\/01\/Sin-titulo-3-2-300x183.jpg 300w, http:\/\/www.impactohuasteco.com\/wp-content\/uploads\/2023\/01\/Sin-titulo-3-2-768x468.jpg 768w, http:\/\/www.impactohuasteco.com\/wp-content\/uploads\/2023\/01\/Sin-titulo-3-2-400x244.jpg 400w, http:\/\/www.impactohuasteco.com\/wp-content\/uploads\/2023\/01\/Sin-titulo-3-2.jpg 927w\" sizes=\"(max-width: 544px) 100vw, 544px\" \/><span style=\"font-style: inherit; font-weight: inherit;\">Destac\u00f3 que, resultado de decenas de reuniones de trabajo interinstitucional con dependencias estatales, organismos aut\u00f3nomos, diputados y autoridades federales, entre otros, la Ceapp logr\u00f3 la firma de convenios de colaboraci\u00f3n con instituciones educativas, organismos aut\u00f3nomos y gobierno estatal, lo que se tradujo en becas para periodistas de la entidad para cursar diplomados, maestr\u00edas y licenciaturas.<\/span><\/p>\n<p><span style=\"font-style: inherit; font-weight: inherit;\">\u00a0<\/span><span style=\"font-style: inherit; font-weight: inherit;\">Con el Instituto Veracruzano de Acceso a la Informaci\u00f3n y Protecci\u00f3n de Datos Personales (IVAI), firm\u00f3 un convenio para la capacitaci\u00f3n de 42 reporteros de Papantla, Huatusco y la zona conurbada Veracruz-Boca del R\u00edo. Adem\u00e1s, el personal de esta Comisi\u00f3n recibi\u00f3 del mismo Instituto capacitaci\u00f3n en materia de acceso a la informaci\u00f3n, transparencia, protecci\u00f3n de datos personales y gobierno abierto.<\/span><\/p>\n<p><span style=\"font-style: inherit; font-weight: inherit;\">\u00a0<\/span><span style=\"font-style: inherit; font-weight: inherit;\">En cuanto al Programa Estrat\u00e9gico de Libertad de Expresi\u00f3n del Pleno, su implementaci\u00f3n comenz\u00f3 este a\u00f1o con cursos a servidores p\u00fablicos de siete ayuntamientos, as\u00ed como una capacitaci\u00f3n a elementos en formaci\u00f3n dentro del Centro de Estudios e Investigaci\u00f3n en Seguridad.<\/span><\/p>\n<p><span style=\"font-style: inherit; font-weight: inherit;\">\u00a0<\/span><span style=\"font-style: inherit; font-weight: inherit;\">Silverio Quevedo dio cuenta tambi\u00e9n de 48 acciones de la Unidad de G\u00e9nero de la Ceapp, que incluyen sesiones de trabajo, cursos, capacitaciones, campa\u00f1as en redes sociales, reuniones, encuentros y pl\u00e1ticas. En la implementaci\u00f3n del Protocolo para la Prevenci\u00f3n y Atenci\u00f3n del Hostigamiento y Acoso Sexual y Laboral, se aprob\u00f3 de manera un\u00e1nime el Pronunciamiento de Cero Tolerancia al Hostigamiento Sexual y al Acoso Sexual.<\/span><\/p>\n<p><span style=\"font-style: inherit; font-weight: inherit;\">\u00a0<\/span><img loading=\"lazy\" class=\" wp-image-16874 alignleft\" src=\"http:\/\/www.impactohuasteco.com\/wp-content\/uploads\/2023\/01\/Sin-titulo-4-300x183.jpg\" alt=\"\" width=\"531\" height=\"324\" srcset=\"http:\/\/www.impactohuasteco.com\/wp-content\/uploads\/2023\/01\/Sin-titulo-4-300x183.jpg 300w, http:\/\/www.impactohuasteco.com\/wp-content\/uploads\/2023\/01\/Sin-titulo-4-768x468.jpg 768w, http:\/\/www.impactohuasteco.com\/wp-content\/uploads\/2023\/01\/Sin-titulo-4-400x244.jpg 400w, http:\/\/www.impactohuasteco.com\/wp-content\/uploads\/2023\/01\/Sin-titulo-4.jpg 927w\" sizes=\"(max-width: 531px) 100vw, 531px\" \/><span style=\"font-style: inherit; font-weight: inherit;\">Por otra parte, detall\u00f3 que el total del recurso otorgado por concepto de Ayuda Social es de 709 mil 509 pesos, 20 por ciento m\u00e1s que en 2021. En el rubro de salud, fueron otorgados 53 apoyos, 30 correspondientes a Covid-19, por 102 mil pesos.<\/span><\/p>\n<p><span style=\"font-style: inherit; font-weight: inherit;\">\u00a0<\/span><span style=\"font-style: inherit; font-weight: inherit;\">En el tema de profesionalizaci\u00f3n, report\u00f3 la entrega de 30 nuevos apoyos, de los cuales 17 corresponden a becas, por 119 mil 920 pesos. Mediante actividades presenciales, seg\u00fan su titular, la Comisi\u00f3n dio capacitaci\u00f3n 118 periodistas veracruzanos; adem\u00e1s entreg\u00f3 el Premio Periodismo de Investigaci\u00f3n Ceapp 2022, cuya bolsa fue de 240 mil pesos. Tambi\u00e9n fueron autorizados 93 mil 221 pesos en 20 apoyos para reparaci\u00f3n de herramientas de trabajo y 59 mil 660 pesos a trav\u00e9s de cinco apoyos por gastos funerarios.<\/span><\/p>\n<p><span style=\"font-style: inherit; font-weight: inherit;\">\u00a0<\/span><span style=\"font-style: inherit; font-weight: inherit;\">Respecto a asuntos legales, el funcionario estatal dio a conocer que fueron iniciadas 86 carpetas internas, en las cuales se proporcion\u00f3 a las y los periodistas asesor\u00eda jur\u00eddica y acompa\u00f1amiento en diversas materias y seguimiento a 84 casos de a\u00f1os anteriores. Recibieron atenci\u00f3n 108 periodistas de 34 municipios.<\/span><\/p>\n<p><span style=\"font-style: inherit; font-weight: inherit;\">\u00a0<\/span><span style=\"font-style: inherit; font-weight: inherit;\">Por \u00faltimo, con la asesor\u00eda jur\u00eddica de la Comisi\u00f3n y los mecanismos alternos de soluci\u00f3n de conflictos, se logr\u00f3 acuerdos y reparaci\u00f3n del da\u00f1o por un monto de 100 mil pesos a favor de los periodistas.<\/span><img loading=\"lazy\" class=\" wp-image-16875 alignleft\" src=\"http:\/\/www.impactohuasteco.com\/wp-content\/uploads\/2023\/01\/thumbnail_NOV27ENERO2023CEAPP6-300x200.jpg\" alt=\"\" width=\"528\" height=\"352\" srcset=\"http:\/\/www.impactohuasteco.com\/wp-content\/uploads\/2023\/01\/thumbnail_NOV27ENERO2023CEAPP6-300x200.jpg 300w, http:\/\/www.impactohuasteco.com\/wp-content\/uploads\/2023\/01\/thumbnail_NOV27ENERO2023CEAPP6-1024x683.jpg 1024w, http:\/\/www.impactohuasteco.com\/wp-content\/uploads\/2023\/01\/thumbnail_NOV27ENERO2023CEAPP6-768x512.jpg 768w, http:\/\/www.impactohuasteco.com\/wp-content\/uploads\/2023\/01\/thumbnail_NOV27ENERO2023CEAPP6-400x267.jpg 400w, http:\/\/www.impactohuasteco.com\/wp-content\/uploads\/2023\/01\/thumbnail_NOV27ENERO2023CEAPP6-899x600.jpg 899w, http:\/\/www.impactohuasteco.com\/wp-content\/uploads\/2023\/01\/thumbnail_NOV27ENERO2023CEAPP6.jpg 1280w\" sizes=\"(max-width: 528px) 100vw, 528px\" \/><\/p>\n<p><span style=\"font-style: inherit; font-weight: inherit;\">\u00a0<strong>Participaci\u00f3n de diputadas y diputados<\/strong><\/span><\/p>\n<p>En la \u00fanica ronda de preguntas y respuestas participaron las diputadas y los diputados Janix Liliana Castro Mu\u00f1oz (Morena), Jaime Enrique de la Garza Mart\u00ednez (PAN), Ram\u00f3n D\u00edaz \u00c1vila (PT), y Maribel Ram\u00edrez Topete (MC), quienes abordaron temas referentes a la creaci\u00f3n de la Unidad de Primer Contacto y Atenci\u00f3n Inmediata y su colaboraci\u00f3n con la Secretar\u00eda Ejecutiva de la Ceapp y el trabajo colaborativo con la Comisi\u00f3n Estatal de Derechos Humanos en cuanto a asesor\u00edas y acompa\u00f1amiento.<\/p>\n<p><span style=\"font-style: inherit; font-weight: inherit;\">Preguntaron por las acc<\/span><span style=\"font-style: inherit; font-weight: inherit;\">ione<\/span><span style=\"font-style: inherit; font-weight: inherit;\">s de la Unidad de G\u00e9nero para asegurar un ambiente seguro y sano a las periodistas, el alcance del Programa Estrat\u00e9gico de Libertad de Expresi\u00f3n, seguimiento a casos de periodistas asesinados, criterios para la asignaci\u00f3n de los apoyos por ayuda social, distribuci\u00f3n del presupuesto para 2023, funciones espec\u00edficas de los comisionados y pol\u00edticas p\u00fablicas para atender zonas de riesgo para ejercer el periodismo.<\/span><\/p>\n<p><span style=\"font-style: inherit; font-weight: inherit;\">\u00a0<\/span><img loading=\"lazy\" class=\" wp-image-16876 alignleft\" src=\"http:\/\/www.impactohuasteco.com\/wp-content\/uploads\/2023\/01\/thumbnail_NOV27ENERO2023CEAPP8-300x200.jpg\" alt=\"\" width=\"801\" height=\"534\" srcset=\"http:\/\/www.impactohuasteco.com\/wp-content\/uploads\/2023\/01\/thumbnail_NOV27ENERO2023CEAPP8-300x200.jpg 300w, http:\/\/www.impactohuasteco.com\/wp-content\/uploads\/2023\/01\/thumbnail_NOV27ENERO2023CEAPP8-1024x683.jpg 1024w, http:\/\/www.impactohuasteco.com\/wp-content\/uploads\/2023\/01\/thumbnail_NOV27ENERO2023CEAPP8-768x512.jpg 768w, http:\/\/www.impactohuasteco.com\/wp-content\/uploads\/2023\/01\/thumbnail_NOV27ENERO2023CEAPP8-400x267.jpg 400w, http:\/\/www.impactohuasteco.com\/wp-content\/uploads\/2023\/01\/thumbnail_NOV27ENERO2023CEAPP8-899x600.jpg 899w, http:\/\/www.impactohuasteco.com\/wp-content\/uploads\/2023\/01\/thumbnail_NOV27ENERO2023CEAPP8.jpg 1280w\" sizes=\"(max-width: 801px) 100vw, 801px\" \/><span style=\"font-style: inherit; font-weight: inherit;\">Adem\u00e1s, sobre la vinculaci<\/span><span style=\"font-style: inherit; font-weight: inherit;\">\u00f3n con la iniciativa privada, el apoyo a familiares de periodistas asesinados, la participaci\u00f3n de la Comisi\u00f3n en el seguimiento de las carpetas de investigaci\u00f3n en la Fiscal\u00eda General del Estado, n\u00famero de periodistas apoyados durante 2022, estrategias para mejorar las condiciones laborales del gremio, recursos de inconformidad presentados, capacitaci\u00f3n en materia de derecho de r\u00e9plica y violencia pol\u00edtica en raz\u00f3n de g\u00e9nero.<\/span><\/p>\n<p><span style=\"font-style: inherit; font-weight: inherit;\">\u00a0<\/span><span style=\"font-style: inherit; font-weight: inherit;\">Tambi\u00e9n acerca del protocolo de actuaci\u00f3n de la Unidad de G\u00e9nero ante quejas interpuestas, convenios de colaboraci\u00f3n con el Instituto Veracruzano de la Mujer y el Centro de Justicia para las Mujeres y periodistas asesinados por ejercicio de su labor.<\/span><\/p>\n<p><span style=\"font-style: inherit; font-weight: inherit;\">\u00a0<\/span><span style=\"font-style: inherit; font-weight: inherit;\">El presidente de la Comisi\u00f3n de Atenci\u00f3n y Protecci\u00f3n a Periodistas, diputado Jaime Enrique de la Garza Mart\u00ednez, agradeci\u00f3 la presencia del titular de la Cepp y a las 13:24 horas dio por concluida la comparecencia.<\/span><\/p>\n<p><span style=\"font-style: inherit; font-weight: inherit;\">\u00a0<\/span><\/p>\n<p>&nbsp;<\/p>\n","protected":false},"excerpt":{"rendered":"<p>Rinde comparecencia del ejercicio 2022 ante la Legislatura local el comisionado presidente de la Ceapp, Silverio Quevedo Elox. \u00a0Cleofas Hern\u00e1ndez. Acciones de asesor\u00eda, capacitaci\u00f3n y apoyo inmediato y permanente, todas en colaboraci\u00f3n interinstitucional, en favor de las y los comunicadores en Veracruz, inform\u00f3 el comisionado presidente de la Comisi\u00f3n Estatal para la Atenci\u00f3n y Protecci\u00f3n de los Periodistas (Ceapp), Silverio Quevedo Elox, al comparecer ante esta Soberan\u00eda. \u00a0El servidor p\u00fablico present\u00f3 los resultados de su gesti\u00f3n durante el ejercicio 2022 ante la Comisi\u00f3n Permanente de Atenci\u00f3n y Protecci\u00f3n a Periodistas, integrada por los diputados Jaime Enrique de la Garza Mart\u00ednez, [&hellip;]<\/p>\n","protected":false},"author":1,"featured_media":16871,"comment_status":"open","ping_status":"open","sticky":false,"template":"","format":"standard","meta":[],"categories":[11],"tags":[],"_links":{"self":[{"href":"http:\/\/www.impactohuasteco.com\/index.php?rest_route=\/wp\/v2\/posts\/16870"}],"collection":[{"href":"http:\/\/www.impactohuasteco.com\/index.php?rest_route=\/wp\/v2\/posts"}],"about":[{"href":"http:\/\/www.impactohuasteco.com\/index.php?rest_route=\/wp\/v2\/types\/post"}],"author":[{"embeddable":true,"href":"http:\/\/www.impactohuasteco.com\/index.php?rest_route=\/wp\/v2\/users\/1"}],"replies":[{"embeddable":true,"href":"http:\/\/www.impactohuasteco.com\/index.php?rest_route=%2Fwp%2Fv2%2Fcomments&post=16870"}],"version-history":[{"count":6,"href":"http:\/\/www.impactohuasteco.com\/index.php?rest_route=\/wp\/v2\/posts\/16870\/revisions"}],"predecessor-version":[{"id":16883,"href":"http:\/\/www.impactohuasteco.com\/index.php?rest_route=\/wp\/v2\/posts\/16870\/revisions\/16883"}],"wp:featuredmedia":[{"embeddable":true,"href":"http:\/\/www.impactohuasteco.com\/index.php?rest_route=\/wp\/v2\/media\/16871"}],"wp:attachment":[{"href":"http:\/\/www.impactohuasteco.com\/index.php?rest_route=%2Fwp%2Fv2%2Fmedia&parent=16870"}],"wp:term":[{"taxonomy":"category","embeddable":true,"href":"http:\/\/www.impactohuasteco.com\/index.php?rest_route=%2Fwp%2Fv2%2Fcategories&post=16870"},{"taxonomy":"post_tag","embeddable":true,"href":"http:\/\/www.impactohuasteco.com\/index.php?rest_route=%2Fwp%2Fv2%2Ftags&post=16870"}],"curies":[{"name":"wp","href":"https:\/\/api.w.org\/{rel}","templated":true}]}}