{"id":17028,"date":"2023-02-21T04:13:09","date_gmt":"2023-02-21T04:13:09","guid":{"rendered":"https:\/\/www.impactohuasteco.com\/?p=17028"},"modified":"2023-02-21T04:13:09","modified_gmt":"2023-02-21T04:13:09","slug":"40-menores-fueron-resguardados-por-el-ayuntamiento-de-perote-por-consumir-alcohol-en-fiesta-clandestina","status":"publish","type":"post","link":"http:\/\/www.impactohuasteco.com\/?p=17028","title":{"rendered":"40 MENORES FUERON RESGUARDADOS POR EL AYUNTAMIENTO   DE PEROTE POR CONSUMIR ALCOHOL EN FIESTA CLANDESTINA"},"content":{"rendered":"<ul>\n<li>Se realizar\u00e1n operativos de supervisi\u00f3n para evitar se sigan dando estos eventos y se dialogar\u00e1 con los padres de familia para que cuiden a sus hijos: Delfino Ortega.<\/li>\n<\/ul>\n<p>Irineo P\u00e9rez Melo.- El ayuntamiento de Perote resguard\u00f3 a cuarenta menores de edad por consumir alcohol durante una fiesta clandestina efectuada el pasado fin de semana, asegur\u00f3 el alcalde Delfino Ortega Mart\u00ednez, quien dijo que se llevan a cabo las investigaciones correspondientes para deslindar responsabilidades.<\/p>\n<p>En conferencia de prensa, en donde dio a conocer que el pr\u00f3ximo fin de semana se realizar\u00e1 el evento Arte en el Cielo: Papalotes Gigantes, a efectuarse este 25 y 26 de febrero, inform\u00f3 que se mand\u00f3 llamar a los padres de los menores y se platic\u00f3 con ellos, y se les entrega a sus hijos a cada uno de ellos, resguardando la integridad de cada uno de los menores.<br \/>\n<img loading=\"lazy\" class=\" wp-image-17030 alignleft\" src=\"http:\/\/www.impactohuasteco.com\/wp-content\/uploads\/2023\/02\/IMG-20230220-WA0028-300x225.jpg\" alt=\"\" width=\"535\" height=\"401\" srcset=\"http:\/\/www.impactohuasteco.com\/wp-content\/uploads\/2023\/02\/IMG-20230220-WA0028-300x225.jpg 300w, http:\/\/www.impactohuasteco.com\/wp-content\/uploads\/2023\/02\/IMG-20230220-WA0028-1024x768.jpg 1024w, http:\/\/www.impactohuasteco.com\/wp-content\/uploads\/2023\/02\/IMG-20230220-WA0028-768x576.jpg 768w, http:\/\/www.impactohuasteco.com\/wp-content\/uploads\/2023\/02\/IMG-20230220-WA0028-1536x1152.jpg 1536w, http:\/\/www.impactohuasteco.com\/wp-content\/uploads\/2023\/02\/IMG-20230220-WA0028-400x300.jpg 400w, http:\/\/www.impactohuasteco.com\/wp-content\/uploads\/2023\/02\/IMG-20230220-WA0028-800x600.jpg 800w, http:\/\/www.impactohuasteco.com\/wp-content\/uploads\/2023\/02\/IMG-20230220-WA0028.jpg 1600w\" sizes=\"(max-width: 535px) 100vw, 535px\" \/>Mencion\u00f3 que los adolescentes habr\u00edan sido sorprendidos por las autoridades municipales durante un operativo de supervisi\u00f3n en una fiesta clandestina, por lo que se dar\u00e1 el seguimiento a la investigaci\u00f3n que se realiza para evitar que se sigan dando este tipo de situaciones en esa demarcaci\u00f3n municipal.<br \/>\n\u201cSe implementan operativos de supervisi\u00f3n en cada uno de los eventos, porque son eventos de particulares, as\u00ed lo manejan, y platicar con los directores de las escuelas para que, de alguna manera, aunque ya es fuera del plantel escolar, de alguna manera puedan hablar con los padres de familia para evitar se sigan dando estas \u201cfiestas\u201d.<\/p>\n<p>Insisti\u00f3 en que (las autoridades municipales de Perote) estar\u00e1n atentos para que esto no vuelva a suceder, e invitar a los padres de familia a que tengan mucho cuidado y no llevar a sus hijos a este tipo de eventos, a pesar de que sean de \u00edndole privada y que se enteren de que no se consumir\u00e1n bebidas alcoh\u00f3licas.\u00a0<img loading=\"lazy\" class=\" wp-image-17031 alignleft\" src=\"http:\/\/www.impactohuasteco.com\/wp-content\/uploads\/2023\/02\/IMG-20230220-WA0029-300x225.jpg\" alt=\"\" width=\"507\" height=\"380\" srcset=\"http:\/\/www.impactohuasteco.com\/wp-content\/uploads\/2023\/02\/IMG-20230220-WA0029-300x225.jpg 300w, http:\/\/www.impactohuasteco.com\/wp-content\/uploads\/2023\/02\/IMG-20230220-WA0029-1024x768.jpg 1024w, http:\/\/www.impactohuasteco.com\/wp-content\/uploads\/2023\/02\/IMG-20230220-WA0029-768x576.jpg 768w, http:\/\/www.impactohuasteco.com\/wp-content\/uploads\/2023\/02\/IMG-20230220-WA0029-1536x1152.jpg 1536w, http:\/\/www.impactohuasteco.com\/wp-content\/uploads\/2023\/02\/IMG-20230220-WA0029-400x300.jpg 400w, http:\/\/www.impactohuasteco.com\/wp-content\/uploads\/2023\/02\/IMG-20230220-WA0029-800x600.jpg 800w, http:\/\/www.impactohuasteco.com\/wp-content\/uploads\/2023\/02\/IMG-20230220-WA0029.jpg 1600w\" sizes=\"(max-width: 507px) 100vw, 507px\" \/><br \/>\n<strong>Invitan a participar en el evento Arte en el \u00a0Cielo: Papalotes Gigantes este fin de semana\u00a0<\/strong><br \/>\nAl referirse al evento Arte en el Cielo: Papalotes Gigantes, a efectuarse este 25 y 26 de febrero en las inmediaciones de la Fortaleza de San Carlos, con lo que se busca fortalecer el turismo en la regi\u00f3n, ya que Perote se caracteriza como un sitio con muchos espacios naturales; \u201ctiene espacios recreativos, ecol\u00f3gicos y edificios arquitect\u00f3nicos, y religiosos, lo cual lo posiciona como un municipio con mucha antig\u00fcedad\u201d, recalc\u00f3.<\/p>\n<p>Record\u00f3 que el a\u00f1o pasado Perote fue sede de varios eventos importantes, que trajo consigo una gran derrama econ\u00f3mica para los habitantes de esta demarcaci\u00f3n municipal, por lo que en el presente a\u00f1o se le seguir\u00e1 apostando a esta actividad dada la reactivaci\u00f3n que se tiene de la econom\u00eda regional.<br \/>\n<img loading=\"lazy\" class=\" wp-image-17032 alignleft\" src=\"http:\/\/www.impactohuasteco.com\/wp-content\/uploads\/2023\/02\/IMG-20230220-WA0032-300x225.jpg\" alt=\"\" width=\"532\" height=\"399\" srcset=\"http:\/\/www.impactohuasteco.com\/wp-content\/uploads\/2023\/02\/IMG-20230220-WA0032-300x225.jpg 300w, http:\/\/www.impactohuasteco.com\/wp-content\/uploads\/2023\/02\/IMG-20230220-WA0032-1024x768.jpg 1024w, http:\/\/www.impactohuasteco.com\/wp-content\/uploads\/2023\/02\/IMG-20230220-WA0032-768x576.jpg 768w, http:\/\/www.impactohuasteco.com\/wp-content\/uploads\/2023\/02\/IMG-20230220-WA0032-1536x1152.jpg 1536w, http:\/\/www.impactohuasteco.com\/wp-content\/uploads\/2023\/02\/IMG-20230220-WA0032-400x300.jpg 400w, http:\/\/www.impactohuasteco.com\/wp-content\/uploads\/2023\/02\/IMG-20230220-WA0032-800x600.jpg 800w, http:\/\/www.impactohuasteco.com\/wp-content\/uploads\/2023\/02\/IMG-20230220-WA0032.jpg 1600w\" sizes=\"(max-width: 532px) 100vw, 532px\" \/>Acompa\u00f1ado de la regidora Ivanna Robledo, titular de la comisi\u00f3n edilicia de Turismo y Emmanuel Gonz\u00e1lez Merino, director de Turismo Municipal, el presidente municipal perote\u00f1o, inform\u00f3 que con esta actividad se prev\u00e9 una derrama econ\u00f3mica de alrededor de los 5 millones de pesos.<\/p>\n<p>En su oportunidad, la regidora de Turismo, dio a conocer que se continuar\u00e1 con estos eventos que han tenido una gran concurrencia en a\u00f1os anteriores, por lo que con mucho profesionalismo y responsabilidad se explotar\u00e1 a Perote como un destino tur\u00edstico y lograr allegarse recursos econ\u00f3micos que tanto se requieren.<\/p>\n<p>A su vez, el director de Turismo Municipal, indic\u00f3 que aunado a los vuelos anclados de globos aerost\u00e1ticos, ahora con el vuelo de los papalotes gigantes, se da un nuevo concepto tur\u00edstico con estas diversas actividades insignias del municipio y se pretende agregar m\u00e1s actividades al aire libre.<\/p>\n<p>De manera paralela, dijo, se tendr\u00e1n actividades como muros de escalar, tirolesa gratis por parte de empresas y la Universidad de Turismo; el DIF municipal brindar\u00e1 un taller de elaboraci\u00f3n de papalotes para toda la familia.<\/p>\n<p>Finalmente, dio a conocer que las actividades se desarrollar\u00e1n el s\u00e1bado en horario de 12:00 a 17:00 horas y el domingo de 12:00 a 20:00 horas, amenizado por m\u00fasica de DJ y se contar\u00e1 con un pabell\u00f3n artesanal y de vendimia.<\/p>\n<p>&nbsp;<\/p>\n","protected":false},"excerpt":{"rendered":"<p>Se realizar\u00e1n operativos de supervisi\u00f3n para evitar se sigan dando estos eventos y se dialogar\u00e1 con los padres de familia para que cuiden a sus hijos: Delfino Ortega. Irineo P\u00e9rez Melo.- El ayuntamiento de Perote resguard\u00f3 a cuarenta menores de edad por consumir alcohol durante una fiesta clandestina efectuada el pasado fin de semana, asegur\u00f3 el alcalde Delfino Ortega Mart\u00ednez, quien dijo que se llevan a cabo las investigaciones correspondientes para deslindar responsabilidades. En conferencia de prensa, en donde dio a conocer que el pr\u00f3ximo fin de semana se realizar\u00e1 el evento Arte en el Cielo: Papalotes Gigantes, a efectuarse [&hellip;]<\/p>\n","protected":false},"author":1,"featured_media":17029,"comment_status":"open","ping_status":"open","sticky":false,"template":"","format":"standard","meta":[],"categories":[1],"tags":[],"_links":{"self":[{"href":"http:\/\/www.impactohuasteco.com\/index.php?rest_route=\/wp\/v2\/posts\/17028"}],"collection":[{"href":"http:\/\/www.impactohuasteco.com\/index.php?rest_route=\/wp\/v2\/posts"}],"about":[{"href":"http:\/\/www.impactohuasteco.com\/index.php?rest_route=\/wp\/v2\/types\/post"}],"author":[{"embeddable":true,"href":"http:\/\/www.impactohuasteco.com\/index.php?rest_route=\/wp\/v2\/users\/1"}],"replies":[{"embeddable":true,"href":"http:\/\/www.impactohuasteco.com\/index.php?rest_route=%2Fwp%2Fv2%2Fcomments&post=17028"}],"version-history":[{"count":1,"href":"http:\/\/www.impactohuasteco.com\/index.php?rest_route=\/wp\/v2\/posts\/17028\/revisions"}],"predecessor-version":[{"id":17033,"href":"http:\/\/www.impactohuasteco.com\/index.php?rest_route=\/wp\/v2\/posts\/17028\/revisions\/17033"}],"wp:featuredmedia":[{"embeddable":true,"href":"http:\/\/www.impactohuasteco.com\/index.php?rest_route=\/wp\/v2\/media\/17029"}],"wp:attachment":[{"href":"http:\/\/www.impactohuasteco.com\/index.php?rest_route=%2Fwp%2Fv2%2Fmedia&parent=17028"}],"wp:term":[{"taxonomy":"category","embeddable":true,"href":"http:\/\/www.impactohuasteco.com\/index.php?rest_route=%2Fwp%2Fv2%2Fcategories&post=17028"},{"taxonomy":"post_tag","embeddable":true,"href":"http:\/\/www.impactohuasteco.com\/index.php?rest_route=%2Fwp%2Fv2%2Ftags&post=17028"}],"curies":[{"name":"wp","href":"https:\/\/api.w.org\/{rel}","templated":true}]}}