{"id":17041,"date":"2023-02-22T15:11:17","date_gmt":"2023-02-22T15:11:17","guid":{"rendered":"https:\/\/www.impactohuasteco.com\/?p=17041"},"modified":"2023-02-22T15:11:17","modified_gmt":"2023-02-22T15:11:17","slug":"realizara-xico-la-feria-del-tamal-durante-los-dias-25-y-26-de-febrero","status":"publish","type":"post","link":"http:\/\/www.impactohuasteco.com\/?p=17041","title":{"rendered":"REALIZAR\u00c1 XICO LA FERIA DEL TAMAL   DURANTE LOS D\u00cdAS 25 Y 26 DE FEBRERO"},"content":{"rendered":"<ul>\n<li><strong>Se busca rescatar la diversidad gastron\u00f3mica y reactivar la econom\u00eda de los prestadores de servicio.\u00a0<\/strong><\/li>\n<\/ul>\n<p>Irineo P\u00e9rez Melo.- Durante los d\u00edas 25 y 26 de febrero se realizar\u00e1 la Feria del Tamal en la ciudad de Xico, con el cual se busca rescatar la diversidad gastron\u00f3mica y reactivar la econom\u00eda de los prestadores de servicio de este pueblo m\u00e1gico, en donde se prev\u00e9 tener una afluencia de unos 5 mil visitantes.<br \/>\n<img loading=\"lazy\" class=\"alignnone  wp-image-17043\" src=\"http:\/\/www.impactohuasteco.com\/wp-content\/uploads\/2023\/02\/XICO-300x225.jpg\" alt=\"\" width=\"871\" height=\"653\" srcset=\"http:\/\/www.impactohuasteco.com\/wp-content\/uploads\/2023\/02\/XICO-300x225.jpg 300w, http:\/\/www.impactohuasteco.com\/wp-content\/uploads\/2023\/02\/XICO-1024x768.jpg 1024w, http:\/\/www.impactohuasteco.com\/wp-content\/uploads\/2023\/02\/XICO-768x576.jpg 768w, http:\/\/www.impactohuasteco.com\/wp-content\/uploads\/2023\/02\/XICO-1536x1152.jpg 1536w, http:\/\/www.impactohuasteco.com\/wp-content\/uploads\/2023\/02\/XICO-400x300.jpg 400w, http:\/\/www.impactohuasteco.com\/wp-content\/uploads\/2023\/02\/XICO-800x600.jpg 800w, http:\/\/www.impactohuasteco.com\/wp-content\/uploads\/2023\/02\/XICO.jpg 1600w\" sizes=\"(max-width: 871px) 100vw, 871px\" \/><br \/>\nAntonio Morales Hern\u00e1ndez, presidente de la Asociaci\u00f3n de Prestadores de Servicio de Xico, dio a conocer que para la realizaci\u00f3n de este evento se cuenta con el respaldo del ayuntamiento y del gobierno estatal, a trav\u00e9s de la Secretar\u00eda de Turismo y Cultura, quienes han brindado todo el apoyo log\u00edstico para llevar a cabo esta tradici\u00f3n que se estaba perdiendo.<\/p>\n<p>Pese a que fue invitado, fue notoria la ausencia del alcalde Luis Yoval Maldonado, acudiendo en su representaci\u00f3n la s\u00edndica Vicenta Mu\u00f1oz Velasco, inform\u00f3 que esta feria tendr\u00e1 dos sedes, una en Los Portales, en donde se presentar\u00e1 la parte historiogr\u00e1fica de lo que representa el tamal en Xico y el s\u00e1bado 25 se inaugurar\u00e1 la muestra en el Parque Independencia a las 12:00 horas.<\/p>\n<p>En esta feria, se contempla la participaci\u00f3n de al menos unos 40 expositores, quienes expondr\u00e1n y vender\u00e1n sus productos en sus diversas variedades.<\/p>\n<p>Para este evento, hay suficientes habitaciones para las familias que pretendan pasar un fin de semana agradable y olvidarse del estr\u00e9s.<\/p>\n","protected":false},"excerpt":{"rendered":"<p>Se busca rescatar la diversidad gastron\u00f3mica y reactivar la econom\u00eda de los prestadores de servicio.\u00a0 Irineo P\u00e9rez Melo.- Durante los d\u00edas 25 y 26 de febrero se realizar\u00e1 la Feria del Tamal en la ciudad de Xico, con el cual se busca rescatar la diversidad gastron\u00f3mica y reactivar la econom\u00eda de los prestadores de servicio de este pueblo m\u00e1gico, en donde se prev\u00e9 tener una afluencia de unos 5 mil visitantes. Antonio Morales Hern\u00e1ndez, presidente de la Asociaci\u00f3n de Prestadores de Servicio de Xico, dio a conocer que para la realizaci\u00f3n de este evento se cuenta con el respaldo del [&hellip;]<\/p>\n","protected":false},"author":1,"featured_media":17042,"comment_status":"open","ping_status":"open","sticky":false,"template":"","format":"standard","meta":[],"categories":[11],"tags":[],"_links":{"self":[{"href":"http:\/\/www.impactohuasteco.com\/index.php?rest_route=\/wp\/v2\/posts\/17041"}],"collection":[{"href":"http:\/\/www.impactohuasteco.com\/index.php?rest_route=\/wp\/v2\/posts"}],"about":[{"href":"http:\/\/www.impactohuasteco.com\/index.php?rest_route=\/wp\/v2\/types\/post"}],"author":[{"embeddable":true,"href":"http:\/\/www.impactohuasteco.com\/index.php?rest_route=\/wp\/v2\/users\/1"}],"replies":[{"embeddable":true,"href":"http:\/\/www.impactohuasteco.com\/index.php?rest_route=%2Fwp%2Fv2%2Fcomments&post=17041"}],"version-history":[{"count":1,"href":"http:\/\/www.impactohuasteco.com\/index.php?rest_route=\/wp\/v2\/posts\/17041\/revisions"}],"predecessor-version":[{"id":17044,"href":"http:\/\/www.impactohuasteco.com\/index.php?rest_route=\/wp\/v2\/posts\/17041\/revisions\/17044"}],"wp:featuredmedia":[{"embeddable":true,"href":"http:\/\/www.impactohuasteco.com\/index.php?rest_route=\/wp\/v2\/media\/17042"}],"wp:attachment":[{"href":"http:\/\/www.impactohuasteco.com\/index.php?rest_route=%2Fwp%2Fv2%2Fmedia&parent=17041"}],"wp:term":[{"taxonomy":"category","embeddable":true,"href":"http:\/\/www.impactohuasteco.com\/index.php?rest_route=%2Fwp%2Fv2%2Fcategories&post=17041"},{"taxonomy":"post_tag","embeddable":true,"href":"http:\/\/www.impactohuasteco.com\/index.php?rest_route=%2Fwp%2Fv2%2Ftags&post=17041"}],"curies":[{"name":"wp","href":"https:\/\/api.w.org\/{rel}","templated":true}]}}