{"id":1722,"date":"2017-11-29T04:36:39","date_gmt":"2017-11-29T04:36:39","guid":{"rendered":"http:\/\/www.impactohuasteco.com\/?p=1722"},"modified":"2017-11-29T04:36:39","modified_gmt":"2017-11-29T04:36:39","slug":"la-formacion-docente-pendiente-que-se-tiene-en-el-sistema-educativo-nacional","status":"publish","type":"post","link":"http:\/\/www.impactohuasteco.com\/?p=1722","title":{"rendered":"La formaci\u00f3n docente, pendiente que se tiene en el sistema educativo nacional"},"content":{"rendered":"<h6 style=\"text-align: justify;\"><em>**En Veracruz estamos en camino de concretarlo, intensificando las actividades de formaci\u00f3n de maestros: G\u00f3mez Leyva.<\/em><\/p>\n<p><span style=\"color: #ff0000;\">Irineo P\u00e9rez Melo<\/span><\/h6>\n<div id=\"attachment_1723\" style=\"width: 270px\" class=\"wp-caption alignleft\"><a href=\"http:\/\/www.impactohuasteco.com\/wp-content\/uploads\/2017\/11\/IH1-31.jpg\"><img aria-describedby=\"caption-attachment-1723\" loading=\"lazy\" class=\"wp-image-1723\" src=\"http:\/\/www.impactohuasteco.com\/wp-content\/uploads\/2017\/11\/IH1-31-1024x653.jpg\" alt=\"La formaci\u00f3n docente, pendiente que se tiene en el sistema educativo nacional\" width=\"260\" height=\"166\" srcset=\"http:\/\/www.impactohuasteco.com\/wp-content\/uploads\/2017\/11\/IH1-31-1024x653.jpg 1024w, http:\/\/www.impactohuasteco.com\/wp-content\/uploads\/2017\/11\/IH1-31-300x191.jpg 300w, http:\/\/www.impactohuasteco.com\/wp-content\/uploads\/2017\/11\/IH1-31-768x490.jpg 768w, http:\/\/www.impactohuasteco.com\/wp-content\/uploads\/2017\/11\/IH1-31-400x255.jpg 400w, http:\/\/www.impactohuasteco.com\/wp-content\/uploads\/2017\/11\/IH1-31-940x600.jpg 940w, http:\/\/www.impactohuasteco.com\/wp-content\/uploads\/2017\/11\/IH1-31.jpg 1500w\" sizes=\"(max-width: 260px) 100vw, 260px\" \/><\/a><p id=\"caption-attachment-1723\" class=\"wp-caption-text\">Da clic en la imagen para ampliarla.<\/p><\/div>\n<p style=\"text-align: justify;\"><strong>Xalapa, Ver. 27 de Noviembre del 2017.<\/strong> \u00a0La formaci\u00f3n\u00a0 docente es uno de los enormes pendientes que se tienen en el sistema educativo nacional y particularmente en el estado de Veracruz \u201cestamos en camino de poder concretarlo, intensificando las actividades de formaci\u00f3n y haremos m\u00e1s propuestas de promoci\u00f3n de todos los docentes\u201d.<\/p>\n<p>Esto lo se\u00f1al\u00f3 Ricardo G\u00f3mez Leyva, subsecretario de Educaci\u00f3n Media Superior y Superior de la SEV, al inaugurar en representaci\u00f3n del gobernador Miguel \u00c1ngel Yunes Linares, el Tercer Foro: Retos y tendencias del Nuevo Modelo Educativo, organizado por el Sindicato Independiente de Trabajadores del Telebachillerato y Servicios Educativos (SITTEBA) en el marco del D\u00e9cimo aniversario de su fundaci\u00f3n.<\/p>\n<p>Ante la presencia de los panelistas que participar\u00e1n en este foro: David P\u00e9rez Arenas, Gunther Diezt y Felipe Hevia de la Jara, as\u00ed como el conferencista magistral \u00c1ngel D\u00edaz Barriga, el funcionario educativo recalc\u00f3 que en el acto educativo involucra la participaci\u00f3n, no solo de autoridades educativas, sino de personal directivo, docente, alumnos y padres de familia.<\/p>\n<p>En lo que corresponde a a la autoridad educativa le ha tocado cumplir y buscar las estrategias para la implementaci\u00f3n del Nuevo Modelo, ahora su aplicaci\u00f3n se encuentra en curso, para con ello involucrar a todos los sistemas y es importante para favorecer sobre todo los elementos que contendr\u00e1n para el desarrollo y \u00e9xito de este modelo.<\/p>\n<p>Sostuvo que el trabajo colegiado es uno de los mecanismos y una de las estrategias que permitir\u00e1 impulsar y sobre todo enriquecer el trabajo de la aplicaci\u00f3n de este modelo educativo, las trayectorias acad\u00e9micas, favorecer las nuevas pr\u00e1cticas de ense\u00f1anza aprendizaje, es lo que permitir\u00e1 indudablemente favorecer el desarrollo de los estudiantes.\n<\/p>\n<div id=\"attachment_1724\" style=\"width: 270px\" class=\"wp-caption alignright\"><a href=\"http:\/\/www.impactohuasteco.com\/wp-content\/uploads\/2017\/11\/IH2-22.jpg\"><img aria-describedby=\"caption-attachment-1724\" loading=\"lazy\" class=\"wp-image-1724\" src=\"http:\/\/www.impactohuasteco.com\/wp-content\/uploads\/2017\/11\/IH2-22-1024x653.jpg\" alt=\"La formaci\u00f3n docente, pendiente que se tiene en el sistema educativo nacional\" width=\"260\" height=\"166\" srcset=\"http:\/\/www.impactohuasteco.com\/wp-content\/uploads\/2017\/11\/IH2-22-1024x653.jpg 1024w, http:\/\/www.impactohuasteco.com\/wp-content\/uploads\/2017\/11\/IH2-22-300x191.jpg 300w, http:\/\/www.impactohuasteco.com\/wp-content\/uploads\/2017\/11\/IH2-22-768x490.jpg 768w, http:\/\/www.impactohuasteco.com\/wp-content\/uploads\/2017\/11\/IH2-22-400x255.jpg 400w, http:\/\/www.impactohuasteco.com\/wp-content\/uploads\/2017\/11\/IH2-22-940x600.jpg 940w, http:\/\/www.impactohuasteco.com\/wp-content\/uploads\/2017\/11\/IH2-22.jpg 1500w\" sizes=\"(max-width: 260px) 100vw, 260px\" \/><\/a><p id=\"caption-attachment-1724\" class=\"wp-caption-text\">Da clic en la imagen para ampliarla.<\/p><\/div>\n<p style=\"text-align: justify;\">En ese tenor, dijo que no debe olvidarse el desarrollo de los docentes, no s\u00f3lo en el aspecto profesional, sino en su car\u00e1cter personal, por lo que se requieren generar nuevas pr\u00e1cticas que permitan esta conformaci\u00f3n educativa, que es necesaria y sobre todo urgente.<\/p>\n<p>Hizo un reconocimiento al esfuerzo que realiza el SITTEBA en la conformaci\u00f3n del nuevo curr\u00edculo, y sobre todo reconozco el trabajo de todos y cada uno de ustedes que realizan d\u00eda a d\u00eda en el aula, que requerimos muchos ejemplos de estos, que asumen el compromiso de la formaci\u00f3n.<\/p>\n<p>En este marco, indic\u00f3, se origina este espacio de di\u00e1logo entre pares, entre acad\u00e9micos, docentes, lo cual permitir\u00e1 identificar las \u00e1reas de oportunidad, de cambio, principalmente, aquellas que se realizan de manera concreta en el aula.<\/p>\n<p>\u201cEste espacio donde se concreta la pr\u00e1ctica educativa, producto del curr\u00edculo es fundamental para que el docente conozca y asuma los contenidos de la asignatura, compartimos la idea de que no solo son aspectos de car\u00e1cter de saber, sino tambi\u00e9n aspectos de car\u00e1cter procedimental, y de car\u00e1cter actitudinal<\/p>\n<p>Finalmente, se\u00f1al\u00f3 que este di\u00e1logo que se emprende favorecer\u00e1 en el desarrollo de los aprendizajes de los estudiantes y permitir\u00e1 un mejor desarrollo de cada uno de ustedes. \u201cEsta pr\u00e1ctica educativa, el centro del quehacer docente, donde el estudiante juega el papel fundamental, esta parte que tenemos que conjuntar la pr\u00e1ctica, que indiscutiblemente tiene que ver, sobre todo, con la actitud del maestro que es fundamental en todos los \u00e1mbitos de la educaci\u00f3n\u201d, concluy\u00f3.<\/p>\n","protected":false},"excerpt":{"rendered":"<p>**En Veracruz estamos en camino de concretarlo, intensificando las actividades de formaci\u00f3n de maestros: G\u00f3mez Leyva. Irineo P\u00e9rez Melo Xalapa, Ver. 27 de Noviembre del 2017. \u00a0La formaci\u00f3n\u00a0 docente es uno de los enormes pendientes que se tienen en el sistema educativo nacional y particularmente en el estado de Veracruz \u201cestamos en camino de poder concretarlo, intensificando las actividades de formaci\u00f3n y haremos m\u00e1s propuestas de promoci\u00f3n de todos los docentes\u201d. Esto lo se\u00f1al\u00f3 Ricardo G\u00f3mez Leyva, subsecretario de Educaci\u00f3n Media Superior y Superior de la SEV, al inaugurar en representaci\u00f3n del gobernador Miguel \u00c1ngel Yunes Linares, el Tercer Foro: [&hellip;]<\/p>\n","protected":false},"author":1,"featured_media":1723,"comment_status":"open","ping_status":"open","sticky":false,"template":"","format":"standard","meta":[],"categories":[11],"tags":[],"_links":{"self":[{"href":"http:\/\/www.impactohuasteco.com\/index.php?rest_route=\/wp\/v2\/posts\/1722"}],"collection":[{"href":"http:\/\/www.impactohuasteco.com\/index.php?rest_route=\/wp\/v2\/posts"}],"about":[{"href":"http:\/\/www.impactohuasteco.com\/index.php?rest_route=\/wp\/v2\/types\/post"}],"author":[{"embeddable":true,"href":"http:\/\/www.impactohuasteco.com\/index.php?rest_route=\/wp\/v2\/users\/1"}],"replies":[{"embeddable":true,"href":"http:\/\/www.impactohuasteco.com\/index.php?rest_route=%2Fwp%2Fv2%2Fcomments&post=1722"}],"version-history":[{"count":1,"href":"http:\/\/www.impactohuasteco.com\/index.php?rest_route=\/wp\/v2\/posts\/1722\/revisions"}],"predecessor-version":[{"id":1725,"href":"http:\/\/www.impactohuasteco.com\/index.php?rest_route=\/wp\/v2\/posts\/1722\/revisions\/1725"}],"wp:featuredmedia":[{"embeddable":true,"href":"http:\/\/www.impactohuasteco.com\/index.php?rest_route=\/wp\/v2\/media\/1723"}],"wp:attachment":[{"href":"http:\/\/www.impactohuasteco.com\/index.php?rest_route=%2Fwp%2Fv2%2Fmedia&parent=1722"}],"wp:term":[{"taxonomy":"category","embeddable":true,"href":"http:\/\/www.impactohuasteco.com\/index.php?rest_route=%2Fwp%2Fv2%2Fcategories&post=1722"},{"taxonomy":"post_tag","embeddable":true,"href":"http:\/\/www.impactohuasteco.com\/index.php?rest_route=%2Fwp%2Fv2%2Ftags&post=1722"}],"curies":[{"name":"wp","href":"https:\/\/api.w.org\/{rel}","templated":true}]}}