{"id":1734,"date":"2017-11-29T04:57:35","date_gmt":"2017-11-29T04:57:35","guid":{"rendered":"http:\/\/www.impactohuasteco.com\/?p=1734"},"modified":"2017-11-29T04:57:35","modified_gmt":"2017-11-29T04:57:35","slug":"no-le-afecta-al-frente-ciudadano-por-mexico-no-contar-todavia-con-candidato-a-la-presidencia-de-la-republica","status":"publish","type":"post","link":"http:\/\/www.impactohuasteco.com\/?p=1734","title":{"rendered":"No le afecta al frente ciudadano por M\u00e9xico no contar todav\u00eda con candidato a la presidencia de la rep\u00fablica"},"content":{"rendered":"<p style=\"text-align: justify;\"><em>&gt;&gt; Antes definir\u00e1 el m\u00e9todo de elecci\u00f3n y el 14 de diciembre har\u00e1 su registro formal ante el INE, y de ah\u00ed iniciar los registros de los precandidatos: Bernal Rivera.<\/em><\/p>\n<h6 style=\"text-align: justify;\"><span style=\"color: #999999;\">Irineo P\u00e9rez Melo<\/span><\/h6>\n<div id=\"attachment_1735\" style=\"width: 270px\" class=\"wp-caption alignright\"><a href=\"http:\/\/www.impactohuasteco.com\/wp-content\/uploads\/2017\/11\/IH1-34.jpg\"><img aria-describedby=\"caption-attachment-1735\" loading=\"lazy\" class=\"wp-image-1735\" src=\"http:\/\/www.impactohuasteco.com\/wp-content\/uploads\/2017\/11\/IH1-34-1024x653.jpg\" alt=\"No le afecta al frente ciudadano por M\u00e9xico no contar todav\u00eda con candidato a la presidencia de la rep\u00fablica\" width=\"260\" height=\"166\" srcset=\"http:\/\/www.impactohuasteco.com\/wp-content\/uploads\/2017\/11\/IH1-34-1024x653.jpg 1024w, http:\/\/www.impactohuasteco.com\/wp-content\/uploads\/2017\/11\/IH1-34-300x191.jpg 300w, http:\/\/www.impactohuasteco.com\/wp-content\/uploads\/2017\/11\/IH1-34-768x490.jpg 768w, http:\/\/www.impactohuasteco.com\/wp-content\/uploads\/2017\/11\/IH1-34-400x255.jpg 400w, http:\/\/www.impactohuasteco.com\/wp-content\/uploads\/2017\/11\/IH1-34-940x600.jpg 940w, http:\/\/www.impactohuasteco.com\/wp-content\/uploads\/2017\/11\/IH1-34.jpg 1500w\" sizes=\"(max-width: 260px) 100vw, 260px\" \/><\/a><p id=\"caption-attachment-1735\" class=\"wp-caption-text\">Da clic en la imagen para ampliarla.<\/p><\/div>\n<p style=\"text-align: justify;\"><strong>Xalapa, Ver.\u00a0 28 de Noviembre del 2017.<\/strong> \u00a0Antes de registrar ante el Instituto Nacional Electoral (INE) la coalici\u00f3n Frente Ciudadano por M\u00e9xico (FCM), conformado por los partidos Acci\u00f3n Nacional (PAN), de la Revoluci\u00f3n Democr\u00e1tica (PRD) y Movimiento Ciudadano (MC), se definir\u00e1 el m\u00e9todo de elecci\u00f3n, el cual ser\u00e1 el eje fundamental para definir las candidaturas, incluidas la Presidencia de la Rep\u00fablica.<\/p>\n<p>Esto lo dio a conocer Manuel Bernal Rivera, secretario de Derechos Humanos del Comit\u00e9 Directivo Estatal del PRD, quien dijo que esta coalici\u00f3n se har\u00e1 realidad a partir del 14 de diciembre y de acuerdo al calendario electoral har\u00e1 el registro formal y a partir de ese momento iniciar los registros de los precandidatos, tanto a la presidencia de la Rep\u00fablica, como a las del Senado de la Rep\u00fablica y las Diputaciones Federales.<\/p>\n<p>En conferencia de prensa, el perredista descart\u00f3 que no hay ninguna repercusi\u00f3n por el hecho de que el Frente Ciudadano por M\u00e9xico no tenga candidato todav\u00eda, porque todo est\u00e1 dentro del calendario electoral y todos est\u00e1n dentro de ese calendario electoral. \u201cNuestro plazo inmediato y lo vamos a cumplir bien, es que el d\u00eda 14 de diciembre, el Frente har\u00e1 su registro formal y a partir de ese momento empiezan los registros de los precandidatos\u201d, abund\u00f3.<\/p>\n<p>En ese tenor, dijo que aquellos que ya se sent\u00edan candidatos \u201ctienen que esperar, porque uno de los principios centrales es que sean las mejores propuestas, mujeres u hombres que ganen sus respectivos distritos, que ganen las gubernatura y por supuesto la presidencia de la Rep\u00fablica\u201d, puntualiz\u00f3.<\/p>\n<p>\u201cYo soy un perredista, que mi trabajo coadyuva en la reconstrucci\u00f3n del PRD, en la fortaleza del Frente y en el trabajo de organizaci\u00f3n que ahora mismo estoy realizando, sin hacer adelantos, con buenos resultados. He caminado por los distritos, he caminado en el estado y con gusto puedo decirles que la unidad ser\u00e1 la fortaleza m\u00e1s grandiosa que presente el PRD en este proceso electoral\u201d, a\u00f1adi\u00f3.<\/p>\n","protected":false},"excerpt":{"rendered":"<p>&gt;&gt; Antes definir\u00e1 el m\u00e9todo de elecci\u00f3n y el 14 de diciembre har\u00e1 su registro formal ante el INE, y de ah\u00ed iniciar los registros de los precandidatos: Bernal Rivera. Irineo P\u00e9rez Melo Xalapa, Ver.\u00a0 28 de Noviembre del 2017. \u00a0Antes de registrar ante el Instituto Nacional Electoral (INE) la coalici\u00f3n Frente Ciudadano por M\u00e9xico (FCM), conformado por los partidos Acci\u00f3n Nacional (PAN), de la Revoluci\u00f3n Democr\u00e1tica (PRD) y Movimiento Ciudadano (MC), se definir\u00e1 el m\u00e9todo de elecci\u00f3n, el cual ser\u00e1 el eje fundamental para definir las candidaturas, incluidas la Presidencia de la Rep\u00fablica. Esto lo dio a conocer Manuel [&hellip;]<\/p>\n","protected":false},"author":1,"featured_media":1735,"comment_status":"open","ping_status":"open","sticky":false,"template":"","format":"standard","meta":[],"categories":[11],"tags":[],"_links":{"self":[{"href":"http:\/\/www.impactohuasteco.com\/index.php?rest_route=\/wp\/v2\/posts\/1734"}],"collection":[{"href":"http:\/\/www.impactohuasteco.com\/index.php?rest_route=\/wp\/v2\/posts"}],"about":[{"href":"http:\/\/www.impactohuasteco.com\/index.php?rest_route=\/wp\/v2\/types\/post"}],"author":[{"embeddable":true,"href":"http:\/\/www.impactohuasteco.com\/index.php?rest_route=\/wp\/v2\/users\/1"}],"replies":[{"embeddable":true,"href":"http:\/\/www.impactohuasteco.com\/index.php?rest_route=%2Fwp%2Fv2%2Fcomments&post=1734"}],"version-history":[{"count":1,"href":"http:\/\/www.impactohuasteco.com\/index.php?rest_route=\/wp\/v2\/posts\/1734\/revisions"}],"predecessor-version":[{"id":1736,"href":"http:\/\/www.impactohuasteco.com\/index.php?rest_route=\/wp\/v2\/posts\/1734\/revisions\/1736"}],"wp:featuredmedia":[{"embeddable":true,"href":"http:\/\/www.impactohuasteco.com\/index.php?rest_route=\/wp\/v2\/media\/1735"}],"wp:attachment":[{"href":"http:\/\/www.impactohuasteco.com\/index.php?rest_route=%2Fwp%2Fv2%2Fmedia&parent=1734"}],"wp:term":[{"taxonomy":"category","embeddable":true,"href":"http:\/\/www.impactohuasteco.com\/index.php?rest_route=%2Fwp%2Fv2%2Fcategories&post=1734"},{"taxonomy":"post_tag","embeddable":true,"href":"http:\/\/www.impactohuasteco.com\/index.php?rest_route=%2Fwp%2Fv2%2Ftags&post=1734"}],"curies":[{"name":"wp","href":"https:\/\/api.w.org\/{rel}","templated":true}]}}