{"id":18340,"date":"2024-01-19T00:03:57","date_gmt":"2024-01-19T00:03:57","guid":{"rendered":"https:\/\/www.impactohuasteco.com\/?p=18340"},"modified":"2024-01-19T00:03:57","modified_gmt":"2024-01-19T00:03:57","slug":"apoyan-diputadas-difusion-de-fiesta-patronal-de-teocelo","status":"publish","type":"post","link":"http:\/\/www.impactohuasteco.com\/?p=18340","title":{"rendered":"APOYAN DIPUTADAS DIFUSI\u00d3N DE FIESTA PATRONAL DE TEOCELO"},"content":{"rendered":"<ul>\n<li><strong>Invitan las legisladoras Adriana Esther Mart\u00ednez, Liliana Castro y Citlali Medell\u00edn a la festividad que se celebrar\u00e1 en la cabecera municipal del 26 al 28 de enero.<\/strong><\/li>\n<\/ul>\n<p><strong>Por Rosa P\u00e9rez Amador\u00a0<\/strong><\/p>\n<p>En respaldo a las actividades art\u00edsticas y culturales de la entidad, la<strong>s<\/strong>\u00a0diputada<strong>s<\/strong>\u00a0Adriana Esther Mart\u00ednez S\u00e1nchez,\u00a0<strong>presidenta de la Mesa Directiva,\u00a0<\/strong>Janix Liliana Castro Mu\u00f1oz y Citlali Medell\u00edn Careaga, presidenta y vocal, respectivamente, de la Comisi\u00f3n\u00a0<strong>Permanente\u00a0<\/strong>de Turismo en el Congreso local, se sumaron a la difusi\u00f3n de la fiesta patronal del municipio de Teocelo, que se realizar\u00e1 del 26 al 28 de enero de este a\u00f1o.<\/p>\n<p>&nbsp;<\/p>\n<p>En conferencia de pr<img loading=\"lazy\" class=\"size-medium wp-image-18342 alignleft\" src=\"http:\/\/www.impactohuasteco.com\/wp-content\/uploads\/2024\/01\/thumbnail_NOV18ENERO2024TEC.2-300x200.jpg\" alt=\"\" width=\"300\" height=\"200\" srcset=\"http:\/\/www.impactohuasteco.com\/wp-content\/uploads\/2024\/01\/thumbnail_NOV18ENERO2024TEC.2-300x200.jpg 300w, http:\/\/www.impactohuasteco.com\/wp-content\/uploads\/2024\/01\/thumbnail_NOV18ENERO2024TEC.2-1024x684.jpg 1024w, http:\/\/www.impactohuasteco.com\/wp-content\/uploads\/2024\/01\/thumbnail_NOV18ENERO2024TEC.2-768x513.jpg 768w, http:\/\/www.impactohuasteco.com\/wp-content\/uploads\/2024\/01\/thumbnail_NOV18ENERO2024TEC.2-1536x1025.jpg 1536w, http:\/\/www.impactohuasteco.com\/wp-content\/uploads\/2024\/01\/thumbnail_NOV18ENERO2024TEC.2-400x267.jpg 400w, http:\/\/www.impactohuasteco.com\/wp-content\/uploads\/2024\/01\/thumbnail_NOV18ENERO2024TEC.2-899x600.jpg 899w, http:\/\/www.impactohuasteco.com\/wp-content\/uploads\/2024\/01\/thumbnail_NOV18ENERO2024TEC.2.jpg 1600w\" sizes=\"(max-width: 300px) 100vw, 300px\" \/>ensa y con la presencia del presidente municipal de Teocelo, Isaac Alberto Anell Reyes, la diputada Mart\u00ednez S\u00e1nchez record\u00f3 el compromiso de la LXVI Legislatura con las y los ciudadanos que se dedican a alguna actividad art\u00edstica y la reciente aprobaci\u00f3n\u00a0<strong>por el Pleno para la creaci\u00f3n\u00a0<\/strong>de la Secretar\u00eda de Cultura del estado de Veracruz, propuesta por el gobernador, ingeniero Cuitl\u00e1huac Garc\u00eda Jim\u00e9nez.<\/p>\n<p>&nbsp;<\/p>\n<p>Asimismo, exhort\u00f3 a la poblaci\u00f3n a p<strong>articipar de esta celebraci\u00f3n<\/strong>, en la que s<strong>e\u00a0<\/strong>desarrollar\u00e1<strong>n<\/strong>\u00a0diversas actividades a<strong>decuadas\u00a0<\/strong>a todas las edades<strong>.<\/strong>\u00a0\u201cLa fiesta en honor a<strong>l<\/strong>\u00a0Santo Entierro es una de las celebraciones m\u00e1s representativas de la entidad\u201d<strong>, coment\u00f3<\/strong>.<\/p>\n<p><img loading=\"lazy\" class=\" wp-image-18343 alignleft\" src=\"http:\/\/www.impactohuasteco.com\/wp-content\/uploads\/2024\/01\/thumbnail_NOV18ENERO2024TEC.3-300x200.jpg\" alt=\"\" width=\"588\" height=\"392\" srcset=\"http:\/\/www.impactohuasteco.com\/wp-content\/uploads\/2024\/01\/thumbnail_NOV18ENERO2024TEC.3-300x200.jpg 300w, http:\/\/www.impactohuasteco.com\/wp-content\/uploads\/2024\/01\/thumbnail_NOV18ENERO2024TEC.3-1024x684.jpg 1024w, http:\/\/www.impactohuasteco.com\/wp-content\/uploads\/2024\/01\/thumbnail_NOV18ENERO2024TEC.3-768x513.jpg 768w, http:\/\/www.impactohuasteco.com\/wp-content\/uploads\/2024\/01\/thumbnail_NOV18ENERO2024TEC.3-1536x1025.jpg 1536w, http:\/\/www.impactohuasteco.com\/wp-content\/uploads\/2024\/01\/thumbnail_NOV18ENERO2024TEC.3-400x267.jpg 400w, http:\/\/www.impactohuasteco.com\/wp-content\/uploads\/2024\/01\/thumbnail_NOV18ENERO2024TEC.3-899x600.jpg 899w, http:\/\/www.impactohuasteco.com\/wp-content\/uploads\/2024\/01\/thumbnail_NOV18ENERO2024TEC.3.jpg 1600w\" sizes=\"(max-width: 588px) 100vw, 588px\" \/>La vocal de la Comisi\u00f3n de Turismo, diputada Citlali Medell\u00edn Careaga, destac\u00f3 la importancia de esta fiesta patronal por la derrama econ\u00f3mica local que beneficia a cientos de ciudadanos<strong>\u00a0y que\u00a0<\/strong>\u201c<strong>el\u00a0<\/strong>turismo religioso tiene una afluencia de m\u00e1s de 70 mil visitantes que deja en promedio m\u00e1s de 20 millones de pesos\u201d.<\/p>\n<p><img loading=\"lazy\" class=\" wp-image-18329 alignleft\" src=\"http:\/\/www.impactohuasteco.com\/wp-content\/uploads\/2024\/01\/final-1-150x300.jpg\" alt=\"\" width=\"233\" height=\"466\" srcset=\"http:\/\/www.impactohuasteco.com\/wp-content\/uploads\/2024\/01\/final-1-150x300.jpg 150w, http:\/\/www.impactohuasteco.com\/wp-content\/uploads\/2024\/01\/final-1.jpg 300w\" sizes=\"(max-width: 233px) 100vw, 233px\" \/><\/p>\n<p>Agreg\u00f3 que como veracruzana asume el compromiso de fomentar la cultura local e invitar a m\u00e1s personas a que sean part\u00edcipes de esta festividad<strong>. Consider\u00f3 que<\/strong>\u00a0\u201c<strong>el\u00a0<\/strong>Santo Entierro es una celebraci\u00f3n que forma parte del patrimonio cultural del estado, mismo que debe conservarse y preservarse\u201d.<\/p>\n<p>&nbsp;<\/p>\n<p>Posteriormente, el mun\u00edcipe Isaac Anell Reyes a<strong>mpli\u00f3 y detall\u00f3 la\u00a0<\/strong>informaci\u00f3n sobre la log\u00edstica en cuanto a medidas de seguridad y protecci\u00f3n civil, adem\u00e1s de las principales actividades religiosas y los eventos populares.<\/p>\n<p>&nbsp;<\/p>\n<p>&nbsp;<\/p>\n","protected":false},"excerpt":{"rendered":"<p>Invitan las legisladoras Adriana Esther Mart\u00ednez, Liliana Castro y Citlali Medell\u00edn a la festividad que se celebrar\u00e1 en la cabecera municipal del 26 al 28 de enero. Por Rosa P\u00e9rez Amador\u00a0 En respaldo a las actividades art\u00edsticas y culturales de la entidad, las\u00a0diputadas\u00a0Adriana Esther Mart\u00ednez S\u00e1nchez,\u00a0presidenta de la Mesa Directiva,\u00a0Janix Liliana Castro Mu\u00f1oz y Citlali Medell\u00edn Careaga, presidenta y vocal, respectivamente, de la Comisi\u00f3n\u00a0Permanente\u00a0de Turismo en el Congreso local, se sumaron a la difusi\u00f3n de la fiesta patronal del municipio de Teocelo, que se realizar\u00e1 del 26 al 28 de enero de este a\u00f1o. &nbsp; En conferencia de prensa y [&hellip;]<\/p>\n","protected":false},"author":1,"featured_media":18341,"comment_status":"open","ping_status":"open","sticky":false,"template":"","format":"standard","meta":[],"categories":[11],"tags":[],"_links":{"self":[{"href":"http:\/\/www.impactohuasteco.com\/index.php?rest_route=\/wp\/v2\/posts\/18340"}],"collection":[{"href":"http:\/\/www.impactohuasteco.com\/index.php?rest_route=\/wp\/v2\/posts"}],"about":[{"href":"http:\/\/www.impactohuasteco.com\/index.php?rest_route=\/wp\/v2\/types\/post"}],"author":[{"embeddable":true,"href":"http:\/\/www.impactohuasteco.com\/index.php?rest_route=\/wp\/v2\/users\/1"}],"replies":[{"embeddable":true,"href":"http:\/\/www.impactohuasteco.com\/index.php?rest_route=%2Fwp%2Fv2%2Fcomments&post=18340"}],"version-history":[{"count":1,"href":"http:\/\/www.impactohuasteco.com\/index.php?rest_route=\/wp\/v2\/posts\/18340\/revisions"}],"predecessor-version":[{"id":18344,"href":"http:\/\/www.impactohuasteco.com\/index.php?rest_route=\/wp\/v2\/posts\/18340\/revisions\/18344"}],"wp:featuredmedia":[{"embeddable":true,"href":"http:\/\/www.impactohuasteco.com\/index.php?rest_route=\/wp\/v2\/media\/18341"}],"wp:attachment":[{"href":"http:\/\/www.impactohuasteco.com\/index.php?rest_route=%2Fwp%2Fv2%2Fmedia&parent=18340"}],"wp:term":[{"taxonomy":"category","embeddable":true,"href":"http:\/\/www.impactohuasteco.com\/index.php?rest_route=%2Fwp%2Fv2%2Fcategories&post=18340"},{"taxonomy":"post_tag","embeddable":true,"href":"http:\/\/www.impactohuasteco.com\/index.php?rest_route=%2Fwp%2Fv2%2Ftags&post=18340"}],"curies":[{"name":"wp","href":"https:\/\/api.w.org\/{rel}","templated":true}]}}