{"id":18422,"date":"2024-01-29T23:11:08","date_gmt":"2024-01-29T23:11:08","guid":{"rendered":"https:\/\/www.impactohuasteco.com\/?p=18422"},"modified":"2024-01-29T23:11:08","modified_gmt":"2024-01-29T23:11:08","slug":"basifican-a-mas-de-2500-trabajadores-de-la-educacion-tanto-del-sistema-federal-como-estatal-se-les-da-certeza-laboral","status":"publish","type":"post","link":"http:\/\/www.impactohuasteco.com\/?p=18422","title":{"rendered":"BASIFICAN A M\u00c1S DE 2,500 TRABAJADORES DE LA EDUCACI\u00d3N, TANTO DEL SISTEMA FEDERAL COMO ESTATAL, SE LES DA CERTEZA LABORAL"},"content":{"rendered":"<ul>\n<li><strong>En la administraci\u00f3n de Cuitl\u00e1huac Garc\u00eda han recibido este beneficio m\u00e1s de 40 mil docentes y personal de apoyo y asistencia a la educaci\u00f3n: Aguilar Amaya.<\/strong><\/li>\n<\/ul>\n<p><strong>\u00a0<\/strong>Irineo P\u00e9rez Melo. \u00a0La Secretar\u00eda de Educaci\u00f3n de Veracruz (SEV) basific\u00f3 a m\u00e1s de dos mil 500 trabajadores de la dependencia, tanto del sistema federal como estatal, que ven\u00edan laborando, en algunos casos, con 25 y 30 a\u00f1os, sin contar con el documento que los avalara, con lo cual se hace justicia a maestros y personal de apoyo y asistencia a la educaci\u00f3n,\u00a0 inform\u00f3 la Oficial Mayor Ariadna Selene Aguilar Amaya.<\/p>\n<p>En entrevista, previa a la ceremonia que encabez\u00f3 el gobernador Cuitl\u00e1huac Garc\u00eda Jim\u00e9nez y el titular de la SEV, V\u00edctor Emanuel Vargas Andrade, dijo que, con esta acci\u00f3n, en lo que va de la actual administraci\u00f3n estatal, se les ha dado certeza laboral a unos 40 mil trabajadores de la educaci\u00f3n.<strong><img loading=\"lazy\" class=\" wp-image-18425 alignleft\" src=\"http:\/\/www.impactohuasteco.com\/wp-content\/uploads\/2024\/01\/thumbnail_SEV-0-300x184.jpg\" alt=\"\" width=\"620\" height=\"380\" srcset=\"http:\/\/www.impactohuasteco.com\/wp-content\/uploads\/2024\/01\/thumbnail_SEV-0-300x184.jpg 300w, http:\/\/www.impactohuasteco.com\/wp-content\/uploads\/2024\/01\/thumbnail_SEV-0-768x472.jpg 768w, http:\/\/www.impactohuasteco.com\/wp-content\/uploads\/2024\/01\/thumbnail_SEV-0-400x246.jpg 400w, http:\/\/www.impactohuasteco.com\/wp-content\/uploads\/2024\/01\/thumbnail_SEV-0.jpg 973w\" sizes=\"(max-width: 620px) 100vw, 620px\" \/><\/strong><\/p>\n<p>\u201cNos hemos encargado en estos cinco a\u00f1os de ir basificando a todos nuestros maestros que les corresponde ya por derecho y que gracias a una basificaci\u00f3n tienen acceso a todos los dem\u00e1s derechos laborales que se les hab\u00edan sido negado; hoy basificaremos a dos mil 506 maestros, entre federales y estatales, que no ten\u00edan base o no ten\u00edan un documento como tal\u201d, destac\u00f3.<\/p>\n<p>La funcionaria estatal, mencion\u00f3 que en los procesos de basificaci\u00f3n se respet\u00f3 la antig\u00fcedad de los maestros y empleados, tanto federalizados como estatales, destacando la importancia de que cuenten con un documento y no anden batallando a la hora de jubilarse o exigir alg\u00fan derecho porque no lo tienen, es la diferencia entre estar basificado y no. Queremos hacer es ya darles certeza laboral.<strong><img loading=\"lazy\" class=\" wp-image-18424 alignleft\" src=\"http:\/\/www.impactohuasteco.com\/wp-content\/uploads\/2024\/01\/SEV-300x225.jpeg\" alt=\"\" width=\"609\" height=\"457\" srcset=\"http:\/\/www.impactohuasteco.com\/wp-content\/uploads\/2024\/01\/SEV-300x225.jpeg 300w, http:\/\/www.impactohuasteco.com\/wp-content\/uploads\/2024\/01\/SEV-1024x769.jpeg 1024w, http:\/\/www.impactohuasteco.com\/wp-content\/uploads\/2024\/01\/SEV-768x576.jpeg 768w, http:\/\/www.impactohuasteco.com\/wp-content\/uploads\/2024\/01\/SEV-1536x1153.jpeg 1536w, http:\/\/www.impactohuasteco.com\/wp-content\/uploads\/2024\/01\/SEV-400x300.jpeg 400w, http:\/\/www.impactohuasteco.com\/wp-content\/uploads\/2024\/01\/SEV-799x600.jpeg 799w, http:\/\/www.impactohuasteco.com\/wp-content\/uploads\/2024\/01\/SEV.jpeg 1600w\" sizes=\"(max-width: 609px) 100vw, 609px\" \/><\/strong><\/p>\n<p>Mencion\u00f3 que la instrucci\u00f3n del Ejecutivo del Estado fue poner orden en esta situaci\u00f3n que padec\u00edan miles de trabajadores de la educaci\u00f3n, por lo que en la presente gesti\u00f3n se han basificado de manera permanente a m\u00e1s de 40 mil maestros y trabajadores, cumpliendo con esto el cien por ciento del rezago que se arrastraba de otras administraciones.<\/p>\n<p>Mencion\u00f3 que anteriormente \u201cotros trataban de quitarles sus bases, nosotros estamos otorg\u00e1ndoles sus basificaciones, ah\u00ed la gran diferencia entre las administraciones, mientras otros amenazaban con quitarles este derecho, nosotros estamos haciendo justicia social con esta \u00faltima basificaci\u00f3n masiva\u201d.<\/p>\n<p>Con esto, dijo, por \u00faltimo, \u201cya vamos al corriente, ya todos los maestros y nuestros compa\u00f1eros administrativos y de apoyo ya van a poder tener su basificaci\u00f3n de manera autom\u00e1tica, inmediata a los seis meses un d\u00eda, esa era la meta y hoy me siento muy satisfecha de poderlo cumplir\u201d.<\/p>\n<p>&nbsp;<\/p>\n","protected":false},"excerpt":{"rendered":"<p>En la administraci\u00f3n de Cuitl\u00e1huac Garc\u00eda han recibido este beneficio m\u00e1s de 40 mil docentes y personal de apoyo y asistencia a la educaci\u00f3n: Aguilar Amaya. \u00a0Irineo P\u00e9rez Melo. \u00a0La Secretar\u00eda de Educaci\u00f3n de Veracruz (SEV) basific\u00f3 a m\u00e1s de dos mil 500 trabajadores de la dependencia, tanto del sistema federal como estatal, que ven\u00edan laborando, en algunos casos, con 25 y 30 a\u00f1os, sin contar con el documento que los avalara, con lo cual se hace justicia a maestros y personal de apoyo y asistencia a la educaci\u00f3n,\u00a0 inform\u00f3 la Oficial Mayor Ariadna Selene Aguilar Amaya. En entrevista, previa [&hellip;]<\/p>\n","protected":false},"author":1,"featured_media":18423,"comment_status":"open","ping_status":"open","sticky":false,"template":"","format":"standard","meta":[],"categories":[11],"tags":[],"_links":{"self":[{"href":"http:\/\/www.impactohuasteco.com\/index.php?rest_route=\/wp\/v2\/posts\/18422"}],"collection":[{"href":"http:\/\/www.impactohuasteco.com\/index.php?rest_route=\/wp\/v2\/posts"}],"about":[{"href":"http:\/\/www.impactohuasteco.com\/index.php?rest_route=\/wp\/v2\/types\/post"}],"author":[{"embeddable":true,"href":"http:\/\/www.impactohuasteco.com\/index.php?rest_route=\/wp\/v2\/users\/1"}],"replies":[{"embeddable":true,"href":"http:\/\/www.impactohuasteco.com\/index.php?rest_route=%2Fwp%2Fv2%2Fcomments&post=18422"}],"version-history":[{"count":1,"href":"http:\/\/www.impactohuasteco.com\/index.php?rest_route=\/wp\/v2\/posts\/18422\/revisions"}],"predecessor-version":[{"id":18426,"href":"http:\/\/www.impactohuasteco.com\/index.php?rest_route=\/wp\/v2\/posts\/18422\/revisions\/18426"}],"wp:featuredmedia":[{"embeddable":true,"href":"http:\/\/www.impactohuasteco.com\/index.php?rest_route=\/wp\/v2\/media\/18423"}],"wp:attachment":[{"href":"http:\/\/www.impactohuasteco.com\/index.php?rest_route=%2Fwp%2Fv2%2Fmedia&parent=18422"}],"wp:term":[{"taxonomy":"category","embeddable":true,"href":"http:\/\/www.impactohuasteco.com\/index.php?rest_route=%2Fwp%2Fv2%2Fcategories&post=18422"},{"taxonomy":"post_tag","embeddable":true,"href":"http:\/\/www.impactohuasteco.com\/index.php?rest_route=%2Fwp%2Fv2%2Ftags&post=18422"}],"curies":[{"name":"wp","href":"https:\/\/api.w.org\/{rel}","templated":true}]}}