{"id":18763,"date":"2024-07-22T03:08:22","date_gmt":"2024-07-22T03:08:22","guid":{"rendered":"https:\/\/www.impactohuasteco.com\/?p=18763"},"modified":"2024-07-22T03:11:00","modified_gmt":"2024-07-22T03:11:00","slug":"llevara-a-cabo-sedema-jornada-masiva-de-reforestacion-en-34-municipios-de-la-entidad-veracruzana-el-28-de-julio","status":"publish","type":"post","link":"http:\/\/www.impactohuasteco.com\/?p=18763","title":{"rendered":"LLEVAR\u00c1 A CABO SEDEMA JORNADA MASIVA DE REFORESTACI\u00d3N EN 34 MUNICIPIOS DE LA ENTIDAD VERACRUZANA EL 28 DE JULIO"},"content":{"rendered":"<ul>\n<li>Con el programa \u201cFabriquemos Agua Reforestando\u201d se plantar\u00e1n m\u00e1s de 700 mil \u00e1rboles en zonas afectadas por incendios forestales: Contreras Bautista.<\/li>\n<\/ul>\n<p>Irineo P\u00e9rez Melo. \u00a0El gobierno de Veracruz llevar\u00e1 a cabo el pr\u00f3ximo 28 de julio la jornada masiva de reforestaci\u00f3n \u201cFabriquemos Agua Reforestando\u201d en 34 municipios de la entidad, en donde se contempla la siembra de m\u00e1s de 700 mil \u00e1rboles, inform\u00f3 Juan Carlos Contreras Bautista, secretario del Medio Ambiente del estado.<\/p>\n<p>El funcionario estatal precis\u00f3 que los municipios que se sumar\u00e1n a esta jornada de reforestaci\u00f3n son aquellos que fueron afectados en semanas pasadas por los incendios forestales, con lo que se pretende rescatar el ecosistema de las \u00e1reas siniestradas.<\/p>\n<p>Explic\u00f3 que el objetivo es sembrar diversas variedades de \u00e1rboles que fueron cultivados en los viveros de la Sedema y se estima atender a m\u00e1s de 800 hect\u00e1reas durante esta jornada de reforestaci\u00f3n.<\/p>\n<p>Por tal motivo, el titular de la Sedema invit\u00f3 a los ciudadanos de esos 34 municipios a sumarse a la plantaci\u00f3n manual, ya que en esta ocasi\u00f3n tambi\u00e9n se realizar\u00e1 esta reforestaci\u00f3n con drones para llegar a los lugares m\u00e1s inaccesibles de la entidad.<\/p>\n<p>Estos drones fueron construidos por los institutos Tecnol\u00f3gicos de la entidad, as\u00ed como con el Colegio Nacional de Educaci\u00f3n Profesional T\u00e9cnica (Conalep), quienes fueron apoyados por el gobierno de Veracruz a trav\u00e9s de la convocatoria \u201cProyectos para el Fomento Ambiental\u201d.<\/p>\n<p>Mencion\u00f3 que la plantaci\u00f3n se har\u00e1 en Huayacocotla, Acajete, Las Vigas, Las Minas, Tatatila, Tlacolulan, Villa Aldama, Perote, Altotonga, Ayahualulco, Ixhuac\u00e1n de Los Reyes, Coatepec, Banderilla, Emiliano Zapata, Coacoatzintla, Naolinco, San Andr\u00e9s Tlalnelhuayocan, Miahuatl\u00e1n.<\/p>\n<p>Adem\u00e1s, Huatusco, Calcahualco, Atoyac, R\u00edo Blanco, Nogales, San Andr\u00e9s Tenejapan, Huiloapan, Rafael Delgado, Tequila, Soledad Atzompa, Ciudad Mendoza, Acultzingo, Maltrata y La Perla.<\/p>\n<p>Por \u00faltimo, dio a conocer que en el mes de septiembre pr\u00f3ximo se realizar\u00e1 otra jornada de reforestaci\u00f3n en la parte m\u00e1s baja del estado, en donde se entregar\u00e1n plantas a los ciudadanos quienes han manifestado su respaldo para llevar a cabo estas tareas.<\/p>\n<p>&nbsp;<\/p>\n","protected":false},"excerpt":{"rendered":"<p>Con el programa \u201cFabriquemos Agua Reforestando\u201d se plantar\u00e1n m\u00e1s de 700 mil \u00e1rboles en zonas afectadas por incendios forestales: Contreras Bautista. Irineo P\u00e9rez Melo. \u00a0El gobierno de Veracruz llevar\u00e1 a cabo el pr\u00f3ximo 28 de julio la jornada masiva de reforestaci\u00f3n \u201cFabriquemos Agua Reforestando\u201d en 34 municipios de la entidad, en donde se contempla la siembra de m\u00e1s de 700 mil \u00e1rboles, inform\u00f3 Juan Carlos Contreras Bautista, secretario del Medio Ambiente del estado. El funcionario estatal precis\u00f3 que los municipios que se sumar\u00e1n a esta jornada de reforestaci\u00f3n son aquellos que fueron afectados en semanas pasadas por los incendios forestales, [&hellip;]<\/p>\n","protected":false},"author":1,"featured_media":18764,"comment_status":"open","ping_status":"open","sticky":false,"template":"","format":"standard","meta":[],"categories":[11],"tags":[],"_links":{"self":[{"href":"http:\/\/www.impactohuasteco.com\/index.php?rest_route=\/wp\/v2\/posts\/18763"}],"collection":[{"href":"http:\/\/www.impactohuasteco.com\/index.php?rest_route=\/wp\/v2\/posts"}],"about":[{"href":"http:\/\/www.impactohuasteco.com\/index.php?rest_route=\/wp\/v2\/types\/post"}],"author":[{"embeddable":true,"href":"http:\/\/www.impactohuasteco.com\/index.php?rest_route=\/wp\/v2\/users\/1"}],"replies":[{"embeddable":true,"href":"http:\/\/www.impactohuasteco.com\/index.php?rest_route=%2Fwp%2Fv2%2Fcomments&post=18763"}],"version-history":[{"count":2,"href":"http:\/\/www.impactohuasteco.com\/index.php?rest_route=\/wp\/v2\/posts\/18763\/revisions"}],"predecessor-version":[{"id":18766,"href":"http:\/\/www.impactohuasteco.com\/index.php?rest_route=\/wp\/v2\/posts\/18763\/revisions\/18766"}],"wp:featuredmedia":[{"embeddable":true,"href":"http:\/\/www.impactohuasteco.com\/index.php?rest_route=\/wp\/v2\/media\/18764"}],"wp:attachment":[{"href":"http:\/\/www.impactohuasteco.com\/index.php?rest_route=%2Fwp%2Fv2%2Fmedia&parent=18763"}],"wp:term":[{"taxonomy":"category","embeddable":true,"href":"http:\/\/www.impactohuasteco.com\/index.php?rest_route=%2Fwp%2Fv2%2Fcategories&post=18763"},{"taxonomy":"post_tag","embeddable":true,"href":"http:\/\/www.impactohuasteco.com\/index.php?rest_route=%2Fwp%2Fv2%2Ftags&post=18763"}],"curies":[{"name":"wp","href":"https:\/\/api.w.org\/{rel}","templated":true}]}}