{"id":18983,"date":"2024-10-29T04:36:51","date_gmt":"2024-10-29T04:36:51","guid":{"rendered":"https:\/\/www.impactohuasteco.com\/?p=18983"},"modified":"2024-10-29T04:36:51","modified_gmt":"2024-10-29T04:36:51","slug":"invitan-amfev-al-congreso-nacional-pacto-fiscal-por-mexico-2024-ante-la-transicion-del-pais-y-la-era-digital","status":"publish","type":"post","link":"http:\/\/www.impactohuasteco.com\/?p=18983","title":{"rendered":"INVITAN AMFEV AL CONGRESO NACIONAL PACTO FISCAL POR M\u00c9XICO 2024: \u201cANTE LA TRANSICI\u00d3N DEL PA\u00cdS Y LA ERA DIGITAL\u201d"},"content":{"rendered":"<ul>\n<li><strong>Se realizar\u00e1 el pr\u00f3ximo 15 de noviembre en el Hotel Emporio del puerto de Veracruz.<\/strong><\/li>\n<li><strong>Expertos en materia fiscal informar\u00e1n sobre novedades y retos en materia fiscal a empresarios: Ruiz Hermoso.<\/strong><\/li>\n<\/ul>\n<p>Irineo P\u00e9rez Melo. \u00a0La Asociaci\u00f3n de M\u00e1ster en Fiscal del Estado de Veracruz (AMFEV), llevar\u00e1 a cabo el XVII Congreso Nacional \u201cPacto Fiscal por M\u00e9xico 2024: Ante la Transici\u00f3n del Pa\u00eds y la Era Digital\u201d, en donde expertos en temas fiscales, jur\u00eddicos, financieros y empresariales, brindar\u00e1n informaci\u00f3n de suma importancia sobre las novedades y retos que enfrentan las empresas en esta materia.<\/p>\n<p>Esto lo informo el director de la organizaci\u00f3n Jos\u00e9 Antonio Ruiz Hermoso,\u00a0 quien dijo que el evento se realizar\u00e1 el pr\u00f3ximo 15 de noviembre en el Hotel Emporio en el puerto de Veracruz, en d\u00f3nde destacados expertos en la materia abordar\u00e1n temas en materia de fiscalizaci\u00f3n, qu\u00e9 est\u00e1n haciendo las autoridades hacendarias y del Instituto Mexicano del Seguro Social (IMSS); modificaciones que han tenido las diferentes leyes y el uso de herramientas digitales, como la inteligencia artificial para la optimizaci\u00f3n fiscal.<\/p>\n<p>En conferencia de prensa, expres\u00f3 que este foro se viene realizando de manera ininterrumpida desde hace 17 a\u00f1os y en esta ocasi\u00f3n se efect\u00faa bajo el lema de promover la responsabilidad fiscal.<\/p>\n<p>Hizo un llamado al sector empresarial a participar en este foro, a fin de concientizar sobre la importancia del cumplimiento de las obligaciones\u00a0fiscales que tienen.<\/p>\n<p>De igual manera, indic\u00f3 que, en este evento, la asociaci\u00f3n brindar\u00e1 un reconocimiento a las empresas que cumplen rigurosamente con sus obligaciones tributarias y aquellas que se han distinguido por su responsabilidad social y ecol\u00f3gica. Dicho reconocimiento ser\u00e1 entregado en la ceremonia a fin de visibilizar a empresas ejemplares en el pago de sus impuestos.<\/p>\n<p>Expres\u00f3 que este evento se viene realizando desde hace 17 a\u00f1os y en la edici\u00f3n 2024 ya se tiene un registro importante de negociaciones d varios puntos de la entidad que han confirmado su participaci\u00f3n en este evento.<\/p>\n<p>Finalmente, dio a conocer que en esta ocasi\u00f3n se entregar\u00e1 el distintivo de \u201cempresa fiscalmente responsable\u201d a aquellas que han sido cumplidoras con sus responsabilidades hacendarias, no se especific\u00f3 quienes ser\u00e1n las que recibir\u00e1n este distintivo, concluy\u00f3.<\/p>\n<p>&nbsp;<\/p>\n<p>&nbsp;<\/p>\n","protected":false},"excerpt":{"rendered":"<p>Se realizar\u00e1 el pr\u00f3ximo 15 de noviembre en el Hotel Emporio del puerto de Veracruz. Expertos en materia fiscal informar\u00e1n sobre novedades y retos en materia fiscal a empresarios: Ruiz Hermoso. Irineo P\u00e9rez Melo. \u00a0La Asociaci\u00f3n de M\u00e1ster en Fiscal del Estado de Veracruz (AMFEV), llevar\u00e1 a cabo el XVII Congreso Nacional \u201cPacto Fiscal por M\u00e9xico 2024: Ante la Transici\u00f3n del Pa\u00eds y la Era Digital\u201d, en donde expertos en temas fiscales, jur\u00eddicos, financieros y empresariales, brindar\u00e1n informaci\u00f3n de suma importancia sobre las novedades y retos que enfrentan las empresas en esta materia. Esto lo informo el director de la [&hellip;]<\/p>\n","protected":false},"author":1,"featured_media":18984,"comment_status":"open","ping_status":"open","sticky":false,"template":"","format":"standard","meta":[],"categories":[11],"tags":[],"_links":{"self":[{"href":"http:\/\/www.impactohuasteco.com\/index.php?rest_route=\/wp\/v2\/posts\/18983"}],"collection":[{"href":"http:\/\/www.impactohuasteco.com\/index.php?rest_route=\/wp\/v2\/posts"}],"about":[{"href":"http:\/\/www.impactohuasteco.com\/index.php?rest_route=\/wp\/v2\/types\/post"}],"author":[{"embeddable":true,"href":"http:\/\/www.impactohuasteco.com\/index.php?rest_route=\/wp\/v2\/users\/1"}],"replies":[{"embeddable":true,"href":"http:\/\/www.impactohuasteco.com\/index.php?rest_route=%2Fwp%2Fv2%2Fcomments&post=18983"}],"version-history":[{"count":1,"href":"http:\/\/www.impactohuasteco.com\/index.php?rest_route=\/wp\/v2\/posts\/18983\/revisions"}],"predecessor-version":[{"id":18985,"href":"http:\/\/www.impactohuasteco.com\/index.php?rest_route=\/wp\/v2\/posts\/18983\/revisions\/18985"}],"wp:featuredmedia":[{"embeddable":true,"href":"http:\/\/www.impactohuasteco.com\/index.php?rest_route=\/wp\/v2\/media\/18984"}],"wp:attachment":[{"href":"http:\/\/www.impactohuasteco.com\/index.php?rest_route=%2Fwp%2Fv2%2Fmedia&parent=18983"}],"wp:term":[{"taxonomy":"category","embeddable":true,"href":"http:\/\/www.impactohuasteco.com\/index.php?rest_route=%2Fwp%2Fv2%2Fcategories&post=18983"},{"taxonomy":"post_tag","embeddable":true,"href":"http:\/\/www.impactohuasteco.com\/index.php?rest_route=%2Fwp%2Fv2%2Ftags&post=18983"}],"curies":[{"name":"wp","href":"https:\/\/api.w.org\/{rel}","templated":true}]}}