{"id":18994,"date":"2024-10-29T05:22:14","date_gmt":"2024-10-29T05:22:14","guid":{"rendered":"https:\/\/www.impactohuasteco.com\/?p=18994"},"modified":"2024-10-29T05:22:14","modified_gmt":"2024-10-29T05:22:14","slug":"jueces-de-distrito-y-magistrados-de-circuito-del-7o-circuito-condenan-actos-violentos-contra-juzgadoras-en-chiapas-y-cdmx","status":"publish","type":"post","link":"http:\/\/www.impactohuasteco.com\/?p=18994","title":{"rendered":"JUECES DE DISTRITO Y MAGISTRADOS DE CIRCUITO DEL 7\u00ba CIRCUITO CONDENAN ACTOS VIOLENTOS CONTRA JUZGADORAS EN CHIAPAS Y CDMX"},"content":{"rendered":"<ul>\n<li><strong>Es inaceptable que el Estado ejerzan este tipo de actos en contra de quienes ejercen su derecho a la protesta pac\u00edfica.<\/strong><\/li>\n<li><strong>Acuerdan levantar el paro laboral el pr\u00f3ximo 30 de octubre; no correr\u00e1n t\u00e9rminos de asuntos tramitados, dicen.<\/strong><\/li>\n<\/ul>\n<p>Irineo P\u00e9rez Melo. \u00a0Jueces de Distrito y Magistrados de Circuito del S\u00e9ptimo Circuito con sede en las ciudades de Xalapa, Emiliano Zapata y Villa Aldama condenaron de en\u00e9rgicamente el acto de violencia perpetrado en contra de juzgadoras en la ciudad de Tuxtla Guti\u00e9rrez, Chiapas, as\u00ed como la represi\u00f3n y el encapsulamiento que fueron objeto dos juezas de distrito en la Ciudad de M\u00e9xico, el pasado domingo.<\/p>\n<p>En conferencia de prensa, la jueza Ana Livia S\u00e1nchez Campos, en nombre de sus compa\u00f1eros dio a conocer un pronunciamiento en el que fijan su postura en torno a esa situaci\u00f3n y denuncia, resaltando que m\u00e1s de 100 elementos polic\u00edacos fueron desplegados contra compa\u00f1eros del Poder Judicial de la Federaci\u00f3n, entre los cuales se encontraban las juzgadoras que de forma pac\u00edfica defend\u00edan la independencia judicia<img loading=\"lazy\" class=\" wp-image-18996 alignleft\" src=\"http:\/\/www.impactohuasteco.com\/wp-content\/uploads\/2024\/10\/JUEZ-300x225.jpeg\" alt=\"\" width=\"600\" height=\"450\" srcset=\"http:\/\/www.impactohuasteco.com\/wp-content\/uploads\/2024\/10\/JUEZ-300x225.jpeg 300w, http:\/\/www.impactohuasteco.com\/wp-content\/uploads\/2024\/10\/JUEZ-1024x768.jpeg 1024w, http:\/\/www.impactohuasteco.com\/wp-content\/uploads\/2024\/10\/JUEZ-768x576.jpeg 768w, http:\/\/www.impactohuasteco.com\/wp-content\/uploads\/2024\/10\/JUEZ-1536x1152.jpeg 1536w, http:\/\/www.impactohuasteco.com\/wp-content\/uploads\/2024\/10\/JUEZ-400x300.jpeg 400w, http:\/\/www.impactohuasteco.com\/wp-content\/uploads\/2024\/10\/JUEZ-800x600.jpeg 800w, http:\/\/www.impactohuasteco.com\/wp-content\/uploads\/2024\/10\/JUEZ.jpeg 1600w\" sizes=\"(max-width: 600px) 100vw, 600px\" \/>l como cualquier persona en este pa\u00eds, atentando en contra del derecho de la libre manifestaci\u00f3n.<\/p>\n<p>Por tal motivo, consideraron que es inaceptable que el Estado, en lugar de proteger a quienes ejercen su derecho a la protesta pac\u00edfica, recurran a t\u00e1cticas de represi\u00f3n, violentando la libertad y seguridad de nuestras compa\u00f1eras y colegas, lo cual consideran como una clara violaci\u00f3n a los derechos humanos.<\/p>\n<p>Adem\u00e1s, indicaron que esa acci\u00f3n mostrada por el gobierno de Claudia Sheinbaum , \u201ces una expresi\u00f3n de violencia que busca silenciar a las voces cr\u00edticas y a quienes defienden un Poder Judicial independiente en un contexto de polarizaci\u00f3n creciente en nuestro pa\u00eds, exacerbada por la reforma judicial y los discursos de odio emitidos diariamente desde palacio nacional y el uso de la fuerza policiaca es alarmante e inaceptable\u201d.<\/p>\n<p>Por ello, urgieron \u00abdetener la escalada de violencia y los actos de represi\u00f3n que se han visto en varios lugares en la semana que acaba de concluir en ciudades como en Michoac\u00e1n, Chiapas, Puebla y Ciudad de M\u00e9xico.<\/p>\n<p>\u00abDesde aqu\u00ed hacemos un en\u00e9rgico llamado a la presidenta de la Rep\u00fablica, Claudia Sheinbaum, exigimos el cese de las acciones represivas, el cese de su discurso de odio y la construcci\u00f3n de un entorno de respeto y seguridad para todas y todos\u00bb, abundaron.<\/p>\n<p>Sostuvieron que merecen un pa\u00eds donde el derecho a manifestarse sea respetado y no castigado e invitaron a la sociedad mexicana a unirse a esta demanda de justicia , respeto y paz.<\/p>\n<p>&nbsp;<\/p>\n<p><strong>Concluir\u00e1n paro laboral el 30 de octubre<\/strong><\/p>\n<p>Por otro lado, Ana Livia S\u00e1nchez Campos, Juez de Distrito del S\u00e9ptimo Tribunal Laboral Federal de Asuntos Individuales en el estado de Veracruz con sede en la capital veracruzana y coordinadora de los Tribunales Laborales en esta capital, dio a conocer que con actos de represi\u00f3n el gobierno federal pretende que las y los trabajadores den por concluido el paro de labores, porque no quieren dar marcha atr\u00e1s a una reforma judicial que no beneficia a nadie.<\/p>\n<p>Es por ello que hicieron este pronunciamiento porque los hechos de violencia en su contra se han ido incrementando en algunas ciudades del pa\u00eds y es lo que rechazamos, por lo que se dar\u00e1 por concluido el paro laboral el pr\u00f3ximo 30 de octubre, esto en el S\u00e9ptimo Distrito,<\/p>\n<p>\u201cAprovechamos para dar respuesta de la base trabajadora en la cual se solicitaban d\u00edas para reorganizarse para el regreso de labores (\u2026) los titulares de Xalapa, Villa Aldama y Emiliano Zapata decidimos declarar dos d\u00edas inh\u00e1biles, es decir los d\u00edas 28 y 29 de octubre\u201d, por lo que en atenci\u00f3n a la base trabajadora no correr\u00e1n t\u00e9rminos y estaremos presentes en los \u00f3rganos jurisdiccionales, por certeza jur\u00eddica\u201d, a\u00f1adi\u00f3.<\/p>\n<p>Es de recordar que el paro de labores de las y los trabajadores del PJF inici\u00f3 desde el primer minuto del mi\u00e9rcoles 21 de agosto y a m\u00e1s de dos meses que se sostuvieron las manifestaciones en contra de la Reforma al Poder Judicial, y que, al retornar a laborar, en ning\u00fan momento se est\u00e1n dando por vencidos en la lucha emprendida para revertir esa reforma, se inform\u00f3, por \u00faltimo.<\/p>\n<p>&nbsp;<\/p>\n","protected":false},"excerpt":{"rendered":"<p>Es inaceptable que el Estado ejerzan este tipo de actos en contra de quienes ejercen su derecho a la protesta pac\u00edfica. Acuerdan levantar el paro laboral el pr\u00f3ximo 30 de octubre; no correr\u00e1n t\u00e9rminos de asuntos tramitados, dicen. Irineo P\u00e9rez Melo. \u00a0Jueces de Distrito y Magistrados de Circuito del S\u00e9ptimo Circuito con sede en las ciudades de Xalapa, Emiliano Zapata y Villa Aldama condenaron de en\u00e9rgicamente el acto de violencia perpetrado en contra de juzgadoras en la ciudad de Tuxtla Guti\u00e9rrez, Chiapas, as\u00ed como la represi\u00f3n y el encapsulamiento que fueron objeto dos juezas de distrito en la Ciudad de [&hellip;]<\/p>\n","protected":false},"author":1,"featured_media":18995,"comment_status":"open","ping_status":"open","sticky":false,"template":"","format":"standard","meta":[],"categories":[11],"tags":[],"_links":{"self":[{"href":"http:\/\/www.impactohuasteco.com\/index.php?rest_route=\/wp\/v2\/posts\/18994"}],"collection":[{"href":"http:\/\/www.impactohuasteco.com\/index.php?rest_route=\/wp\/v2\/posts"}],"about":[{"href":"http:\/\/www.impactohuasteco.com\/index.php?rest_route=\/wp\/v2\/types\/post"}],"author":[{"embeddable":true,"href":"http:\/\/www.impactohuasteco.com\/index.php?rest_route=\/wp\/v2\/users\/1"}],"replies":[{"embeddable":true,"href":"http:\/\/www.impactohuasteco.com\/index.php?rest_route=%2Fwp%2Fv2%2Fcomments&post=18994"}],"version-history":[{"count":1,"href":"http:\/\/www.impactohuasteco.com\/index.php?rest_route=\/wp\/v2\/posts\/18994\/revisions"}],"predecessor-version":[{"id":18997,"href":"http:\/\/www.impactohuasteco.com\/index.php?rest_route=\/wp\/v2\/posts\/18994\/revisions\/18997"}],"wp:featuredmedia":[{"embeddable":true,"href":"http:\/\/www.impactohuasteco.com\/index.php?rest_route=\/wp\/v2\/media\/18995"}],"wp:attachment":[{"href":"http:\/\/www.impactohuasteco.com\/index.php?rest_route=%2Fwp%2Fv2%2Fmedia&parent=18994"}],"wp:term":[{"taxonomy":"category","embeddable":true,"href":"http:\/\/www.impactohuasteco.com\/index.php?rest_route=%2Fwp%2Fv2%2Fcategories&post=18994"},{"taxonomy":"post_tag","embeddable":true,"href":"http:\/\/www.impactohuasteco.com\/index.php?rest_route=%2Fwp%2Fv2%2Ftags&post=18994"}],"curies":[{"name":"wp","href":"https:\/\/api.w.org\/{rel}","templated":true}]}}