{"id":19019,"date":"2024-11-26T22:21:57","date_gmt":"2024-11-26T22:21:57","guid":{"rendered":"https:\/\/www.impactohuasteco.com\/?p=19019"},"modified":"2024-11-26T22:24:22","modified_gmt":"2024-11-26T22:24:22","slug":"garantizar-derecho-a-la-movilidad-a-personas-con-discapacidad-pide-diputada","status":"publish","type":"post","link":"http:\/\/www.impactohuasteco.com\/?p=19019","title":{"rendered":"GARANTIZAR DERECHO A LA MOVILIDAD A PERSONAS CON DISCAPACIDAD, PIDE DIPUTADA"},"content":{"rendered":"<ul>\n<li><div style=\"width: 1200px;\" class=\"wp-video\"><!--[if lt IE 9]><script>document.createElement('video');<\/script><![endif]-->\n<video class=\"wp-video-shortcode\" id=\"video-19019-1\" width=\"1200\" height=\"675\" preload=\"metadata\" controls=\"controls\"><source type=\"video\/mp4\" src=\"http:\/\/www.impactohuasteco.com\/wp-content\/uploads\/2024\/11\/VIDEO21NOV2024JANIX.mp4?_=1\" \/><a href=\"http:\/\/www.impactohuasteco.com\/wp-content\/uploads\/2024\/11\/VIDEO21NOV2024JANIX.mp4\">http:\/\/www.impactohuasteco.com\/wp-content\/uploads\/2024\/11\/VIDEO21NOV2024JANIX.mp4<\/a><\/video><\/div>\n<p><strong>Presenta Janix Liliana Castro Mu\u00f1oz propuestas en favor de quienes enfrentan movilidad reducida<\/strong><\/li>\n<\/ul>\n<p><strong>\u00a0Cleofas Hern\u00e1ndez.<\/strong><\/p>\n<p><strong>Xalapa, Ver.,<\/strong> 21 de noviembre de 2024.- El reconocimiento pleno para que las personas con discapacidad tengan derecho a la movilidad con la mayor independencia posible, seguridad en los espacios p\u00fablicos y facilidades para el acceso y desplazamiento libres de obst\u00e1culos en la v\u00eda p\u00fablica, es el contenido de la Iniciativa presentada por la diputada Janix Liliana Castro Mu\u00f1oz.<\/p>\n<p><img loading=\"lazy\" class=\"alignnone  wp-image-19020\" src=\"http:\/\/www.impactohuasteco.com\/wp-content\/uploads\/2024\/11\/thumbnail_NOV21NOV2024JANIX1-300x200.jpg\" alt=\"\" width=\"543\" height=\"362\" srcset=\"http:\/\/www.impactohuasteco.com\/wp-content\/uploads\/2024\/11\/thumbnail_NOV21NOV2024JANIX1-300x200.jpg 300w, http:\/\/www.impactohuasteco.com\/wp-content\/uploads\/2024\/11\/thumbnail_NOV21NOV2024JANIX1-1024x684.jpg 1024w, http:\/\/www.impactohuasteco.com\/wp-content\/uploads\/2024\/11\/thumbnail_NOV21NOV2024JANIX1-768x513.jpg 768w, http:\/\/www.impactohuasteco.com\/wp-content\/uploads\/2024\/11\/thumbnail_NOV21NOV2024JANIX1-1536x1026.jpg 1536w, http:\/\/www.impactohuasteco.com\/wp-content\/uploads\/2024\/11\/thumbnail_NOV21NOV2024JANIX1-400x267.jpg 400w, http:\/\/www.impactohuasteco.com\/wp-content\/uploads\/2024\/11\/thumbnail_NOV21NOV2024JANIX1-899x600.jpg 899w, http:\/\/www.impactohuasteco.com\/wp-content\/uploads\/2024\/11\/thumbnail_NOV21NOV2024JANIX1.jpg 1920w\" sizes=\"(max-width: 543px) 100vw, 543px\" \/><\/p>\n<p>Durante su participaci\u00f3n en la Cuarta Sesi\u00f3n Ordinaria del Primer Per\u00edodo Ordinario del Primer A\u00f1o de Ejercicio Constitucional, la legisladora invoc\u00f3 la Ley General para la Inclusi\u00f3n de las Personas con Discapacidad, expedida en 2011, que establece las condiciones m\u00ednimas en las que el Estado debe promover, proteger y asegurar el pleno ejercicio de los derechos humanos y libertades fundamentales de las personas con discapacidad, asegurando su plena inclusi\u00f3n a la sociedad en un marco de respeto, igualdad y equiparaci\u00f3n de oportunidades.<\/p>\n<p><strong><img loading=\"lazy\" class=\" wp-image-19021 alignleft\" src=\"http:\/\/www.impactohuasteco.com\/wp-content\/uploads\/2024\/11\/thumbnail_NOV21NOV2024JANIX2-300x200.jpg\" alt=\"\" width=\"567\" height=\"378\" srcset=\"http:\/\/www.impactohuasteco.com\/wp-content\/uploads\/2024\/11\/thumbnail_NOV21NOV2024JANIX2-300x200.jpg 300w, http:\/\/www.impactohuasteco.com\/wp-content\/uploads\/2024\/11\/thumbnail_NOV21NOV2024JANIX2-1024x684.jpg 1024w, http:\/\/www.impactohuasteco.com\/wp-content\/uploads\/2024\/11\/thumbnail_NOV21NOV2024JANIX2-768x513.jpg 768w, http:\/\/www.impactohuasteco.com\/wp-content\/uploads\/2024\/11\/thumbnail_NOV21NOV2024JANIX2-1536x1026.jpg 1536w, http:\/\/www.impactohuasteco.com\/wp-content\/uploads\/2024\/11\/thumbnail_NOV21NOV2024JANIX2-400x267.jpg 400w, http:\/\/www.impactohuasteco.com\/wp-content\/uploads\/2024\/11\/thumbnail_NOV21NOV2024JANIX2-899x600.jpg 899w, http:\/\/www.impactohuasteco.com\/wp-content\/uploads\/2024\/11\/thumbnail_NOV21NOV2024JANIX2.jpg 1920w\" sizes=\"(max-width: 567px) 100vw, 567px\" \/><\/strong>Desde la tribuna, la representante popular se\u00f1al\u00f3 que, de acuerdo con el Censo de Poblaci\u00f3n y Vivienda 2020, en M\u00e9xico habitan m\u00e1s de seis millones de personas con alg\u00fan tipo de discapacidad, 4.9 por ciento de la poblaci\u00f3n total, de las cuales 53 por ciento son mujeres y 47 por ciento hombres.<\/p>\n<p>&nbsp;<\/p>\n<p>Tambi\u00e9n advirti\u00f3 que la falta de accesibilidad es el principal obst\u00e1culo al que se enfrentan las personas con movilidad reducida. Eso se traduce, dijo, en la falta de se\u00f1alizaci\u00f3n y personal de asistencia, tanto en lugares p\u00fablicos y abiertos.<\/p>\n<p>&nbsp;<\/p>\n<p>Ante lo cual, la legisladora destac\u00f3 la necesidad de que el transporte p\u00fablico y privado se adapten a las necesidades f\u00edsicas, econ\u00f3micas con descuentos favorables a los viajeros; adem\u00e1s de adaptar y establecer programas de apoyo principalmente en los espacios p\u00fablicos y de trasporte.<\/p>\n<p>&nbsp;<\/p>\n<p>De acuerdo con lo planteado, \u201clas personas con discapacidad tienen derecho a la movilidad con la mayor independencia posible, con seguridad en los espacios p\u00fablicos y facilidades para el acceso y desplazamiento libres de obst\u00e1culos en la v\u00eda p\u00fablica\u201d. Por lo que propone que se promueva:<\/p>\n<p>&nbsp;<\/p>\n<p>Que, en la concesi\u00f3n del servicio p\u00fablico de transporte de pasajeros, las unidades e instalaciones faciliten a las personas con discapacidad, especificaciones t\u00e9cnicas que permitan el acceso, uso y libre desplazamiento en igualdad de condiciones que las dem\u00e1s, y garantizar su cumplimiento.<\/p>\n<p>&nbsp;<\/p>\n<p>Programas y campa\u00f1as de educaci\u00f3n vial e inclusi\u00f3n de personas con discapacidad con el fin de evitar cualquier tipo de discriminaci\u00f3n en el uso del servicio p\u00fablico de transporte de pasajeros.<\/p>\n<p>&nbsp;<\/p>\n<p>Convenios con los concesionarios del servicio p\u00fablico de transporte de pasajeros a fin de que las personas con discapacidad gocen de descuentos en las tarifas en el uso de dicho servicio.<\/p>\n<p>&nbsp;<\/p>\n<p>Convenios con particulares para prestar el servicio privado de transporte de pasajeros a las personas con discapacidad.<\/p>\n<p>&nbsp;<\/p>\n<p>En las vialidades y en los nuevos desarrollos, la construcci\u00f3n de v\u00edas peatonales con criterios de dise\u00f1o universal que sean accesibles a personas con discapacidad.<\/p>\n<p>&nbsp;<\/p>\n<p>A esta Iniciativa, turnada a las comisiones permanentes unidas de Derechos Humanos y Atenci\u00f3n a Grupos Vulnerables y de Transporte, Tr\u00e1nsito y Vialidad, se adhirieron la diputada Ana Rosa Vald\u00e9s Salazar, los grupos legislativos del Partido del Trabajo (PT) y del Partido Verde Ecologista de M\u00e9xico (PVEM), as\u00ed como la diputada Mar\u00eda Elena C\u00f3rdova Molina y el legislador Adri\u00e1n Sigfrido \u00c1vila Estrada, ambos del partido Movimiento Ciudadano (MC).<\/p>\n<p>&nbsp;<\/p>\n<p>&nbsp;<\/p>\n<p>&nbsp;<\/p>\n","protected":false},"excerpt":{"rendered":"<p>Presenta Janix Liliana Castro Mu\u00f1oz propuestas en favor de quienes enfrentan movilidad reducida \u00a0Cleofas Hern\u00e1ndez. Xalapa, Ver., 21 de noviembre de 2024.- El reconocimiento pleno para que las personas con discapacidad tengan derecho a la movilidad con la mayor independencia posible, seguridad en los espacios p\u00fablicos y facilidades para el acceso y desplazamiento libres de obst\u00e1culos en la v\u00eda p\u00fablica, es el contenido de la Iniciativa presentada por la diputada Janix Liliana Castro Mu\u00f1oz. Durante su participaci\u00f3n en la Cuarta Sesi\u00f3n Ordinaria del Primer Per\u00edodo Ordinario del Primer A\u00f1o de Ejercicio Constitucional, la legisladora invoc\u00f3 la Ley General para la [&hellip;]<\/p>\n","protected":false},"author":1,"featured_media":19020,"comment_status":"open","ping_status":"open","sticky":false,"template":"","format":"video","meta":[],"categories":[11],"tags":[],"_links":{"self":[{"href":"http:\/\/www.impactohuasteco.com\/index.php?rest_route=\/wp\/v2\/posts\/19019"}],"collection":[{"href":"http:\/\/www.impactohuasteco.com\/index.php?rest_route=\/wp\/v2\/posts"}],"about":[{"href":"http:\/\/www.impactohuasteco.com\/index.php?rest_route=\/wp\/v2\/types\/post"}],"author":[{"embeddable":true,"href":"http:\/\/www.impactohuasteco.com\/index.php?rest_route=\/wp\/v2\/users\/1"}],"replies":[{"embeddable":true,"href":"http:\/\/www.impactohuasteco.com\/index.php?rest_route=%2Fwp%2Fv2%2Fcomments&post=19019"}],"version-history":[{"count":3,"href":"http:\/\/www.impactohuasteco.com\/index.php?rest_route=\/wp\/v2\/posts\/19019\/revisions"}],"predecessor-version":[{"id":19025,"href":"http:\/\/www.impactohuasteco.com\/index.php?rest_route=\/wp\/v2\/posts\/19019\/revisions\/19025"}],"wp:featuredmedia":[{"embeddable":true,"href":"http:\/\/www.impactohuasteco.com\/index.php?rest_route=\/wp\/v2\/media\/19020"}],"wp:attachment":[{"href":"http:\/\/www.impactohuasteco.com\/index.php?rest_route=%2Fwp%2Fv2%2Fmedia&parent=19019"}],"wp:term":[{"taxonomy":"category","embeddable":true,"href":"http:\/\/www.impactohuasteco.com\/index.php?rest_route=%2Fwp%2Fv2%2Fcategories&post=19019"},{"taxonomy":"post_tag","embeddable":true,"href":"http:\/\/www.impactohuasteco.com\/index.php?rest_route=%2Fwp%2Fv2%2Ftags&post=19019"}],"curies":[{"name":"wp","href":"https:\/\/api.w.org\/{rel}","templated":true}]}}