{"id":19211,"date":"2025-02-25T02:38:17","date_gmt":"2025-02-25T02:38:17","guid":{"rendered":"https:\/\/www.impactohuasteco.com\/?p=19211"},"modified":"2025-02-25T02:38:17","modified_gmt":"2025-02-25T02:38:17","slug":"el-desconocimiento-tambien-genera-odio","status":"publish","type":"post","link":"http:\/\/www.impactohuasteco.com\/?p=19211","title":{"rendered":"EL DESCONOCIMIENTO TAMBI\u00c9N GENERA ODIO"},"content":{"rendered":"<p>Por: Zaira Rosas<\/p>\n<p>Zairosas.22@gmail.com<\/p>\n<p>Una ni\u00f1a de 13 a\u00f1os cae de un tercer piso, al momento se desconoce si fue empujada por alguien en su secundaria o si verdaderamente tuvo un accidente, pero se sabe con certeza que la menor llevaba meses siendo v\u00edctima de Bullying. El resultado de su ca\u00edda son m\u00faltiples fracturas de cadera y pelvis que la mantienen grave en un hospital y se presenta la probabilidad de que no vuelva a caminar.<img loading=\"lazy\" class=\" wp-image-18559 alignleft\" src=\"http:\/\/www.impactohuasteco.com\/wp-content\/uploads\/2024\/04\/zaira-riosas.jpeg\" alt=\"\" width=\"486\" height=\"324\" \/><\/p>\n<p>El padre de la menor, Juan Zavala puso una denuncia, se\u00f1ala que cree que su hija fue empujada pues llevaba meses siendo atacada por estudiantes que tiene identificados, quienes la molestaban, golpeaban y acosaban virtualmente por ser fan del K pop, esto ha hecho que hasta la embajada de Corea del Sur se pronunciara al respecto, destacando que su cultura promueve la diversidad y rechazan toda acci\u00f3n de odio. Lo mismo m\u00faltiples seguidores del K pop, piden justicia recalcando que ser fan no es un crimen, el odio s\u00ed.<\/p>\n<p>Juan Zavala, padre de F\u00e1tima ha responsabilizado a la escuela secundaria donde su hija acud\u00eda de los hechos pues adem\u00e1s de haber acudido m\u00faltiples ocasiones a decir que su hija estaba siendo atacada y no haber recibido respuesta por parte de las autoridades escolares, el incidente tampoco fue manejado de la mejor manera.<img loading=\"lazy\" class=\" wp-image-18062 alignleft\" src=\"http:\/\/www.impactohuasteco.com\/wp-content\/uploads\/2023\/11\/Sin-titulo-1-10-300x181.jpg\" alt=\"\" width=\"549\" height=\"331\" srcset=\"http:\/\/www.impactohuasteco.com\/wp-content\/uploads\/2023\/11\/Sin-titulo-1-10-300x181.jpg 300w, http:\/\/www.impactohuasteco.com\/wp-content\/uploads\/2023\/11\/Sin-titulo-1-10-768x463.jpg 768w, http:\/\/www.impactohuasteco.com\/wp-content\/uploads\/2023\/11\/Sin-titulo-1-10-400x241.jpg 400w, http:\/\/www.impactohuasteco.com\/wp-content\/uploads\/2023\/11\/Sin-titulo-1-10.jpg 865w\" sizes=\"(max-width: 549px) 100vw, 549px\" \/><\/p>\n<p>\u00bfQui\u00e9nes son verdaderamente responsables ante este caso y todas las consecuencias que ha sufrido F\u00e1tima? \u00bfson los padres de quienes la molestaban por la falta de educaci\u00f3n en valores y respeto? \u00bffue la escuela por no actuar de manera oportuna? \u00bfes la Secretar\u00eda de Educaci\u00f3n por no contar con protocolos actualizados ante estas circunstancias? \u00bfsomos responsables todos al permitir que estos atentados queden impunes y los ignoramos porque \u201cas\u00ed son los ni\u00f1os?<img loading=\"lazy\" class=\" wp-image-18309 alignleft\" src=\"http:\/\/www.impactohuasteco.com\/wp-content\/uploads\/2024\/01\/Sin-titulo-4-1-300x190.jpg\" alt=\"\" width=\"489\" height=\"310\" srcset=\"http:\/\/www.impactohuasteco.com\/wp-content\/uploads\/2024\/01\/Sin-titulo-4-1-300x190.jpg 300w, http:\/\/www.impactohuasteco.com\/wp-content\/uploads\/2024\/01\/Sin-titulo-4-1-400x253.jpg 400w, http:\/\/www.impactohuasteco.com\/wp-content\/uploads\/2024\/01\/Sin-titulo-4-1.jpg 665w\" sizes=\"(max-width: 489px) 100vw, 489px\" \/><\/p>\n<p>Ciertamente desde la Secretar\u00eda de Educaci\u00f3n podr\u00e1n decir que se cuentan con procesos a seguir ante estas circunstancias, sin embargo, si preguntamos a los m\u00faltiples profesores de escuelas p\u00fablicas si saben c\u00f3mo actuar al respecto seguramente no, porque desgraciadamente la teor\u00eda en nada se compara con estar frente a un grupo y pocas veces las capacitaciones que reciben las y los docentes en escuelas p\u00fablicas van acorde a la realidad situada que se vive en distintas partes de la rep\u00fablica.<\/p>\n<p>Es probable que se hayan presentado actos de omisi\u00f3n por parte de la escuela al minimizar la situaci\u00f3n que F\u00e1tima viv\u00eda, pues incluso fue diagnosticada con depresi\u00f3n y la menor relataba no querer ir a la escuela debido al hostigamiento del que era v\u00edctima, pero tambi\u00e9n hay grandes omisiones en los entornos familiares que hacen que otros menores se vuelvan perpetradores de odio ante los intereses de otra persona.<img loading=\"lazy\" class=\" wp-image-18560 alignleft\" src=\"http:\/\/www.impactohuasteco.com\/wp-content\/uploads\/2024\/04\/zaira-450x400-1-300x267.jpg\" alt=\"\" width=\"556\" height=\"495\" srcset=\"http:\/\/www.impactohuasteco.com\/wp-content\/uploads\/2024\/04\/zaira-450x400-1-300x267.jpg 300w, http:\/\/www.impactohuasteco.com\/wp-content\/uploads\/2024\/04\/zaira-450x400-1-400x356.jpg 400w, http:\/\/www.impactohuasteco.com\/wp-content\/uploads\/2024\/04\/zaira-450x400-1.jpg 450w\" sizes=\"(max-width: 556px) 100vw, 556px\" \/><\/p>\n<p>En m\u00faltiples ocasiones el bullying es una cadena que comienza en casa y la escuela puede marcar una diferencia mediante la formaci\u00f3n emp\u00e1tica y la realizaci\u00f3n de actividades que nos permita aceptar y entender la diversidad, sin embargo otra gran parte formativa se da en el hogar y entornos externos, por ende lo ocurrido con F\u00e1tima tambi\u00e9n es responsabilidad de las familias de esos menores que tanto la agredieron y si esos entornos no propician tampoco los cuidados y formaci\u00f3n adecuada entonces somos responsables todos por seguir en la indiferencia ante realidades que creemos son ajenas.<\/p>\n<p>La presidenta Claudia Sheinbaum ya orden\u00f3 la continuidad y profunda investigaci\u00f3n del caso, a\u00fan no se comprueba que la ca\u00edda de F\u00e1tima fue ocasionada por otra persona, pero s\u00ed est\u00e1 comprobado el bullying, de ah\u00ed la necesidad de que se creen procesos adecuados para evitar que en otras instituciones se sigan presentando m\u00e1s v\u00edctimas. Nuestras juventudes e infancias tienen el derecho a la protecci\u00f3n de su vida.<\/p>\n","protected":false},"excerpt":{"rendered":"<p>Por: Zaira Rosas Zairosas.22@gmail.com Una ni\u00f1a de 13 a\u00f1os cae de un tercer piso, al momento se desconoce si fue empujada por alguien en su secundaria o si verdaderamente tuvo un accidente, pero se sabe con certeza que la menor llevaba meses siendo v\u00edctima de Bullying. El resultado de su ca\u00edda son m\u00faltiples fracturas de cadera y pelvis que la mantienen grave en un hospital y se presenta la probabilidad de que no vuelva a caminar. El padre de la menor, Juan Zavala puso una denuncia, se\u00f1ala que cree que su hija fue empujada pues llevaba meses siendo atacada por [&hellip;]<\/p>\n","protected":false},"author":1,"featured_media":18562,"comment_status":"open","ping_status":"open","sticky":false,"template":"","format":"standard","meta":[],"categories":[11],"tags":[],"_links":{"self":[{"href":"http:\/\/www.impactohuasteco.com\/index.php?rest_route=\/wp\/v2\/posts\/19211"}],"collection":[{"href":"http:\/\/www.impactohuasteco.com\/index.php?rest_route=\/wp\/v2\/posts"}],"about":[{"href":"http:\/\/www.impactohuasteco.com\/index.php?rest_route=\/wp\/v2\/types\/post"}],"author":[{"embeddable":true,"href":"http:\/\/www.impactohuasteco.com\/index.php?rest_route=\/wp\/v2\/users\/1"}],"replies":[{"embeddable":true,"href":"http:\/\/www.impactohuasteco.com\/index.php?rest_route=%2Fwp%2Fv2%2Fcomments&post=19211"}],"version-history":[{"count":1,"href":"http:\/\/www.impactohuasteco.com\/index.php?rest_route=\/wp\/v2\/posts\/19211\/revisions"}],"predecessor-version":[{"id":19212,"href":"http:\/\/www.impactohuasteco.com\/index.php?rest_route=\/wp\/v2\/posts\/19211\/revisions\/19212"}],"wp:featuredmedia":[{"embeddable":true,"href":"http:\/\/www.impactohuasteco.com\/index.php?rest_route=\/wp\/v2\/media\/18562"}],"wp:attachment":[{"href":"http:\/\/www.impactohuasteco.com\/index.php?rest_route=%2Fwp%2Fv2%2Fmedia&parent=19211"}],"wp:term":[{"taxonomy":"category","embeddable":true,"href":"http:\/\/www.impactohuasteco.com\/index.php?rest_route=%2Fwp%2Fv2%2Fcategories&post=19211"},{"taxonomy":"post_tag","embeddable":true,"href":"http:\/\/www.impactohuasteco.com\/index.php?rest_route=%2Fwp%2Fv2%2Ftags&post=19211"}],"curies":[{"name":"wp","href":"https:\/\/api.w.org\/{rel}","templated":true}]}}