{"id":19875,"date":"2026-01-24T04:46:09","date_gmt":"2026-01-24T04:46:09","guid":{"rendered":"https:\/\/www.impactohuasteco.com\/?p=19875"},"modified":"2026-01-24T04:46:09","modified_gmt":"2026-01-24T04:46:09","slug":"se-incrementan-denuncias-de-mujeres-victimas-de-violencia-familiar-hay-machismo-arraigado-cejum","status":"publish","type":"post","link":"http:\/\/www.impactohuasteco.com\/?p=19875","title":{"rendered":"SE INCREMENTAN DENUNCIAS DE MUJERES V\u00cdCTIMAS DE VIOLENCIA FAMILIAR; HAY MACHISMO ARRAIGADO: CEJUM"},"content":{"rendered":"<ul>\n<li><strong>\u2002Por falta de confianza, la mayor\u00eda de las mujeres no formalizan sus quejas, por lo que se brinda asesor\u00eda y campa\u00f1as permanentes de prevenci\u00f3n: Ortega Medina<\/strong><\/li>\n<\/ul>\n<p>Irineo P\u00e9rez Melo. \u00a0En lo que va del presente a\u00f1o, el Centro de Justicia para las Mujeres del Estado de Veracruz (Cejum) registr\u00f3 una gran afluencia de denuncias, asegur\u00f3 Pamela Alejandra Ortega Medina, coordinadora de este organismo, quien se\u00f1al\u00f3 que por falta de confianza la mayor\u00eda de las mujeres no formalizan sus quejas.<\/p>\n<p>En el marco de la ceremonia de inauguraci\u00f3n de la Feria de Servicios Por Amor a las Mujeres, la funcionaria estatal destac\u00f3 que el reto para el 2026, se busca que un mayor n\u00famero de v\u00edctimas de violencia familiar acusan a denunciar y darles el acompa\u00f1amiento necesario.<\/p>\n<p>Sin precisar la incidencia de agresiones, la titular del CEJUM destac\u00f3 que los casos no disminuyen, sobre todo debido a diversos factores, como la educaci\u00f3n y la cultura en M\u00e9xico: \u201cHay un machismo muy arraigado\u201d, recalc\u00f3.<\/p>\n<p>Admiti\u00f3 que este problema se evidencia en el CEJUM con mayor incidencia despu\u00e9s de los periodos vacacionales de diciembre y de verano. Los casos m\u00e1s recurrentes son por violencia familiar-<\/p>\n<p>Lament\u00f3 que la mayor\u00eda de quienes acuden a la instituci\u00f3n terminan retirando la denuncia por miedo a represalias de sus parejas o familiares, de ah\u00ed que se han echado a cuestas, para atender este problema, a trav\u00e9s de campa\u00f1as de prevenci\u00f3n y difusi\u00f3n sobre los servicios que ofrece el organismo que encabeza.<\/p>\n<p>\u201cSe mantienen campa\u00f1as permanentes de fomento a la denuncia para que las mujeres se sientan acompa\u00f1adas\u201d, subray\u00f3.<\/p>\n<p>Destac\u00f3 la importancia de que los servidores p\u00fablicos, tanto del Cejum como de otras dependencias, est\u00e9n capacitados y sensibilizados para brindar una atenci\u00f3n adecuada y dar el seguimiento correspondiente.<\/p>\n<p>Insisti\u00f3 que el reto para este a\u00f1o es ampliar los servicios y trabajar de la mano con todas las instituciones pertinentes para incrementar el \u00edndice de denuncias: \u201cQueremos que las usuarias se animen a denunciar en mayor n\u00famero y tengan la confianza de acercarse a nosotros\u201d, enfatiz\u00f3.<\/p>\n<p>Es de mencionar que este viernes en el Parque Benito Ju\u00e1rez de la ciudad de Xalapa se realiz\u00f3 la Feria de Servicio Por Amor a las Mujeres, en donde diversas instituciones ofrecieron asesor\u00edas y atendieron a las mujeres que se acercaron en busca de ayuda.<\/p>\n<p>Finalmente, hizo extensiva la invitaci\u00f3n a la ciudadan\u00eda en general a acudir a estas ferias para aprovechar los servicios que en estas ferias se brindan sin costo alguno.<\/p>\n<p>&nbsp;<\/p>\n","protected":false},"excerpt":{"rendered":"<p>\u2002Por falta de confianza, la mayor\u00eda de las mujeres no formalizan sus quejas, por lo que se brinda asesor\u00eda y campa\u00f1as permanentes de prevenci\u00f3n: Ortega Medina Irineo P\u00e9rez Melo. \u00a0En lo que va del presente a\u00f1o, el Centro de Justicia para las Mujeres del Estado de Veracruz (Cejum) registr\u00f3 una gran afluencia de denuncias, asegur\u00f3 Pamela Alejandra Ortega Medina, coordinadora de este organismo, quien se\u00f1al\u00f3 que por falta de confianza la mayor\u00eda de las mujeres no formalizan sus quejas. En el marco de la ceremonia de inauguraci\u00f3n de la Feria de Servicios Por Amor a las Mujeres, la funcionaria estatal [&hellip;]<\/p>\n","protected":false},"author":1,"featured_media":19876,"comment_status":"open","ping_status":"open","sticky":false,"template":"","format":"standard","meta":[],"categories":[11],"tags":[],"_links":{"self":[{"href":"http:\/\/www.impactohuasteco.com\/index.php?rest_route=\/wp\/v2\/posts\/19875"}],"collection":[{"href":"http:\/\/www.impactohuasteco.com\/index.php?rest_route=\/wp\/v2\/posts"}],"about":[{"href":"http:\/\/www.impactohuasteco.com\/index.php?rest_route=\/wp\/v2\/types\/post"}],"author":[{"embeddable":true,"href":"http:\/\/www.impactohuasteco.com\/index.php?rest_route=\/wp\/v2\/users\/1"}],"replies":[{"embeddable":true,"href":"http:\/\/www.impactohuasteco.com\/index.php?rest_route=%2Fwp%2Fv2%2Fcomments&post=19875"}],"version-history":[{"count":1,"href":"http:\/\/www.impactohuasteco.com\/index.php?rest_route=\/wp\/v2\/posts\/19875\/revisions"}],"predecessor-version":[{"id":19877,"href":"http:\/\/www.impactohuasteco.com\/index.php?rest_route=\/wp\/v2\/posts\/19875\/revisions\/19877"}],"wp:featuredmedia":[{"embeddable":true,"href":"http:\/\/www.impactohuasteco.com\/index.php?rest_route=\/wp\/v2\/media\/19876"}],"wp:attachment":[{"href":"http:\/\/www.impactohuasteco.com\/index.php?rest_route=%2Fwp%2Fv2%2Fmedia&parent=19875"}],"wp:term":[{"taxonomy":"category","embeddable":true,"href":"http:\/\/www.impactohuasteco.com\/index.php?rest_route=%2Fwp%2Fv2%2Fcategories&post=19875"},{"taxonomy":"post_tag","embeddable":true,"href":"http:\/\/www.impactohuasteco.com\/index.php?rest_route=%2Fwp%2Fv2%2Ftags&post=19875"}],"curies":[{"name":"wp","href":"https:\/\/api.w.org\/{rel}","templated":true}]}}