{"id":20113,"date":"2026-04-27T03:13:38","date_gmt":"2026-04-27T03:13:38","guid":{"rendered":"https:\/\/www.impactohuasteco.com\/?p=20113"},"modified":"2026-04-27T03:13:38","modified_gmt":"2026-04-27T03:13:38","slug":"gobierno-de-rocio-nahle-hace-justicia-a-sindicalizados-de-espacios-educativos-al-otorgar-seguridad-social-a-136-trabajadores","status":"publish","type":"post","link":"http:\/\/www.impactohuasteco.com\/?p=20113","title":{"rendered":"GOBIERNO DE ROC\u00cdO NAHLE HACE JUSTICIA A SINDICALIZADOS DE ESPACIOS EDUCATIVOS AL OTORGAR SEGURIDAD SOCIAL A 136 TRABAJADORES"},"content":{"rendered":"<ul>\n<li><strong>Se formaliza convenio con el IPE para dar est\u00e1 prestaci\u00f3n a estos servidores p\u00fablicos: J\u00e1come Mac\u00edas.<\/strong><\/li>\n<li><strong>\u2002Cuando se tiene voluntad, existe la Justicia Laboral y agradece a funcionarios y organizaciones sindicales que los respaldaron.<\/strong><\/li>\n<\/ul>\n<p>Irineo P\u00e9rez Melo. Despu\u00e9s de 30 a\u00f1os de lucha por ser incorporados a la seguridad social, por fin la justicia laboral ser\u00e1 aplicada para los 136 sindicalizados, que laboran en el Instituto de Espacios Educativos del Estado de Veracruz (IEEV), inform\u00f3 Carlos David J\u00e1come Mac\u00edas, \u00a0Sindicato \u00danico de Trabajadores al Servicio del Instituto de Espacios Educativos del Estado de Veracruz.<\/p>\n<p>En entrevista, el dirigente sindical dio a conocer que por instrucciones de la gobernadora Roc\u00edo Nahle Garc\u00eda se concluyera inmediatamente la firma y tr\u00e1mite correspondientes de la integraci\u00f3n de los trabajadores de Espacio Educativos al Instituto de Pensiones del Estado (IPE).<\/p>\n<p>Expres\u00f3 que para tal fin, Lic. Ricardo Ahued Bardahuil Secretario de Gobierno y Lic. Jos\u00e9 Manuel Pozos Castro \u00a0subsecretario de Gobierno, respectivamente, intervinieron para que el Secretario del Trabajo, Previsi\u00f3n Social y Productividad (STPSyP) del Estado, Mtro. Luis Arturo Santiago Mart\u00ednez, diera seguimiento correspondiente en una mesa de trabajo efectuada el 22 de Abril del 2026, y resolver las problem\u00e1ticas que presentaba SUTSIEEEV, en cumplimiento del \u00a0tr\u00e1mite enviado por el IPE el 18 de marzo 2026 a trav\u00e9s del oficio D.G.\/6000\/0551\/2026.<\/p>\n<p>De esta manera, dijo que con fecha 22 de abril del a\u00f1o en curso a las 17:52 horas qued\u00f3 ingresado el convenio correspondiente firmado con efectos retroactivos de 15 de abril del 2026 autorizada por licenciado Guilebaldo Flores L\u00f3pez, Director General del Instituto de Espacios Educativos, con lo que se garantiza la seguridad social para una parte de los Trabajadores.<\/p>\n<p>Record\u00f3 que algunos de ellos llevan casi 30 a\u00f1os, y varios ya son adultos mayores, que por esta situaci\u00f3n no ten\u00edan derecho a una jubilaci\u00f3n digna para retirarse de su vida laboral, por lo que agradeci\u00f3 a la titular del Ejecutivo del Estado la voluntad pol\u00edtica y su buena disposici\u00f3n para otorgar este beneficio a los agremiados al SUTSIEEEV.<\/p>\n<p>Aprovech\u00f3 la oportunidad para tambi\u00e9n manifestar su agradecimiento a servidores p\u00fablicos que de una u otra manera fueron piedra angular para lograr este beneficio a los sindicalizados.<\/p>\n<p>Adem\u00e1s de los ya mencionados, a la Dra. Claudia Tello Espinoza, secretaria de Educaci\u00f3n de Veracruz; diputado Esteban Bautista Hern\u00e1ndez, presidente de la Junta de Coordinaci\u00f3n Pol\u00edtica del Congreso del Estado; Daniela Griego Ceballos, presidenta municipal de Xalapa; maestro Luis Octavio Hern\u00e1ndez Lara, director del IPE; Diputada Bertha Ahued Malpica y Lic. Olga Morales del Valle, secretaria general de la Federaci\u00f3n Regional Xalape\u00f1a CROC.<\/p>\n<p>De igual manera, a todos sus colaboradores que nos asesoraron durante todo el trayecto, ya que sin su respaldo no hubiera sido posible este gran logro.<\/p>\n<p>Tambi\u00e9n brindaron su respaldo y solidaridad federaciones sindicales como: CROC, CTM y FAOCV, as\u00ed como organizaciones independientes: MOPI-VER, VIVE.<\/p>\n<p>Asimismo, los sindicatos: SDTEV, SNTE 56, SNTE 32, STSPEV, SIDEPEV, SEPEV, SIEV, STESSASDMEV, Sindicatos de los Poderes Ejecutivo, Judicial y Legislativo, Fiscal\u00eda General del Estado y Grupos Magisteriales.<\/p>\n<p>Por \u00faltimo, celebr\u00f3 este logro de esta 1\u00aa integraci\u00f3n y damos por hecho que es el inicio de muchos objetivos m\u00e1s, por lo que trabajaremos incansablemente en beneficio de la base trabajadora, concluy\u00f3.<\/p>\n<p>&nbsp;<\/p>\n","protected":false},"excerpt":{"rendered":"<p>Se formaliza convenio con el IPE para dar est\u00e1 prestaci\u00f3n a estos servidores p\u00fablicos: J\u00e1come Mac\u00edas. \u2002Cuando se tiene voluntad, existe la Justicia Laboral y agradece a funcionarios y organizaciones sindicales que los respaldaron. Irineo P\u00e9rez Melo. Despu\u00e9s de 30 a\u00f1os de lucha por ser incorporados a la seguridad social, por fin la justicia laboral ser\u00e1 aplicada para los 136 sindicalizados, que laboran en el Instituto de Espacios Educativos del Estado de Veracruz (IEEV), inform\u00f3 Carlos David J\u00e1come Mac\u00edas, \u00a0Sindicato \u00danico de Trabajadores al Servicio del Instituto de Espacios Educativos del Estado de Veracruz. En entrevista, el dirigente sindical dio [&hellip;]<\/p>\n","protected":false},"author":1,"featured_media":20114,"comment_status":"open","ping_status":"open","sticky":false,"template":"","format":"standard","meta":[],"categories":[11],"tags":[],"_links":{"self":[{"href":"http:\/\/www.impactohuasteco.com\/index.php?rest_route=\/wp\/v2\/posts\/20113"}],"collection":[{"href":"http:\/\/www.impactohuasteco.com\/index.php?rest_route=\/wp\/v2\/posts"}],"about":[{"href":"http:\/\/www.impactohuasteco.com\/index.php?rest_route=\/wp\/v2\/types\/post"}],"author":[{"embeddable":true,"href":"http:\/\/www.impactohuasteco.com\/index.php?rest_route=\/wp\/v2\/users\/1"}],"replies":[{"embeddable":true,"href":"http:\/\/www.impactohuasteco.com\/index.php?rest_route=%2Fwp%2Fv2%2Fcomments&post=20113"}],"version-history":[{"count":1,"href":"http:\/\/www.impactohuasteco.com\/index.php?rest_route=\/wp\/v2\/posts\/20113\/revisions"}],"predecessor-version":[{"id":20115,"href":"http:\/\/www.impactohuasteco.com\/index.php?rest_route=\/wp\/v2\/posts\/20113\/revisions\/20115"}],"wp:featuredmedia":[{"embeddable":true,"href":"http:\/\/www.impactohuasteco.com\/index.php?rest_route=\/wp\/v2\/media\/20114"}],"wp:attachment":[{"href":"http:\/\/www.impactohuasteco.com\/index.php?rest_route=%2Fwp%2Fv2%2Fmedia&parent=20113"}],"wp:term":[{"taxonomy":"category","embeddable":true,"href":"http:\/\/www.impactohuasteco.com\/index.php?rest_route=%2Fwp%2Fv2%2Fcategories&post=20113"},{"taxonomy":"post_tag","embeddable":true,"href":"http:\/\/www.impactohuasteco.com\/index.php?rest_route=%2Fwp%2Fv2%2Ftags&post=20113"}],"curies":[{"name":"wp","href":"https:\/\/api.w.org\/{rel}","templated":true}]}}