{"id":20119,"date":"2026-04-27T03:22:31","date_gmt":"2026-04-27T03:22:31","guid":{"rendered":"https:\/\/www.impactohuasteco.com\/?p=20119"},"modified":"2026-04-27T03:22:31","modified_gmt":"2026-04-27T03:22:31","slug":"invitan-al-tercer-encuentro-de-ninez-y-adolescencia-en-la-comunicacion-participativa-a-desarrollar-en-xalapa","status":"publish","type":"post","link":"http:\/\/www.impactohuasteco.com\/?p=20119","title":{"rendered":"INVITAN AL TERCER ENCUENTRO DE NI\u00d1EZ Y ADOLESCENCIA EN LA COMUNICACI\u00d3N PARTICIPATIVA A DESARROLLAR EN XALAPA"},"content":{"rendered":"<ul>\n<li><strong>\u2002Se busca abrir espacios de expresi\u00f3n para las infancias y adolescencias xalape\u00f1as, se realizar\u00e1 en el Jard\u00edn de las Esculturas este s\u00e1bado de 10:00 a 20:00 horas.<\/strong><\/li>\n<\/ul>\n<p>Irineo P\u00e9rez Melo. \u00a0Falta de espacios para expresarse, la imposibilidad para llegar a esos espacio y la discriminaci\u00f3n, son los principales problemas que enfrentan las infancias y adolescencias en la actualidad, pues muchos de ellos suelen estar guionizados por y para adultos.<\/p>\n<p>Lo anterior fue se\u00f1alado por los j\u00f3venes Bruno Segura y Mois\u00e9s Mar\u00eda Guzm\u00e1n, al presentar el Tercer Encuentro de Ni\u00f1ez y Adolescencia en la Comunicaci\u00f3n Participativa, a efectuarse este s\u00e1bado 25 de abril en el Jard\u00edn de las Esculturas en esta ciudad de Xalapa. La entrada libre y un programa de actividades que se extender\u00e1 de las 10:00 a las 20:00 horas.<\/p>\n<p>En conferencia de prensa, los coordinadores de este evento dieron a conocer que en \u00e9l se discutir\u00e1 si se da cumplimiento a los derechos de la ni\u00f1ez y adolescencia y generar una verdadera libertad de expresi\u00f3n, y el Tercer Encuentro de Ni\u00f1ez y Adolescencia en la Comunicaci\u00f3n Participativa, es un espacio real de participaci\u00f3n, expresi\u00f3n y di\u00e1logo de este sector poblacional.<\/p>\n<p>El evento es dirigido para todo el p\u00fablico y se contar\u00e1 con talleres para infancias, foro de conferencias y di\u00e1logos acerca de los derechos de las y los ni\u00f1os y adolescentes y sus implicaciones, dijo Bruno Segura<\/p>\n<p>De igual manera, terci\u00f3 Mois\u00e9s Mar\u00eda Guzm\u00e1n, se contar\u00e1 con diversos talleres, desde actividades recreativas hasta aprendizaje emocional, acciones de emprendimiento de ni\u00f1os y adolescentes, impulsado principalmente por adolescentes de entre 15 a 18 a\u00f1os para poder compartir este espacio con m\u00e1s ni\u00f1os y adolescentes.<\/p>\n<p>Expres\u00f3 que en este espacio de expresi\u00f3n se busca que las y los j\u00f3venes asistentes discutan si est\u00e1n conformes con nuestros derechos y si se est\u00e1n cumpliendo y qu\u00e9 es lo que falta para que tengan un verdadero impacto que se necesita, visibilizando los problemas que se enfrentan en este sector.<\/p>\n<p>Los organizadores dieron a conocer que, a tres a\u00f1os de haberse iniciado, este Encuentro se ha consolidado, en donde han participado alrededor de 300 personas en ediciones anteriores, con una respuesta positiva del p\u00fablico, por lo que ahora se invita para que m\u00e1s ni\u00f1os y j\u00f3venes se acerquen y conozcan y puedan manejar los medios de comunicaci\u00f3n y entiendan que tambi\u00e9n pueden generar cambios en la sociedad.<\/p>\n<p>Este encuentro cuenta con el respaldo de instituciones gubernamentales y del sector privado, quienes desde el \u00e1mbito de sus responsabilidades dar\u00e1n a conocer que se est\u00e1 haciendo en favor de las infancias y adolescencias veracruzanas.<\/p>\n<p>Por \u00faltimo, hicieron extensiva la invitaci\u00f3n a toda la ciudadan\u00eda xalape\u00f1a a que asista y formar parte de este espacio. \u201cQueremos que ni\u00f1as, ni\u00f1os y adolescentes sepan que pueden expresarse de muchas formas: a trav\u00e9s del arte, la escritura, el video, el podcast o la radio. Su voz importa\u201d.<\/p>\n<p>&nbsp;<\/p>\n","protected":false},"excerpt":{"rendered":"<p>\u2002Se busca abrir espacios de expresi\u00f3n para las infancias y adolescencias xalape\u00f1as, se realizar\u00e1 en el Jard\u00edn de las Esculturas este s\u00e1bado de 10:00 a 20:00 horas. Irineo P\u00e9rez Melo. \u00a0Falta de espacios para expresarse, la imposibilidad para llegar a esos espacio y la discriminaci\u00f3n, son los principales problemas que enfrentan las infancias y adolescencias en la actualidad, pues muchos de ellos suelen estar guionizados por y para adultos. Lo anterior fue se\u00f1alado por los j\u00f3venes Bruno Segura y Mois\u00e9s Mar\u00eda Guzm\u00e1n, al presentar el Tercer Encuentro de Ni\u00f1ez y Adolescencia en la Comunicaci\u00f3n Participativa, a efectuarse este s\u00e1bado 25 [&hellip;]<\/p>\n","protected":false},"author":1,"featured_media":20120,"comment_status":"open","ping_status":"open","sticky":false,"template":"","format":"standard","meta":[],"categories":[11],"tags":[],"_links":{"self":[{"href":"http:\/\/www.impactohuasteco.com\/index.php?rest_route=\/wp\/v2\/posts\/20119"}],"collection":[{"href":"http:\/\/www.impactohuasteco.com\/index.php?rest_route=\/wp\/v2\/posts"}],"about":[{"href":"http:\/\/www.impactohuasteco.com\/index.php?rest_route=\/wp\/v2\/types\/post"}],"author":[{"embeddable":true,"href":"http:\/\/www.impactohuasteco.com\/index.php?rest_route=\/wp\/v2\/users\/1"}],"replies":[{"embeddable":true,"href":"http:\/\/www.impactohuasteco.com\/index.php?rest_route=%2Fwp%2Fv2%2Fcomments&post=20119"}],"version-history":[{"count":1,"href":"http:\/\/www.impactohuasteco.com\/index.php?rest_route=\/wp\/v2\/posts\/20119\/revisions"}],"predecessor-version":[{"id":20121,"href":"http:\/\/www.impactohuasteco.com\/index.php?rest_route=\/wp\/v2\/posts\/20119\/revisions\/20121"}],"wp:featuredmedia":[{"embeddable":true,"href":"http:\/\/www.impactohuasteco.com\/index.php?rest_route=\/wp\/v2\/media\/20120"}],"wp:attachment":[{"href":"http:\/\/www.impactohuasteco.com\/index.php?rest_route=%2Fwp%2Fv2%2Fmedia&parent=20119"}],"wp:term":[{"taxonomy":"category","embeddable":true,"href":"http:\/\/www.impactohuasteco.com\/index.php?rest_route=%2Fwp%2Fv2%2Fcategories&post=20119"},{"taxonomy":"post_tag","embeddable":true,"href":"http:\/\/www.impactohuasteco.com\/index.php?rest_route=%2Fwp%2Fv2%2Ftags&post=20119"}],"curies":[{"name":"wp","href":"https:\/\/api.w.org\/{rel}","templated":true}]}}