{"id":20129,"date":"2026-04-29T00:25:15","date_gmt":"2026-04-29T00:25:15","guid":{"rendered":"https:\/\/www.impactohuasteco.com\/?p=20129"},"modified":"2026-04-29T00:25:15","modified_gmt":"2026-04-29T00:25:15","slug":"ante-las-elevadas-temperaturas-que-se-registran-snte-sugiere-suspender-actividades-al-aire-libre","status":"publish","type":"post","link":"http:\/\/www.impactohuasteco.com\/?p=20129","title":{"rendered":"ANTE LAS ELEVADAS TEMPERATURAS QUE SE REGISTRAN, SNTE SUGIERE SUSPENDER ACTIVIDADES AL AIRE LIBRE"},"content":{"rendered":"<ul>\n<li><strong>\u2002Adem\u00e1s establecer medidas preventivas para evitar golpes de calor y\/o insolaci\u00f3n entre el alumnado: Mar\u00edn Hern\u00e1ndez.<\/strong><\/li>\n<\/ul>\n<p>Irineo P\u00e9rez Melo.\u00a0\u00a0\u00a0 \u00a0Ante el pron\u00f3stico de las altas temperaturas que se avecinan, es necesario suspender actividades acad\u00e9micas, deportivas y culturales al aire libre para evitar que las y los alumnos sufran golpes de calor o insolaci\u00f3n por este motivo, sugiri\u00f3<\/p>\n<p>el diputado Jos\u00e9 Reveriano Mar\u00edn Hern\u00e1ndez, presidente de la Comisi\u00f3n Permanente de Educaci\u00f3n y Cultura del Congreso del Estado.<\/p>\n<p>En entrevista, el tambi\u00e9n secretario general de la Secci\u00f3n 56 del Sindicato Nacional de Trabajadores de la Educaci\u00f3n (SNTE) plante\u00f3 a la Secretar\u00eda de Educaci\u00f3n de Veracruz (SEV) la necesidad de establecer medidas preventivas para evitar situaciones que lamentar.<img loading=\"lazy\" class=\" wp-image-20131 alignleft\" src=\"http:\/\/www.impactohuasteco.com\/wp-content\/uploads\/2026\/04\/ca05ff1e-e120-4d15-8223-007390b3988a-300x225.jpg\" alt=\"\" width=\"571\" height=\"428\" srcset=\"http:\/\/www.impactohuasteco.com\/wp-content\/uploads\/2026\/04\/ca05ff1e-e120-4d15-8223-007390b3988a-300x225.jpg 300w, http:\/\/www.impactohuasteco.com\/wp-content\/uploads\/2026\/04\/ca05ff1e-e120-4d15-8223-007390b3988a-400x300.jpg 400w, http:\/\/www.impactohuasteco.com\/wp-content\/uploads\/2026\/04\/ca05ff1e-e120-4d15-8223-007390b3988a.jpg 768w\" sizes=\"(max-width: 571px) 100vw, 571px\" \/><\/p>\n<p>Y es que, en a\u00f1os anteriores, a consecuencia de las altas temperaturas registradas en la regi\u00f3n, se presentaron situaciones lamentables al poner en riesgo la salud de las y los menores por exponerlos a los inclementes rayos solares realizando actividades deportivas o culturales.<\/p>\n<p>Estas medidas, dijo, corresponder\u00e1 a las autoridades educativas implementarlas y definir los municipios, donde el term\u00f3metro registras elevadas temperaturas, \u201cpor lo pronto en Coatzacoalcos\u201d, en donde en algunas escuelas se ajustar\u00e1n los horarios de clases.<\/p>\n<p>Es de mencionar que a trav\u00e9s de sus redes sociales el Centro de Bachillerato Tecnol\u00f3gico Industrial y de Servicios (CBTIS) n\u00famero 85 de Coatzacoalcos, inform\u00f3 a su comunidad estudiantil que, debido a las altas temperaturas que actualmente se registran en el municipio derivado de la ola de calor, los horarios de clases se ajustar\u00e1n, aplic\u00e1ndose a partir de este martes 28 de abril hasta el 31 de mayo.<\/p>\n<p>Esto \u00abcon el objetivo de salvaguardar la salud de los estudiantes y prevenir un golpe de calor en la poblaci\u00f3n estudiantil\u201d, por lo que para el turno matutino la salida ser\u00e1 a las 11:30 horas de la ma\u00f1ana, en tanto el turno vespertino su entrada ser\u00e1 a partir de las 14:50 horas.<\/p>\n<p>Al respecto, el diputado local morenista recomend\u00f3 a las y los docentes ajustar los horarios, no exponer a los alumnos al sol, las actividades que se hagan fuera de las aulas deben ser suspendidos, por lo que adelant\u00f3 que solicitar\u00e1 a las autoridades de la SEV, analizar esta situaci\u00f3n y establecer las medidas preventivas respectivas.<\/p>\n<p>&nbsp;<\/p>\n","protected":false},"excerpt":{"rendered":"<p>\u2002Adem\u00e1s establecer medidas preventivas para evitar golpes de calor y\/o insolaci\u00f3n entre el alumnado: Mar\u00edn Hern\u00e1ndez. Irineo P\u00e9rez Melo.\u00a0\u00a0\u00a0 \u00a0Ante el pron\u00f3stico de las altas temperaturas que se avecinan, es necesario suspender actividades acad\u00e9micas, deportivas y culturales al aire libre para evitar que las y los alumnos sufran golpes de calor o insolaci\u00f3n por este motivo, sugiri\u00f3 el diputado Jos\u00e9 Reveriano Mar\u00edn Hern\u00e1ndez, presidente de la Comisi\u00f3n Permanente de Educaci\u00f3n y Cultura del Congreso del Estado. En entrevista, el tambi\u00e9n secretario general de la Secci\u00f3n 56 del Sindicato Nacional de Trabajadores de la Educaci\u00f3n (SNTE) plante\u00f3 a la Secretar\u00eda de [&hellip;]<\/p>\n","protected":false},"author":1,"featured_media":20130,"comment_status":"open","ping_status":"open","sticky":false,"template":"","format":"standard","meta":[],"categories":[11],"tags":[],"_links":{"self":[{"href":"http:\/\/www.impactohuasteco.com\/index.php?rest_route=\/wp\/v2\/posts\/20129"}],"collection":[{"href":"http:\/\/www.impactohuasteco.com\/index.php?rest_route=\/wp\/v2\/posts"}],"about":[{"href":"http:\/\/www.impactohuasteco.com\/index.php?rest_route=\/wp\/v2\/types\/post"}],"author":[{"embeddable":true,"href":"http:\/\/www.impactohuasteco.com\/index.php?rest_route=\/wp\/v2\/users\/1"}],"replies":[{"embeddable":true,"href":"http:\/\/www.impactohuasteco.com\/index.php?rest_route=%2Fwp%2Fv2%2Fcomments&post=20129"}],"version-history":[{"count":1,"href":"http:\/\/www.impactohuasteco.com\/index.php?rest_route=\/wp\/v2\/posts\/20129\/revisions"}],"predecessor-version":[{"id":20132,"href":"http:\/\/www.impactohuasteco.com\/index.php?rest_route=\/wp\/v2\/posts\/20129\/revisions\/20132"}],"wp:featuredmedia":[{"embeddable":true,"href":"http:\/\/www.impactohuasteco.com\/index.php?rest_route=\/wp\/v2\/media\/20130"}],"wp:attachment":[{"href":"http:\/\/www.impactohuasteco.com\/index.php?rest_route=%2Fwp%2Fv2%2Fmedia&parent=20129"}],"wp:term":[{"taxonomy":"category","embeddable":true,"href":"http:\/\/www.impactohuasteco.com\/index.php?rest_route=%2Fwp%2Fv2%2Fcategories&post=20129"},{"taxonomy":"post_tag","embeddable":true,"href":"http:\/\/www.impactohuasteco.com\/index.php?rest_route=%2Fwp%2Fv2%2Ftags&post=20129"}],"curies":[{"name":"wp","href":"https:\/\/api.w.org\/{rel}","templated":true}]}}