{"id":2048,"date":"2018-01-24T02:00:11","date_gmt":"2018-01-24T02:00:11","guid":{"rendered":"http:\/\/www.impactohuasteco.com\/?p=2048"},"modified":"2018-01-24T02:00:11","modified_gmt":"2018-01-24T02:00:11","slug":"no-podemos-aceptar-que-veracruz-siga-en-el-olvido-por-la-amenaza-de-la-inseguridad-y-desempleo","status":"publish","type":"post","link":"http:\/\/www.impactohuasteco.com\/?p=2048","title":{"rendered":"No podemos aceptar que Veracruz siga en el olvido por la amenaza de la inseguridad y desempleo"},"content":{"rendered":"<p style=\"text-align: justify;\"><em>&gt;&gt;Tampoco se puede abrir la puerta de un gobierno a oportunistas pol\u00edticos: Zaida Llad\u00f3.<\/em><\/p>\n<h6 style=\"text-align: justify;\"><span style=\"color: #ff0000;\">Irineo P\u00e9rez Melo<\/span><\/h6>\n<div id=\"attachment_2050\" style=\"width: 270px\" class=\"wp-caption alignleft\"><a href=\"http:\/\/www.impactohuasteco.com\/wp-content\/uploads\/2018\/01\/IH2-12.jpg\"><img aria-describedby=\"caption-attachment-2050\" loading=\"lazy\" class=\"wp-image-2050\" src=\"http:\/\/www.impactohuasteco.com\/wp-content\/uploads\/2018\/01\/IH2-12-300x199.jpg\" alt=\"No podemos aceptar que Veracruz siga en el olvido por la amenaza de la inseguridad y desempleo\" width=\"260\" height=\"173\" srcset=\"http:\/\/www.impactohuasteco.com\/wp-content\/uploads\/2018\/01\/IH2-12-300x199.jpg 300w, http:\/\/www.impactohuasteco.com\/wp-content\/uploads\/2018\/01\/IH2-12-768x510.jpg 768w, http:\/\/www.impactohuasteco.com\/wp-content\/uploads\/2018\/01\/IH2-12-1024x681.jpg 1024w, http:\/\/www.impactohuasteco.com\/wp-content\/uploads\/2018\/01\/IH2-12-400x266.jpg 400w, http:\/\/www.impactohuasteco.com\/wp-content\/uploads\/2018\/01\/IH2-12-903x600.jpg 903w, http:\/\/www.impactohuasteco.com\/wp-content\/uploads\/2018\/01\/IH2-12.jpg 1500w\" sizes=\"(max-width: 260px) 100vw, 260px\" \/><\/a><p id=\"caption-attachment-2050\" class=\"wp-caption-text\">Da clic en la imagen para ampliarla.<\/p><\/div>\n<p style=\"text-align: justify;\"><strong>Xalapa, Ver., 22 de Enero del 2018.<\/strong> \u00a0Convencida que el Partido Revolucionario Institucional (PRI) ganar\u00e1 las elecciones federales y locales el pr\u00f3ximo 1 de julio, Zaida Alicia Llad\u00f3 Castillo, presidenta de la Fundaci\u00f3n Colosio, filial Veracruz, asegur\u00f3 que \u201ctenemos que ganar porque no podemos aceptar que Veracruz siga estando en el olvido, por la amenaza de la inseguridad y la falta de oportunidades para sus hombres, mujeres, para sus adultos y j\u00f3venes\u201d.<\/p>\n<p style=\"text-align: justify;\">En su intervenci\u00f3n, en la ceremonia de honores a la bandera, efectuada en la explanada Jes\u00fas Reyes Heroles de la sede estatal priista, sentenci\u00f3: \u201cno podemos aceptar que Veracruz siga siendo dirigido por gobiernos vengativos y obsesivos, que emergen de alianzas ideol\u00f3gicamente contrarias, que en lo hechos no han operado en la unidad -aunque quieran demostrar lo contrario-\u201c.<\/p>\n<p style=\"text-align: justify;\">Seamos honestos, dijo, ni los azules ni los amarillos se mezclan en la ambici\u00f3n, pero en el fondo son diametralmente opuestos.<\/p>\n<p style=\"text-align: justify;\">\u201cEn Veracruz, entre ellos mismos no digieren la aberraci\u00f3n de heredar el poder gubernamental a un familiar directo. Veracruz no es una monarqu\u00eda. Buscar la continuidad en un gobierno sea lazos familiares o de complicidad, solo lleva a la preservaci\u00f3n de vicios en la administraci\u00f3n p\u00fablica\u201d, a\u00f1adi\u00f3.<\/p>\n<div id=\"attachment_2049\" style=\"width: 270px\" class=\"wp-caption alignleft\"><a href=\"http:\/\/www.impactohuasteco.com\/wp-content\/uploads\/2018\/01\/IH1-14.jpg\"><img aria-describedby=\"caption-attachment-2049\" loading=\"lazy\" class=\"wp-image-2049\" src=\"http:\/\/www.impactohuasteco.com\/wp-content\/uploads\/2018\/01\/IH1-14-300x199.jpg\" alt=\"No podemos aceptar que Veracruz siga en el olvido por la amenaza de la inseguridad y desempleo\" width=\"260\" height=\"173\" srcset=\"http:\/\/www.impactohuasteco.com\/wp-content\/uploads\/2018\/01\/IH1-14-300x199.jpg 300w, http:\/\/www.impactohuasteco.com\/wp-content\/uploads\/2018\/01\/IH1-14-768x510.jpg 768w, http:\/\/www.impactohuasteco.com\/wp-content\/uploads\/2018\/01\/IH1-14-1024x681.jpg 1024w, http:\/\/www.impactohuasteco.com\/wp-content\/uploads\/2018\/01\/IH1-14-400x266.jpg 400w, http:\/\/www.impactohuasteco.com\/wp-content\/uploads\/2018\/01\/IH1-14-903x600.jpg 903w, http:\/\/www.impactohuasteco.com\/wp-content\/uploads\/2018\/01\/IH1-14.jpg 1500w\" sizes=\"(max-width: 260px) 100vw, 260px\" \/><\/a><p id=\"caption-attachment-2049\" class=\"wp-caption-text\">Da clic en la imagen para ampliarla.<\/p><\/div>\n<p style=\"text-align: justify;\">Ante la presencia de Am\u00e9rico Z\u00fa\u00f1iga Mart\u00ednez, presidente del Comit\u00e9 Directivo Estatal del PRI y ante dirigentes municipales de la Fundaci\u00f3n Colosio-Veracruz, la dirigente del \u00f3rgano ideol\u00f3gico del tricolor, sentenci\u00f3 que tampoco se puede abrir la puerta a oportunistas pol\u00edticos, que en su escasa experiencia no han dado resultados en sus encomiendas.<\/p>\n<p style=\"text-align: justify;\">\u201cEn el plano nacional ser\u00eda catastr\u00f3fico destinar a M\u00e9xico a ser dirigido por la ignorancia, la mentira y la visi\u00f3n radical de los problemas. Ser\u00eda entrar en regresi\u00f3n y generar gobiernos a modo que se convierten con el tiempo en tiran\u00edas\u201d.<\/p>\n<p style=\"text-align: justify;\">Y fue m\u00e1s all\u00e1, al se\u00f1alar que en Veracruz solo basta preguntarle al hoy diputado federal con licencia por Xalapa \u00bfqu\u00e9 resultados le ha ofrecido a Xalapa?\u00bfd\u00f3nde est\u00e1n los apoyos o beneficios para las familias de la capital?\u00bfuna persona as\u00ed puede gobernar Veracruz? Mal nos ver\u00edamos los veracruzanos en aceptarlo, a\u00f1adi\u00f3.<\/p>\n<p style=\"text-align: justify;\">En ese tenor, resalt\u00f3 que los priistas podemos tener defectos, hemos tenido fallas y hemos aprendido de los errores, pero hemos tenido la humildad de analizarlos al interior y reformarnos, concluy\u00f3.<\/p>\n","protected":false},"excerpt":{"rendered":"<p>&gt;&gt;Tampoco se puede abrir la puerta de un gobierno a oportunistas pol\u00edticos: Zaida Llad\u00f3. Irineo P\u00e9rez Melo Xalapa, Ver., 22 de Enero del 2018. \u00a0Convencida que el Partido Revolucionario Institucional (PRI) ganar\u00e1 las elecciones federales y locales el pr\u00f3ximo 1 de julio, Zaida Alicia Llad\u00f3 Castillo, presidenta de la Fundaci\u00f3n Colosio, filial Veracruz, asegur\u00f3 que \u201ctenemos que ganar porque no podemos aceptar que Veracruz siga estando en el olvido, por la amenaza de la inseguridad y la falta de oportunidades para sus hombres, mujeres, para sus adultos y j\u00f3venes\u201d. En su intervenci\u00f3n, en la ceremonia de honores a la bandera, [&hellip;]<\/p>\n","protected":false},"author":1,"featured_media":2049,"comment_status":"open","ping_status":"open","sticky":false,"template":"","format":"standard","meta":[],"categories":[11],"tags":[],"_links":{"self":[{"href":"http:\/\/www.impactohuasteco.com\/index.php?rest_route=\/wp\/v2\/posts\/2048"}],"collection":[{"href":"http:\/\/www.impactohuasteco.com\/index.php?rest_route=\/wp\/v2\/posts"}],"about":[{"href":"http:\/\/www.impactohuasteco.com\/index.php?rest_route=\/wp\/v2\/types\/post"}],"author":[{"embeddable":true,"href":"http:\/\/www.impactohuasteco.com\/index.php?rest_route=\/wp\/v2\/users\/1"}],"replies":[{"embeddable":true,"href":"http:\/\/www.impactohuasteco.com\/index.php?rest_route=%2Fwp%2Fv2%2Fcomments&post=2048"}],"version-history":[{"count":1,"href":"http:\/\/www.impactohuasteco.com\/index.php?rest_route=\/wp\/v2\/posts\/2048\/revisions"}],"predecessor-version":[{"id":2051,"href":"http:\/\/www.impactohuasteco.com\/index.php?rest_route=\/wp\/v2\/posts\/2048\/revisions\/2051"}],"wp:featuredmedia":[{"embeddable":true,"href":"http:\/\/www.impactohuasteco.com\/index.php?rest_route=\/wp\/v2\/media\/2049"}],"wp:attachment":[{"href":"http:\/\/www.impactohuasteco.com\/index.php?rest_route=%2Fwp%2Fv2%2Fmedia&parent=2048"}],"wp:term":[{"taxonomy":"category","embeddable":true,"href":"http:\/\/www.impactohuasteco.com\/index.php?rest_route=%2Fwp%2Fv2%2Fcategories&post=2048"},{"taxonomy":"post_tag","embeddable":true,"href":"http:\/\/www.impactohuasteco.com\/index.php?rest_route=%2Fwp%2Fv2%2Ftags&post=2048"}],"curies":[{"name":"wp","href":"https:\/\/api.w.org\/{rel}","templated":true}]}}