{"id":2380,"date":"2018-08-22T04:25:11","date_gmt":"2018-08-22T04:25:11","guid":{"rendered":"http:\/\/www.impactohuasteco.com\/?p=2380"},"modified":"2018-08-22T04:25:11","modified_gmt":"2018-08-22T04:25:11","slug":"premian-en-ixcatepec-a-ganadores-del-concurso-de-la-vaca-lechera","status":"publish","type":"post","link":"http:\/\/www.impactohuasteco.com\/?p=2380","title":{"rendered":"Premian en Ixcatepec a ganadores del concurso de la vaca lechera"},"content":{"rendered":"<div id=\"attachment_2381\" style=\"width: 270px\" class=\"wp-caption alignleft\"><a href=\"http:\/\/www.impactohuasteco.com\/wp-content\/uploads\/2018\/08\/IH1-1.jpg\"><img aria-describedby=\"caption-attachment-2381\" loading=\"lazy\" class=\"wp-image-2381\" src=\"http:\/\/www.impactohuasteco.com\/wp-content\/uploads\/2018\/08\/IH1-1-300x200.jpg\" alt=\"Premian en Ixcatepec a ganadores del concurso de la vaca lechera \" width=\"260\" height=\"173\" srcset=\"http:\/\/www.impactohuasteco.com\/wp-content\/uploads\/2018\/08\/IH1-1-300x200.jpg 300w, http:\/\/www.impactohuasteco.com\/wp-content\/uploads\/2018\/08\/IH1-1-768x512.jpg 768w, http:\/\/www.impactohuasteco.com\/wp-content\/uploads\/2018\/08\/IH1-1-1024x683.jpg 1024w, http:\/\/www.impactohuasteco.com\/wp-content\/uploads\/2018\/08\/IH1-1-400x267.jpg 400w, http:\/\/www.impactohuasteco.com\/wp-content\/uploads\/2018\/08\/IH1-1-900x600.jpg 900w, http:\/\/www.impactohuasteco.com\/wp-content\/uploads\/2018\/08\/IH1-1.jpg 1500w\" sizes=\"(max-width: 260px) 100vw, 260px\" \/><\/a><p id=\"caption-attachment-2381\" class=\"wp-caption-text\">Da clic en la imagen para ampliarla.<\/p><\/div>\n<p style=\"text-align: justify;\"><strong>Ixcatepec, Ver.- 20 de Agosto del 2018.-<\/strong> \u00a0Previo a la ceremonia de clausura de la Feria de la Virgen de la Asunci\u00f3n Ixcatepec 2018, el alcalde David Guzm\u00e1n Mart\u00ednez premi\u00f3 a quienes resultaron ganadores del 12avo Concurso de la Vaca Lechera; lo hizo acompa\u00f1ado de su esposa, la Mtra. Mar\u00eda de la Merced Mart\u00ednez Reyes y de la Sindico \u00danico, Mtra. Mar\u00eda Concepci\u00f3n del \u00c1ngel Hern\u00e1ndez.<\/p>\n<p style=\"text-align: justify;\">En la tarima central a escasos minutos de que concluyeran las actividades de la Feria de la Virgen de la Asunci\u00f3n, el alcalde entreg\u00f3 un reconocimiento y un apoyo econ\u00f3mico a Efra\u00edn Benito Marcos, por ganar el primer lugar al orde\u00f1ar a su vaca \u201cLa Cebolla\u201d un total de 26.62 litros de leche.<\/p>\n<div id=\"attachment_2382\" style=\"width: 270px\" class=\"wp-caption alignleft\"><a href=\"http:\/\/www.impactohuasteco.com\/wp-content\/uploads\/2018\/08\/IH2.jpg\"><img aria-describedby=\"caption-attachment-2382\" loading=\"lazy\" class=\"wp-image-2382\" src=\"http:\/\/www.impactohuasteco.com\/wp-content\/uploads\/2018\/08\/IH2-300x200.jpg\" alt=\"Premian en Ixcatepec a ganadores del concurso de la vaca lechera \" width=\"260\" height=\"173\" srcset=\"http:\/\/www.impactohuasteco.com\/wp-content\/uploads\/2018\/08\/IH2-300x200.jpg 300w, http:\/\/www.impactohuasteco.com\/wp-content\/uploads\/2018\/08\/IH2-768x512.jpg 768w, http:\/\/www.impactohuasteco.com\/wp-content\/uploads\/2018\/08\/IH2-1024x683.jpg 1024w, http:\/\/www.impactohuasteco.com\/wp-content\/uploads\/2018\/08\/IH2-400x267.jpg 400w, http:\/\/www.impactohuasteco.com\/wp-content\/uploads\/2018\/08\/IH2-900x600.jpg 900w, http:\/\/www.impactohuasteco.com\/wp-content\/uploads\/2018\/08\/IH2.jpg 1500w\" sizes=\"(max-width: 260px) 100vw, 260px\" \/><\/a><p id=\"caption-attachment-2382\" class=\"wp-caption-text\">Da clic en la imagen para ampliarla.<\/p><\/div>\n<p style=\"text-align: justify;\">Luis Benito Marcos obtuvo el 2do lugar al orde\u00f1ar a su vaca \u201cLa Naranja\u201d 25.57 litros de leche, por lo que recibi\u00f3 un reconocimiento y un apoyo econ\u00f3mico de manos del alcalde David Guzm\u00e1n Mart\u00ednez y la Sindico \u00danico, Mtra. Mar\u00eda Concepci\u00f3n del \u00c1ngel Hern\u00e1ndez.<\/p>\n<p style=\"text-align: justify;\">Mientras que el tercer lugar se lo llev\u00f3 Ad\u00e1n Benito Marcos, al obtener de su vaca 25.03 litros de leche, por lo que tambi\u00e9n recibi\u00f3 un reconocimiento y un apoyo econ\u00f3mico de manos de la titular del Sistema DIF, Mtra. Mar\u00eda de la Merced Mart\u00ednez Reyes.<\/p>\n<div id=\"attachment_2383\" style=\"width: 270px\" class=\"wp-caption alignleft\"><a href=\"http:\/\/www.impactohuasteco.com\/wp-content\/uploads\/2018\/08\/IH3.jpg\"><img aria-describedby=\"caption-attachment-2383\" loading=\"lazy\" class=\"wp-image-2383\" src=\"http:\/\/www.impactohuasteco.com\/wp-content\/uploads\/2018\/08\/IH3-300x200.jpg\" alt=\"Premian en Ixcatepec a ganadores del concurso de la vaca lechera \" width=\"260\" height=\"173\" srcset=\"http:\/\/www.impactohuasteco.com\/wp-content\/uploads\/2018\/08\/IH3-300x200.jpg 300w, http:\/\/www.impactohuasteco.com\/wp-content\/uploads\/2018\/08\/IH3-768x512.jpg 768w, http:\/\/www.impactohuasteco.com\/wp-content\/uploads\/2018\/08\/IH3-1024x683.jpg 1024w, http:\/\/www.impactohuasteco.com\/wp-content\/uploads\/2018\/08\/IH3-400x267.jpg 400w, http:\/\/www.impactohuasteco.com\/wp-content\/uploads\/2018\/08\/IH3-900x600.jpg 900w, http:\/\/www.impactohuasteco.com\/wp-content\/uploads\/2018\/08\/IH3.jpg 1500w\" sizes=\"(max-width: 260px) 100vw, 260px\" \/><\/a><p id=\"caption-attachment-2383\" class=\"wp-caption-text\">Da clic en la imagen para ampliarla.<\/p><\/div>\n<p style=\"text-align: justify;\">En su participaci\u00f3n, el alcalde David Guzm\u00e1n Mart\u00ednez agradeci\u00f3 p\u00fablicamente a quienes participaron en este concurso, as\u00ed como a los organizadores del mismo por preservar aun esta tradicional actividad denominada La Vaca Lechera.<\/p>\n","protected":false},"excerpt":{"rendered":"<p>Ixcatepec, Ver.- 20 de Agosto del 2018.- \u00a0Previo a la ceremonia de clausura de la Feria de la Virgen de la Asunci\u00f3n Ixcatepec 2018, el alcalde David Guzm\u00e1n Mart\u00ednez premi\u00f3 a quienes resultaron ganadores del 12avo Concurso de la Vaca Lechera; lo hizo acompa\u00f1ado de su esposa, la Mtra. Mar\u00eda de la Merced Mart\u00ednez Reyes y de la Sindico \u00danico, Mtra. Mar\u00eda Concepci\u00f3n del \u00c1ngel Hern\u00e1ndez. En la tarima central a escasos minutos de que concluyeran las actividades de la Feria de la Virgen de la Asunci\u00f3n, el alcalde entreg\u00f3 un reconocimiento y un apoyo econ\u00f3mico a Efra\u00edn Benito Marcos, [&hellip;]<\/p>\n","protected":false},"author":1,"featured_media":2381,"comment_status":"open","ping_status":"open","sticky":false,"template":"","format":"standard","meta":[],"categories":[11],"tags":[],"_links":{"self":[{"href":"http:\/\/www.impactohuasteco.com\/index.php?rest_route=\/wp\/v2\/posts\/2380"}],"collection":[{"href":"http:\/\/www.impactohuasteco.com\/index.php?rest_route=\/wp\/v2\/posts"}],"about":[{"href":"http:\/\/www.impactohuasteco.com\/index.php?rest_route=\/wp\/v2\/types\/post"}],"author":[{"embeddable":true,"href":"http:\/\/www.impactohuasteco.com\/index.php?rest_route=\/wp\/v2\/users\/1"}],"replies":[{"embeddable":true,"href":"http:\/\/www.impactohuasteco.com\/index.php?rest_route=%2Fwp%2Fv2%2Fcomments&post=2380"}],"version-history":[{"count":1,"href":"http:\/\/www.impactohuasteco.com\/index.php?rest_route=\/wp\/v2\/posts\/2380\/revisions"}],"predecessor-version":[{"id":2384,"href":"http:\/\/www.impactohuasteco.com\/index.php?rest_route=\/wp\/v2\/posts\/2380\/revisions\/2384"}],"wp:featuredmedia":[{"embeddable":true,"href":"http:\/\/www.impactohuasteco.com\/index.php?rest_route=\/wp\/v2\/media\/2381"}],"wp:attachment":[{"href":"http:\/\/www.impactohuasteco.com\/index.php?rest_route=%2Fwp%2Fv2%2Fmedia&parent=2380"}],"wp:term":[{"taxonomy":"category","embeddable":true,"href":"http:\/\/www.impactohuasteco.com\/index.php?rest_route=%2Fwp%2Fv2%2Fcategories&post=2380"},{"taxonomy":"post_tag","embeddable":true,"href":"http:\/\/www.impactohuasteco.com\/index.php?rest_route=%2Fwp%2Fv2%2Ftags&post=2380"}],"curies":[{"name":"wp","href":"https:\/\/api.w.org\/{rel}","templated":true}]}}