{"id":2386,"date":"2018-09-15T23:17:28","date_gmt":"2018-09-15T23:17:28","guid":{"rendered":"http:\/\/www.impactohuasteco.com\/?p=2386"},"modified":"2018-09-15T23:17:28","modified_gmt":"2018-09-15T23:17:28","slug":"participa-alcalde-de-chicontepec-en-cabalgata-de-san-nicolas-tolentino-en-chalma","status":"publish","type":"post","link":"http:\/\/www.impactohuasteco.com\/?p=2386","title":{"rendered":"Participa alcalde de Chicontepec en cabalgata de San Nicol\u00e1s Tolentino, en Chalma"},"content":{"rendered":"<h6 style=\"text-align: justify;\"><span style=\"color: #999999;\"><strong>Impacto Huasteco<\/strong><\/span><\/h6>\n<div id=\"attachment_2388\" style=\"width: 240px\" class=\"wp-caption alignleft\"><a href=\"http:\/\/www.impactohuasteco.com\/wp-content\/uploads\/2018\/09\/IH2.jpg\"><img aria-describedby=\"caption-attachment-2388\" loading=\"lazy\" class=\"wp-image-2388\" src=\"http:\/\/www.impactohuasteco.com\/wp-content\/uploads\/2018\/09\/IH2-300x179.jpg\" alt=\"Participa alcalde de Chicontepec en cabalgata de San Nicol\u00e1s Tolentino, en Chalma\" width=\"230\" height=\"137\" srcset=\"http:\/\/www.impactohuasteco.com\/wp-content\/uploads\/2018\/09\/IH2-300x179.jpg 300w, http:\/\/www.impactohuasteco.com\/wp-content\/uploads\/2018\/09\/IH2-768x457.jpg 768w, http:\/\/www.impactohuasteco.com\/wp-content\/uploads\/2018\/09\/IH2-1024x610.jpg 1024w, http:\/\/www.impactohuasteco.com\/wp-content\/uploads\/2018\/09\/IH2-400x238.jpg 400w, http:\/\/www.impactohuasteco.com\/wp-content\/uploads\/2018\/09\/IH2-1008x600.jpg 1008w, http:\/\/www.impactohuasteco.com\/wp-content\/uploads\/2018\/09\/IH2.jpg 1500w\" sizes=\"(max-width: 230px) 100vw, 230px\" \/><\/a><p id=\"caption-attachment-2388\" class=\"wp-caption-text\">Da clic en la imagen para ampliarla.<\/p><\/div>\n<p style=\"text-align: justify;\"><strong>Chalma, Ver.- 15 de Septiembre del 2018.-<\/strong> Acompa\u00f1ado de su equipo de trabajo, el alcalde de Chicontepec, Pedro Adri\u00e1n Mart\u00ednez Estrada particip\u00f3 en la tradicional cabalgata en honor a San Nicol\u00e1s Tolentino ayer viernes, en un evento sin precedente en el que tambi\u00e9n particip\u00f3 los alcaldes de Chiconamel, Plat\u00f3n S\u00e1nchez, y Chalma.<\/p>\n<div id=\"attachment_2387\" style=\"width: 240px\" class=\"wp-caption alignright\"><a href=\"http:\/\/www.impactohuasteco.com\/wp-content\/uploads\/2018\/09\/IH1.jpg\"><img aria-describedby=\"caption-attachment-2387\" loading=\"lazy\" class=\"wp-image-2387\" src=\"http:\/\/www.impactohuasteco.com\/wp-content\/uploads\/2018\/09\/IH1-300x179.jpg\" alt=\"Participa alcalde de Chicontepec en cabalgata de San Nicol\u00e1s Tolentino, en Chalma\" width=\"230\" height=\"137\" srcset=\"http:\/\/www.impactohuasteco.com\/wp-content\/uploads\/2018\/09\/IH1-300x179.jpg 300w, http:\/\/www.impactohuasteco.com\/wp-content\/uploads\/2018\/09\/IH1-768x457.jpg 768w, http:\/\/www.impactohuasteco.com\/wp-content\/uploads\/2018\/09\/IH1-1024x610.jpg 1024w, http:\/\/www.impactohuasteco.com\/wp-content\/uploads\/2018\/09\/IH1-400x238.jpg 400w, http:\/\/www.impactohuasteco.com\/wp-content\/uploads\/2018\/09\/IH1-1008x600.jpg 1008w, http:\/\/www.impactohuasteco.com\/wp-content\/uploads\/2018\/09\/IH1.jpg 1500w\" sizes=\"(max-width: 230px) 100vw, 230px\" \/><\/a><p id=\"caption-attachment-2387\" class=\"wp-caption-text\">Da clic en la imagen para ampliarla.<\/p><\/div>\n<p style=\"text-align: justify;\">Alrededor de las 13:00 horas, la cabalgata parti\u00f3 desde el municipio de Plat\u00f3n S\u00e1nchez arribando a la cabecera municipal de Chalma alrededor de las 15:30 horas.<\/p>\n<p style=\"text-align: justify;\">El contingente de cabalgantes pas\u00f3 por la zona centro del municipio, terminando en el campo de la Secundaria Jes\u00fas Reyes Heroles, en donde la alcaldesa anfitriona, Mtra. Bertha Mariana de Jes\u00fas Galv\u00e1n Arguelles, atendi\u00f3 como se merecen a los cabalgantes participantes.<\/p>\n<div id=\"attachment_2389\" style=\"width: 240px\" class=\"wp-caption alignleft\"><a href=\"http:\/\/www.impactohuasteco.com\/wp-content\/uploads\/2018\/09\/IH3.jpg\"><img aria-describedby=\"caption-attachment-2389\" loading=\"lazy\" class=\"wp-image-2389\" src=\"http:\/\/www.impactohuasteco.com\/wp-content\/uploads\/2018\/09\/IH3-300x179.jpg\" alt=\"Participa alcalde de Chicontepec en cabalgata de San Nicol\u00e1s Tolentino, en Chalma\" width=\"230\" height=\"137\" srcset=\"http:\/\/www.impactohuasteco.com\/wp-content\/uploads\/2018\/09\/IH3-300x179.jpg 300w, http:\/\/www.impactohuasteco.com\/wp-content\/uploads\/2018\/09\/IH3-768x457.jpg 768w, http:\/\/www.impactohuasteco.com\/wp-content\/uploads\/2018\/09\/IH3-1024x610.jpg 1024w, http:\/\/www.impactohuasteco.com\/wp-content\/uploads\/2018\/09\/IH3-400x238.jpg 400w, http:\/\/www.impactohuasteco.com\/wp-content\/uploads\/2018\/09\/IH3-1008x600.jpg 1008w, http:\/\/www.impactohuasteco.com\/wp-content\/uploads\/2018\/09\/IH3.jpg 1500w\" sizes=\"(max-width: 230px) 100vw, 230px\" \/><\/a><p id=\"caption-attachment-2389\" class=\"wp-caption-text\">Da clic en la imagen para ampliarla.<\/p><\/div>\n<p style=\"text-align: justify;\">El alcalde Pedro Adri\u00e1n Mart\u00ednez Estrada agradeci\u00f3 de manera personal la invitaci\u00f3n que le hizo la alcaldesa anfitriona, Mtra. Martha Mariana de Jes\u00fas Galv\u00e1n, a quien de igual manera, le hizo una cordial invitaci\u00f3n para que lo acompa\u00f1e a la cabalgata en honor a Santa Catarina, en el mes de Noviembre en Chicontepec.<\/p>\n<div id=\"attachment_2390\" style=\"width: 240px\" class=\"wp-caption alignright\"><a href=\"http:\/\/www.impactohuasteco.com\/wp-content\/uploads\/2018\/09\/IH4.jpg\"><img aria-describedby=\"caption-attachment-2390\" loading=\"lazy\" class=\"wp-image-2390\" src=\"http:\/\/www.impactohuasteco.com\/wp-content\/uploads\/2018\/09\/IH4-300x179.jpg\" alt=\"Participa alcalde de Chicontepec en cabalgata de San Nicol\u00e1s Tolentino, en Chalma\" width=\"230\" height=\"137\" srcset=\"http:\/\/www.impactohuasteco.com\/wp-content\/uploads\/2018\/09\/IH4-300x179.jpg 300w, http:\/\/www.impactohuasteco.com\/wp-content\/uploads\/2018\/09\/IH4-768x457.jpg 768w, http:\/\/www.impactohuasteco.com\/wp-content\/uploads\/2018\/09\/IH4-1024x610.jpg 1024w, http:\/\/www.impactohuasteco.com\/wp-content\/uploads\/2018\/09\/IH4-400x238.jpg 400w, http:\/\/www.impactohuasteco.com\/wp-content\/uploads\/2018\/09\/IH4-1008x600.jpg 1008w, http:\/\/www.impactohuasteco.com\/wp-content\/uploads\/2018\/09\/IH4.jpg 1500w\" sizes=\"(max-width: 230px) 100vw, 230px\" \/><\/a><p id=\"caption-attachment-2390\" class=\"wp-caption-text\">Da clic en la imagen para ampliarla.<\/p><\/div>\n<p style=\"text-align: justify;\">Mart\u00ednez Estrada entreg\u00f3 un presente a la alcaldesa de Chalma en agradecimiento a la invitaci\u00f3n que le hizo para que participara en esta importante actividad; as\u00ed mismo, salud\u00f3 y convers\u00f3 temas de inter\u00e9s social con el alcalde de Chiconamel, Germiniano Hern\u00e1ndez Hern\u00e1ndez.<\/p>\n<div id=\"attachment_2392\" style=\"width: 240px\" class=\"wp-caption alignleft\"><a href=\"http:\/\/www.impactohuasteco.com\/wp-content\/uploads\/2018\/09\/IH6.jpg\"><img aria-describedby=\"caption-attachment-2392\" loading=\"lazy\" class=\"wp-image-2392\" src=\"http:\/\/www.impactohuasteco.com\/wp-content\/uploads\/2018\/09\/IH6-300x179.jpg\" alt=\"Participa alcalde de Chicontepec en cabalgata de San Nicol\u00e1s Tolentino, en Chalma\" width=\"230\" height=\"137\" srcset=\"http:\/\/www.impactohuasteco.com\/wp-content\/uploads\/2018\/09\/IH6-300x179.jpg 300w, http:\/\/www.impactohuasteco.com\/wp-content\/uploads\/2018\/09\/IH6-768x457.jpg 768w, http:\/\/www.impactohuasteco.com\/wp-content\/uploads\/2018\/09\/IH6-1024x610.jpg 1024w, http:\/\/www.impactohuasteco.com\/wp-content\/uploads\/2018\/09\/IH6-400x238.jpg 400w, http:\/\/www.impactohuasteco.com\/wp-content\/uploads\/2018\/09\/IH6-1008x600.jpg 1008w, http:\/\/www.impactohuasteco.com\/wp-content\/uploads\/2018\/09\/IH6.jpg 1500w\" sizes=\"(max-width: 230px) 100vw, 230px\" \/><\/a><p id=\"caption-attachment-2392\" class=\"wp-caption-text\">Da clic en la imagen para ampliarla.<\/p><\/div>\n<p style=\"text-align: justify;\">Al t\u00e9rmino del convivio, el alcalde de Chicontepec disfrut\u00f3 del tradicional jaripeo y la participaci\u00f3n de la cantante Sonia Bravo, quien cant\u00f3 sus mejores \u00e9xitos.<\/p>\n<p style=\"text-align: justify;\">[mensaje]<\/p>\n","protected":false},"excerpt":{"rendered":"<p>Impacto Huasteco Chalma, Ver.- 15 de Septiembre del 2018.- Acompa\u00f1ado de su equipo de trabajo, el alcalde de Chicontepec, Pedro Adri\u00e1n Mart\u00ednez Estrada particip\u00f3 en la tradicional cabalgata en honor a San Nicol\u00e1s Tolentino ayer viernes, en un evento sin precedente en el que tambi\u00e9n particip\u00f3 los alcaldes de Chiconamel, Plat\u00f3n S\u00e1nchez, y Chalma. Alrededor de las 13:00 horas, la cabalgata parti\u00f3 desde el municipio de Plat\u00f3n S\u00e1nchez arribando a la cabecera municipal de Chalma alrededor de las 15:30 horas. El contingente de cabalgantes pas\u00f3 por la zona centro del municipio, terminando en el campo de la Secundaria Jes\u00fas Reyes [&hellip;]<\/p>\n","protected":false},"author":1,"featured_media":2388,"comment_status":"open","ping_status":"open","sticky":false,"template":"","format":"standard","meta":[],"categories":[11],"tags":[],"_links":{"self":[{"href":"http:\/\/www.impactohuasteco.com\/index.php?rest_route=\/wp\/v2\/posts\/2386"}],"collection":[{"href":"http:\/\/www.impactohuasteco.com\/index.php?rest_route=\/wp\/v2\/posts"}],"about":[{"href":"http:\/\/www.impactohuasteco.com\/index.php?rest_route=\/wp\/v2\/types\/post"}],"author":[{"embeddable":true,"href":"http:\/\/www.impactohuasteco.com\/index.php?rest_route=\/wp\/v2\/users\/1"}],"replies":[{"embeddable":true,"href":"http:\/\/www.impactohuasteco.com\/index.php?rest_route=%2Fwp%2Fv2%2Fcomments&post=2386"}],"version-history":[{"count":1,"href":"http:\/\/www.impactohuasteco.com\/index.php?rest_route=\/wp\/v2\/posts\/2386\/revisions"}],"predecessor-version":[{"id":2393,"href":"http:\/\/www.impactohuasteco.com\/index.php?rest_route=\/wp\/v2\/posts\/2386\/revisions\/2393"}],"wp:featuredmedia":[{"embeddable":true,"href":"http:\/\/www.impactohuasteco.com\/index.php?rest_route=\/wp\/v2\/media\/2388"}],"wp:attachment":[{"href":"http:\/\/www.impactohuasteco.com\/index.php?rest_route=%2Fwp%2Fv2%2Fmedia&parent=2386"}],"wp:term":[{"taxonomy":"category","embeddable":true,"href":"http:\/\/www.impactohuasteco.com\/index.php?rest_route=%2Fwp%2Fv2%2Fcategories&post=2386"},{"taxonomy":"post_tag","embeddable":true,"href":"http:\/\/www.impactohuasteco.com\/index.php?rest_route=%2Fwp%2Fv2%2Ftags&post=2386"}],"curies":[{"name":"wp","href":"https:\/\/api.w.org\/{rel}","templated":true}]}}