{"id":2454,"date":"2018-12-11T13:10:12","date_gmt":"2018-12-11T13:10:12","guid":{"rendered":"http:\/\/www.impactohuasteco.com\/?p=2454"},"modified":"2018-12-12T06:28:17","modified_gmt":"2018-12-12T06:28:17","slug":"da-david-guzman-banderazo-de-inicio-a-la-construccion-de-un-comedor-escolar-en-la-encarnacion-olivares","status":"publish","type":"post","link":"http:\/\/www.impactohuasteco.com\/?p=2454","title":{"rendered":"Da David Guzm\u00e1n banderazo de inicio a la construcci\u00f3n de un comedor escolar en la Encarnaci\u00f3n Olivares"},"content":{"rendered":"<div id=\"attachment_2455\" style=\"width: 240px\" class=\"wp-caption alignleft\"><a href=\"http:\/\/www.impactohuasteco.com\/wp-content\/uploads\/2018\/12\/IH1-1.jpg\"><img aria-describedby=\"caption-attachment-2455\" loading=\"lazy\" class=\"wp-image-2455\" src=\"http:\/\/www.impactohuasteco.com\/wp-content\/uploads\/2018\/12\/IH1-1-300x184.jpg\" alt=\"Da David Guzm\u00e1n banderazo de inicio a la construcci\u00f3n de un comedor escolar en la Encarnaci\u00f3n Olivares \" width=\"230\" height=\"141\" srcset=\"http:\/\/www.impactohuasteco.com\/wp-content\/uploads\/2018\/12\/IH1-1-300x184.jpg 300w, http:\/\/www.impactohuasteco.com\/wp-content\/uploads\/2018\/12\/IH1-1-768x470.jpg 768w, http:\/\/www.impactohuasteco.com\/wp-content\/uploads\/2018\/12\/IH1-1-1024x627.jpg 1024w, http:\/\/www.impactohuasteco.com\/wp-content\/uploads\/2018\/12\/IH1-1-400x245.jpg 400w, http:\/\/www.impactohuasteco.com\/wp-content\/uploads\/2018\/12\/IH1-1-980x600.jpg 980w, http:\/\/www.impactohuasteco.com\/wp-content\/uploads\/2018\/12\/IH1-1.jpg 1500w\" sizes=\"(max-width: 230px) 100vw, 230px\" \/><\/a><p id=\"caption-attachment-2455\" class=\"wp-caption-text\">Da clic en la imagen para ampliarla.<\/p><\/div>\n<p style=\"text-align: justify;\"><strong>Ixcatepec, Ver.-<\/strong> A mediados de la semana pasada, el alcalde David Guzm\u00e1n Mart\u00ednez se dio cita en la escuela Primaria Encarnaci\u00f3n Olivares para dar el banderazo de inicio a la construcci\u00f3n de un moderno comedor escolar.<\/p>\n<p style=\"text-align: justify;\">Dicha infraestructura permitir\u00e1 brindar atenci\u00f3n a las y los alumnos de esta importante instituci\u00f3n educativa, para lo cual el gobierno municipal invertir\u00e1 un importante recurso para su edificaci\u00f3n.<\/p>\n<div id=\"attachment_2456\" style=\"width: 250px\" class=\"wp-caption alignleft\"><a href=\"http:\/\/www.impactohuasteco.com\/wp-content\/uploads\/2018\/12\/IH2-1.jpg\"><img aria-describedby=\"caption-attachment-2456\" loading=\"lazy\" class=\"wp-image-2456\" src=\"http:\/\/www.impactohuasteco.com\/wp-content\/uploads\/2018\/12\/IH2-1-300x184.jpg\" alt=\"Da David Guzm\u00e1n banderazo de inicio a la construcci\u00f3n de un comedor escolar en la Encarnaci\u00f3n Olivares \" width=\"240\" height=\"147\" srcset=\"http:\/\/www.impactohuasteco.com\/wp-content\/uploads\/2018\/12\/IH2-1-300x184.jpg 300w, http:\/\/www.impactohuasteco.com\/wp-content\/uploads\/2018\/12\/IH2-1-768x470.jpg 768w, http:\/\/www.impactohuasteco.com\/wp-content\/uploads\/2018\/12\/IH2-1-1024x627.jpg 1024w, http:\/\/www.impactohuasteco.com\/wp-content\/uploads\/2018\/12\/IH2-1-400x245.jpg 400w, http:\/\/www.impactohuasteco.com\/wp-content\/uploads\/2018\/12\/IH2-1-980x600.jpg 980w, http:\/\/www.impactohuasteco.com\/wp-content\/uploads\/2018\/12\/IH2-1.jpg 1500w\" sizes=\"(max-width: 240px) 100vw, 240px\" \/><\/a><p id=\"caption-attachment-2456\" class=\"wp-caption-text\">Da clic en la imagen apara ampliarla.<\/p><\/div>\n<p style=\"text-align: justify;\">\u201cNo es la \u00fanica obra que estamos iniciando, son varias, y nuestra prioridad viene siendo la educaci\u00f3n, en breve podr\u00e1n disfrutar de las instalaciones de un nuevo y moderno comedor escolar\u201d, asegur\u00f3 el alcalde.<\/p>\n<p style=\"text-align: justify;\">El jefe edilicio detall\u00f3 que su gobierno fij\u00f3 su postura y prioridad, en primera instancia, a la construcci\u00f3n de un comedor escolar, por lo que una vez construido e inaugurado, \u00e9ste brindar\u00e1 atenci\u00f3n a las y los alumnos de esta instituci\u00f3n educativa.<\/p>\n","protected":false},"excerpt":{"rendered":"<p>Ixcatepec, Ver.- A mediados de la semana pasada, el alcalde David Guzm\u00e1n Mart\u00ednez se dio cita en la escuela Primaria Encarnaci\u00f3n Olivares para dar el banderazo de inicio a la construcci\u00f3n de un moderno comedor escolar. Dicha infraestructura permitir\u00e1 brindar atenci\u00f3n a las y los alumnos de esta importante instituci\u00f3n educativa, para lo cual el gobierno municipal invertir\u00e1 un importante recurso para su edificaci\u00f3n. \u201cNo es la \u00fanica obra que estamos iniciando, son varias, y nuestra prioridad viene siendo la educaci\u00f3n, en breve podr\u00e1n disfrutar de las instalaciones de un nuevo y moderno comedor escolar\u201d, asegur\u00f3 el alcalde. El jefe [&hellip;]<\/p>\n","protected":false},"author":1,"featured_media":2455,"comment_status":"open","ping_status":"open","sticky":false,"template":"","format":"standard","meta":[],"categories":[11],"tags":[],"_links":{"self":[{"href":"http:\/\/www.impactohuasteco.com\/index.php?rest_route=\/wp\/v2\/posts\/2454"}],"collection":[{"href":"http:\/\/www.impactohuasteco.com\/index.php?rest_route=\/wp\/v2\/posts"}],"about":[{"href":"http:\/\/www.impactohuasteco.com\/index.php?rest_route=\/wp\/v2\/types\/post"}],"author":[{"embeddable":true,"href":"http:\/\/www.impactohuasteco.com\/index.php?rest_route=\/wp\/v2\/users\/1"}],"replies":[{"embeddable":true,"href":"http:\/\/www.impactohuasteco.com\/index.php?rest_route=%2Fwp%2Fv2%2Fcomments&post=2454"}],"version-history":[{"count":1,"href":"http:\/\/www.impactohuasteco.com\/index.php?rest_route=\/wp\/v2\/posts\/2454\/revisions"}],"predecessor-version":[{"id":2457,"href":"http:\/\/www.impactohuasteco.com\/index.php?rest_route=\/wp\/v2\/posts\/2454\/revisions\/2457"}],"wp:featuredmedia":[{"embeddable":true,"href":"http:\/\/www.impactohuasteco.com\/index.php?rest_route=\/wp\/v2\/media\/2455"}],"wp:attachment":[{"href":"http:\/\/www.impactohuasteco.com\/index.php?rest_route=%2Fwp%2Fv2%2Fmedia&parent=2454"}],"wp:term":[{"taxonomy":"category","embeddable":true,"href":"http:\/\/www.impactohuasteco.com\/index.php?rest_route=%2Fwp%2Fv2%2Fcategories&post=2454"},{"taxonomy":"post_tag","embeddable":true,"href":"http:\/\/www.impactohuasteco.com\/index.php?rest_route=%2Fwp%2Fv2%2Ftags&post=2454"}],"curies":[{"name":"wp","href":"https:\/\/api.w.org\/{rel}","templated":true}]}}