{"id":2583,"date":"2020-05-08T04:15:14","date_gmt":"2020-05-08T04:15:14","guid":{"rendered":"http:\/\/www.impactohuasteco.com\/?p=2583"},"modified":"2020-05-08T04:18:08","modified_gmt":"2020-05-08T04:18:08","slug":"se-manifiestan-docentes-para-exigir-concluyan-tramites-para-la-obtencion-de-sus-plazas","status":"publish","type":"post","link":"http:\/\/www.impactohuasteco.com\/?p=2583","title":{"rendered":"SE MANIFIESTAN DOCENTES PARA EXIGIR CONCLUYAN TR\u00c1MITES PARA LA OBTENCI\u00d3N DE SUS PLAZAS"},"content":{"rendered":"<div id=\"attachment_2584\" style=\"width: 310px\" class=\"wp-caption alignleft\"><a href=\"http:\/\/www.impactohuasteco.com\/wp-content\/uploads\/2020\/05\/impacto4.jpg\"><img aria-describedby=\"caption-attachment-2584\" loading=\"lazy\" class=\"wp-image-2584 size-medium\" src=\"http:\/\/www.impactohuasteco.com\/wp-content\/uploads\/2020\/05\/impacto4-300x211.jpg\" alt=\"\" width=\"300\" height=\"211\" srcset=\"http:\/\/www.impactohuasteco.com\/wp-content\/uploads\/2020\/05\/impacto4-300x211.jpg 300w, http:\/\/www.impactohuasteco.com\/wp-content\/uploads\/2020\/05\/impacto4-768x540.jpg 768w, http:\/\/www.impactohuasteco.com\/wp-content\/uploads\/2020\/05\/impacto4-400x281.jpg 400w, http:\/\/www.impactohuasteco.com\/wp-content\/uploads\/2020\/05\/impacto4.jpg 804w\" sizes=\"(max-width: 300px) 100vw, 300px\" \/><\/a><p id=\"caption-attachment-2584\" class=\"wp-caption-text\">Por el Covid 19, m\u00e1s de 500 maestros enfrentan este problema y no hay avances.<\/p><\/div>\n<p><strong>\u00a0<\/strong><\/p>\n<p>Irineo P\u00e9rez Melo. 07 de Mayo del 2020. En protesta porque la Secretar\u00eda de Educaci\u00f3n de Veracruz (SEV) suspendi\u00f3 el tr\u00e1mite de cambios de adscripci\u00f3n, movimientos de personas y promociones, docentes de diversas partes de la entidad se manifestaron frente a palacio de gobierno, solicitando al gobernador Cuitl\u00e1huac Garc\u00eda Jim\u00e9nez su intervenci\u00f3n para resolver este problema.<\/p>\n<p>A decir de Carmelo Chelius Salvador, coordinador del Programa de Solicitud y Respuestas de Plazas, expres\u00f3 que en las negociaciones que se han tenido con las autoridades correspondientes,\u00a0\u00a0se les ha argumentado que el problema no se ha resuelto por la contingencia sanitaria que se padece, lo cual es entendible.<\/p>\n<p>Sin embargo, dijo que lo que se est\u00e1 demandando por parte de los profesores, que adem\u00e1s de ser personas que ense\u00f1an a leer y escribir a los alumnos, tambi\u00e9n son padres de familia y como tal tienen que llevar el sustento diario a sus familias, y que invirtieron para costear el examen respectivo para lograr el beneficio demandado.<\/p>\n<p>De entrada, indic\u00f3 que m\u00e1s de 500 maestros pretend\u00edan manifestarse en la Plaza Sebasti\u00e1n Lerdo de Tejada, pero se acord\u00f3 integrar una comisi\u00f3n para dialogar con funcionarios del gobierno estatal y buscar los mejores mecanismos para solucionar el problema que enfrentan.<\/p>\n<p>Mostrando el documento que entregar\u00edan al Gobernador del Estado, para tener un respaldo ante la SEV y se inicien los tr\u00e1mites detenidos, toda vez que por la situaci\u00f3n de la emergencia sanitaria no se pudo avanzar, de la cual no se culpa a nadie en particular, por lo que se busca se d\u00e9 seguimiento.<\/p>\n<p>La demanda central es que los maestros presentaron el examen de selecci\u00f3n para obtener una plaza y el tr\u00e1mite qued\u00f3 suspendido por la presencia del Covid 19, en la cual est\u00e1n inmersos m\u00e1s de 500 profesores, por lo que advirtieron que de no tener una respuesta positiva, se radicalizar\u00e1n las medidas para que les den soluci\u00f3n a su problema.<\/p>\n","protected":false},"excerpt":{"rendered":"<p>\u00a0 Irineo P\u00e9rez Melo. 07 de Mayo del 2020. En protesta porque la Secretar\u00eda de Educaci\u00f3n de Veracruz (SEV) suspendi\u00f3 el tr\u00e1mite de cambios de adscripci\u00f3n, movimientos de personas y promociones, docentes de diversas partes de la entidad se manifestaron frente a palacio de gobierno, solicitando al gobernador Cuitl\u00e1huac Garc\u00eda Jim\u00e9nez su intervenci\u00f3n para resolver este problema. A decir de Carmelo Chelius Salvador, coordinador del Programa de Solicitud y Respuestas de Plazas, expres\u00f3 que en las negociaciones que se han tenido con las autoridades correspondientes,\u00a0\u00a0se les ha argumentado que el problema no se ha resuelto por la contingencia sanitaria que [&hellip;]<\/p>\n","protected":false},"author":1,"featured_media":2584,"comment_status":"open","ping_status":"open","sticky":false,"template":"","format":"standard","meta":[],"categories":[11],"tags":[],"_links":{"self":[{"href":"http:\/\/www.impactohuasteco.com\/index.php?rest_route=\/wp\/v2\/posts\/2583"}],"collection":[{"href":"http:\/\/www.impactohuasteco.com\/index.php?rest_route=\/wp\/v2\/posts"}],"about":[{"href":"http:\/\/www.impactohuasteco.com\/index.php?rest_route=\/wp\/v2\/types\/post"}],"author":[{"embeddable":true,"href":"http:\/\/www.impactohuasteco.com\/index.php?rest_route=\/wp\/v2\/users\/1"}],"replies":[{"embeddable":true,"href":"http:\/\/www.impactohuasteco.com\/index.php?rest_route=%2Fwp%2Fv2%2Fcomments&post=2583"}],"version-history":[{"count":2,"href":"http:\/\/www.impactohuasteco.com\/index.php?rest_route=\/wp\/v2\/posts\/2583\/revisions"}],"predecessor-version":[{"id":2586,"href":"http:\/\/www.impactohuasteco.com\/index.php?rest_route=\/wp\/v2\/posts\/2583\/revisions\/2586"}],"wp:featuredmedia":[{"embeddable":true,"href":"http:\/\/www.impactohuasteco.com\/index.php?rest_route=\/wp\/v2\/media\/2584"}],"wp:attachment":[{"href":"http:\/\/www.impactohuasteco.com\/index.php?rest_route=%2Fwp%2Fv2%2Fmedia&parent=2583"}],"wp:term":[{"taxonomy":"category","embeddable":true,"href":"http:\/\/www.impactohuasteco.com\/index.php?rest_route=%2Fwp%2Fv2%2Fcategories&post=2583"},{"taxonomy":"post_tag","embeddable":true,"href":"http:\/\/www.impactohuasteco.com\/index.php?rest_route=%2Fwp%2Fv2%2Ftags&post=2583"}],"curies":[{"name":"wp","href":"https:\/\/api.w.org\/{rel}","templated":true}]}}