{"id":2736,"date":"2020-05-14T02:56:07","date_gmt":"2020-05-14T02:56:07","guid":{"rendered":"http:\/\/www.impactohuasteco.com\/?p=2736"},"modified":"2020-05-15T19:20:44","modified_gmt":"2020-05-15T19:20:44","slug":"discapacitados-auditivos-y-de-voz-demandan-al-gobierno-estatal-su-inclusion-a-los-programas-de-apoyo-por-el-covid-19","status":"publish","type":"post","link":"http:\/\/www.impactohuasteco.com\/?p=2736","title":{"rendered":"Discapacitados auditivos y de voz demandan al gobierno estatal su inclusi\u00f3n a los programas de apoyo por el covid 19"},"content":{"rendered":"<p>\u2022 Muchos est\u00e1n desempleados y est\u00e1n desesperados al no contar con recursos para el sostenimiento de sus familias.<\/p>\n<p>Irineo P\u00e9rez Melo. 13 de Mayo del 2020. Personas con discapacidad auditiva y de voz se manifestaron en la entrada principal de palacio de gobierno, para demandar apoyos del gobierno estatal pues quedaron fuera de los programas gubernamentales y muchos de ellos se quedaron sin recursos al suspenderse las actividades laborales que ven\u00eda desarrollando a fin de no contagiarse con el Covid 19.<\/p>\n<p>Apoyados con un int\u00e9rprete de se\u00f1as, los manifestantes discapacitados explicaron que por su discapacidad y la falta de trabajo en la que se encuentran, tanto ellos como sus familias se encuentran desempleados al ser despedidos de sus empleos, se encuentran desesperados al no contar con recursos para comprar alimentos y cubrir los servicios p\u00fablicos.<\/p>\n<p><a href=\"http:\/\/www.impactohuasteco.com\/wp-content\/uploads\/2020\/05\/WhatsApp-Image-2020-05-13-at-8.35.16-PM.jpeg\"><img loading=\"lazy\" class=\"alignleft size-medium wp-image-2739\" src=\"http:\/\/www.impactohuasteco.com\/wp-content\/uploads\/2020\/05\/WhatsApp-Image-2020-05-13-at-8.35.16-PM-300x183.jpeg\" alt=\"\" width=\"300\" height=\"183\" srcset=\"http:\/\/www.impactohuasteco.com\/wp-content\/uploads\/2020\/05\/WhatsApp-Image-2020-05-13-at-8.35.16-PM-300x183.jpeg 300w, http:\/\/www.impactohuasteco.com\/wp-content\/uploads\/2020\/05\/WhatsApp-Image-2020-05-13-at-8.35.16-PM-768x468.jpeg 768w, http:\/\/www.impactohuasteco.com\/wp-content\/uploads\/2020\/05\/WhatsApp-Image-2020-05-13-at-8.35.16-PM-660x400.jpeg 660w, http:\/\/www.impactohuasteco.com\/wp-content\/uploads\/2020\/05\/WhatsApp-Image-2020-05-13-at-8.35.16-PM-400x244.jpeg 400w, http:\/\/www.impactohuasteco.com\/wp-content\/uploads\/2020\/05\/WhatsApp-Image-2020-05-13-at-8.35.16-PM.jpeg 927w\" sizes=\"(max-width: 300px) 100vw, 300px\" \/><\/a>Por su condici\u00f3n f\u00edsica, indicaron a trav\u00e9s de se\u00f1as, enfrentan continuamente problemas de salud y batallan para ser empleados o vender sus productos, aquellos que se dedican al comercio informal.<\/p>\n<p>Ahora con la presencia de la pandemia, su situaci\u00f3n se les agrav\u00f3 porque muchos de ellos viven en la incertidumbre, pues perdieron algunos sus empleos, otros est\u00e1n a punto de perderlo y no saben que pasar\u00e1.<\/p>\n<p>&nbsp;<\/p>\n\n<p>&nbsp;<\/p>\n<p>\u201cPor eso necesitamos ayuda del gobierno estatal, ya que la situaci\u00f3n econ\u00f3mica que viven es devastadora y ya no tienen recursos para solventar el confinamiento que ha tra\u00eddo consigo el coronavirus desde hace dos meses\u201d, a\u00f1adieron.<\/p>\n<p>Escasa e inadecuada informaci\u00f3n sobre el Covid 19 para este sector<\/p>\n<p>Por otro lado, los manifestantes lamentaron la poca informaci\u00f3n que se les ha hecho llegar en torno a la pandemia y criticaron que la que les ha llegado no es la adecuada, ya que por su discapacidad auditiva no pueden escuchar las videograbaciones que se han difundido.<\/p>\n<p>\u201cNo nos han atendido y la verdad no creemos que nos atiendan. La informaci\u00f3n del Sector Salud tampoco ha sido la pertinente. Es muy dif\u00edcil la situaci\u00f3n en el aspecto laboral porque lo que perciben es poco y se va r\u00e1pido en alimentos y medicinas\u201d, puntualizaron a trav\u00e9s de se\u00f1as que el int\u00e9rprete traduc\u00eda a los reporteros.<\/p>\n<p>De igual manera, criticaron por \u00faltimo, que el programa escolar \u201cAprende en Casa\u201d, a trav\u00e9s de medios virtuales, no es el id\u00f3neo para este sector, ya que es \u00fanicamente oral y los docentes no est\u00e1n preparados para dirigirse a la comunidad que tiene problemas de audici\u00f3n, lo cual no es un problema que se presenta en la contingencia, sino que se tiene desde hace mucho tiempo.<\/p>\n","protected":false},"excerpt":{"rendered":"<p>\u2022 Muchos est\u00e1n desempleados y est\u00e1n desesperados al no contar con recursos para el sostenimiento de sus familias. Irineo P\u00e9rez Melo. 13 de Mayo del 2020. Personas con discapacidad auditiva y de voz se manifestaron en la entrada principal de palacio de gobierno, para demandar apoyos del gobierno estatal pues quedaron fuera de los programas gubernamentales y muchos de ellos se quedaron sin recursos al suspenderse las actividades laborales que ven\u00eda desarrollando a fin de no contagiarse con el Covid 19. Apoyados con un int\u00e9rprete de se\u00f1as, los manifestantes discapacitados explicaron que por su discapacidad y la falta de trabajo [&hellip;]<\/p>\n","protected":false},"author":1,"featured_media":2737,"comment_status":"open","ping_status":"open","sticky":false,"template":"","format":"standard","meta":[],"categories":[11],"tags":[],"_links":{"self":[{"href":"http:\/\/www.impactohuasteco.com\/index.php?rest_route=\/wp\/v2\/posts\/2736"}],"collection":[{"href":"http:\/\/www.impactohuasteco.com\/index.php?rest_route=\/wp\/v2\/posts"}],"about":[{"href":"http:\/\/www.impactohuasteco.com\/index.php?rest_route=\/wp\/v2\/types\/post"}],"author":[{"embeddable":true,"href":"http:\/\/www.impactohuasteco.com\/index.php?rest_route=\/wp\/v2\/users\/1"}],"replies":[{"embeddable":true,"href":"http:\/\/www.impactohuasteco.com\/index.php?rest_route=%2Fwp%2Fv2%2Fcomments&post=2736"}],"version-history":[{"count":6,"href":"http:\/\/www.impactohuasteco.com\/index.php?rest_route=\/wp\/v2\/posts\/2736\/revisions"}],"predecessor-version":[{"id":2768,"href":"http:\/\/www.impactohuasteco.com\/index.php?rest_route=\/wp\/v2\/posts\/2736\/revisions\/2768"}],"wp:featuredmedia":[{"embeddable":true,"href":"http:\/\/www.impactohuasteco.com\/index.php?rest_route=\/wp\/v2\/media\/2737"}],"wp:attachment":[{"href":"http:\/\/www.impactohuasteco.com\/index.php?rest_route=%2Fwp%2Fv2%2Fmedia&parent=2736"}],"wp:term":[{"taxonomy":"category","embeddable":true,"href":"http:\/\/www.impactohuasteco.com\/index.php?rest_route=%2Fwp%2Fv2%2Fcategories&post=2736"},{"taxonomy":"post_tag","embeddable":true,"href":"http:\/\/www.impactohuasteco.com\/index.php?rest_route=%2Fwp%2Fv2%2Ftags&post=2736"}],"curies":[{"name":"wp","href":"https:\/\/api.w.org\/{rel}","templated":true}]}}